{"id":27146,"date":"2018-02-11T22:03:13","date_gmt":"2018-02-11T19:03:13","guid":{"rendered":"http:\/\/www.bghaber.org\/bghaber\/?p=27146"},"modified":"2018-02-12T20:08:38","modified_gmt":"2018-02-12T17:08:38","slug":"bulgaristanda-hukumet-catladi","status":"publish","type":"post","link":"https:\/\/www.bghaber.org\/bghaber\/bulgaristanda-hukumet-catladi\/","title":{"rendered":"Bulgaristan&#8217;da H\u00fckumet \u00c7atlad\u0131"},"content":{"rendered":"<p>Rafet ULUT\u00dcRK<\/p>\n<p>Tarih 11 \u015eubat 2018<\/p>\n<p>Konu:\u00a0 <strong>Sofya\u2019n\u0131n Avrupa fa\u015fizmine\u00a0 ba\u015fkenti olmas\u0131na izin verilemez.<\/strong><\/p>\n<p><strong>Her \u00fclkenin siyaset ortam\u0131nda a\u015f\u0131lmas\u0131 yasak k\u0131rm\u0131z\u0131 \u00e7izgiler vard\u0131r. Bu k\u0131rm\u0131z\u0131 \u00e7izgi, akt\u00fcel siyasete ayar ve \u00f6l\u00e7\u00fcd\u00fcr. Ayar bozulunca siyasi y\u00f6n de de\u011fi\u015fir. <\/strong><\/p>\n<p>Bulgaristan\u2019da bu \u00e7izgi demokrasi ile fa\u015fizm aras\u0131ndan ge\u00e7er.\u00a0 Ge\u00e7mi\u015fte \u201c<strong>Lukov hareketi\u201d <\/strong>eylemlerinde kendini belli etmi\u015ftir. Bizde, <strong>\u00a0<\/strong>70 y\u0131l yasak olan bu hareketin \u015fimdi nas\u0131l canland\u0131\u011f\u0131na bir g\u00f6z atal\u0131m.<\/p><div id=\"bghab-3701278401\" class=\"bghab-icerik-icine bghab-entity-placement\"><script async src=\"\/\/pagead2.googlesyndication.com\/pagead\/js\/adsbygoogle.js?client=ca-pub-6203283170189293\" crossorigin=\"anonymous\"><\/script><ins class=\"adsbygoogle\" style=\"display:block; text-align:center;\" data-ad-client=\"ca-pub-6203283170189293\" \ndata-ad-slot=\"7303146466\" \ndata-ad-layout=\"in-article\"\ndata-ad-format=\"fluid\" data-full-width-responsive=\"true\"><\/ins>\n<script> \n(adsbygoogle = window.adsbygoogle || []).push({}); \n<\/script>\n<\/div>\n<p>Lukov, bir fa\u015fist Bulgar generalidir. \u00c7ar III. Boris h\u00fckumetlerinde Harp Bakan\u0131 olmu\u015f,\u00a0 ordular\u0131 Alman silahlar\u0131yla donat\u0131p, Stalingrad cephesine g\u00f6nderme hevesiyle \u00fcn yapm\u0131\u015ft\u0131r. Bu, Bulgar devletini yok edecek bir sava\u015f k\u0131\u015fk\u0131rt\u0131c\u0131l\u0131\u011f\u0131d\u0131r. 1944\u2019ten sonra bu fa\u015fist hortlama kesinlikle yasaklanm\u0131\u015ft\u0131. Sava\u015ftan sonra Halk Mahkemesinde idam cezas\u0131 alm\u0131\u015ft\u0131r.<\/p>\n<p><strong>Bu konu biz Bulgaristanl\u0131 T\u00fcrkler i\u00e7in can al\u0131c\u0131 sorun ba\u015f\u0131nda gelir.<\/strong><\/p>\n<p>Biz, General Lukov\u2019un bir sava\u015f su\u00e7lusu ve fa\u015fist olarak idam edilmesine tepkili de\u011filiz. Biz, onun tezlerinin bug\u00fcn canland\u0131r\u0131larak siyaset belirlemesine kar\u015f\u0131y\u0131z. <strong>\u201cLukov hareketi\u201d<\/strong> ad\u0131 alt\u0131nda 21. y\u00fczy\u0131lda Bulgaristan\u2019da fa\u015fizm\u00a0 ba\u015f g\u00f6sterdi. \u015eekli \u015fudur: \u201cyurtsever\u201d maskeli a\u015f\u0131r\u0131 sa\u011f milliyet\u00e7i-\u0131rk\u00e7\u0131 fa\u015fistli\u011fi.<\/p>\n<p>Bundan 75 y\u0131l \u00f6nce, 1943\u2019te, Ege Trakya\u2019s\u0131, Vardan boyu ve Pirot \u015fehrinden 11\u00a0343 Yahudi vatanda\u015f ve ayn\u0131 b\u00f6lgelerden 5 binden fazla \u00c7ingene vatanda\u015f Sofya idaresi emriyle tutuklan\u0131p \u201c<strong>Treplinka<\/strong>\u201d \u00f6l\u00fcm kamp\u0131na g\u00f6nderildi. O zaman bu i\u015fi Bulgar ordusu yapt\u0131 ve Harp Bakan\u0131 General Lukov\u2019tu.<\/p>\n<p><strong>Bu d\u00fc\u015fmanl\u0131k zihniyeti bize kar\u015f\u0131 \u015f\u00f6yle sald\u0131rd\u0131.<\/strong><\/p><div id=\"bghab-1039027047\" class=\"bghab-icerik-icine-10-paragraf bghab-entity-placement\"><script async src=\"\/\/pagead2.googlesyndication.com\/pagead\/js\/adsbygoogle.js?client=ca-pub-6203283170189293\" crossorigin=\"anonymous\"><\/script><ins class=\"adsbygoogle\" style=\"display:block; text-align:center;\" data-ad-client=\"ca-pub-6203283170189293\" \ndata-ad-slot=\"7303146466\" \ndata-ad-layout=\"in-article\"\ndata-ad-format=\"fluid\" data-full-width-responsive=\"true\"><\/ins>\n<script> \n(adsbygoogle = window.adsbygoogle || []).push({}); \n<\/script>\n<\/div>\n<p>1913\u2019te, 1934\u20131944 y\u0131llar\u0131 aras\u0131nda 1964\u2019te M\u00fcsl\u00fcman-Pomak karde\u015flerimizin isim ve dinlerini de\u011fi\u015ftirmeye yeltendi. Sert sald\u0131r\u0131larda bulundu. Kurbanlar ald\u0131. 1972\u2019de isim ve kimlik de\u011fi\u015ftirme\u00a0 zul\u00fcmleri ger\u00e7ekle\u015ftirdi. \u00c7ok karde\u015fimiz \u00f6ld\u00fcr\u00fcld\u00fc. Sakatland\u0131. S\u00fcrg\u00fcne g\u00f6nderildi. Bir\u00e7o\u011fu 20\u201330 y\u0131l i\u00e7eride kald\u0131. Bizi M\u00fcsl\u00fcman T\u00fcrkler olarak asimile ederek yok etmeye \u00e7al\u0131\u015ft\u0131.<\/p>\n<p><strong>1984\u20131989 s\u00f6z\u00fcm ona <em>\u201csoya d\u00f6n\u00fc\u015f s\u00fcreci\u201d<\/em> de ayn\u0131 zihniyetin icad\u0131d\u0131r.<\/strong><\/p>\n<p>T\u00fcrk, M\u00fcsl\u00fcman ve \u0130slam d\u00fc\u015fmanl\u0131\u011f\u0131 konusunda Bulgar fa\u015fistleri ile kom\u00fcnistler ruhsal ve eylemsel birlik kurmu\u015flard\u0131r. Fa\u015fistlerin bitiremedi\u011fini kom\u00fcnistler devam ettirmi\u015ftir.<\/p>\n<p>III. Bulgar devletinin 140 y\u0131ll\u0131k yeni tarihi T\u00fcrk ve M\u00fcsl\u00fcman d\u00fc\u015fmanl\u0131\u011f\u0131ndan devaml\u0131 g\u00fc\u00e7 alm\u0131\u015ft\u0131r. 1950, 1968-69, 1970-72 ve 1989\u2019da g\u00f6\u00e7e zorlanmam\u0131z fa\u015fist-kom\u00fcnist zihniyetin \u00fcr\u00fcn\u00fcd\u00fcr. Bulgar Cumhurba\u015fkan\u0131 Jel\u00fc Jelev <strong>\u201cFa\u015fizm\u201d<\/strong> eserinde bu ger\u00e7e\u011fi ortaya koymu\u015ftur.<\/p>\n<p>\u0130simlerimiz de\u011fi\u015ftirilirken bir tek Bulgar kalk\u0131p da bizden yana \u00e7\u0131ksayd\u0131, fa\u015fistlerle kom\u00fcnistlerin bir ak\u0131lda oldu\u011funa inanmazd\u0131m. Onlar\u0131 fa\u015fist ve kom\u00fcnist olanlar\u0131 ikiye par\u00e7alayan biz olduk. Bug\u00fcn kendi aralar\u0131nda birbirine d\u00fc\u015fm\u00fc\u015f durumdad\u0131rlar.<\/p><div id=\"bghab-2347322947\" class=\"bghab-icerik-icine-15-paragraf bghab-entity-placement\"><script async src=\"\/\/pagead2.googlesyndication.com\/pagead\/js\/adsbygoogle.js?client=ca-pub-6203283170189293\" crossorigin=\"anonymous\"><\/script><ins class=\"adsbygoogle\" style=\"display:block; text-align:center;\" data-ad-client=\"ca-pub-6203283170189293\" \ndata-ad-slot=\"7303146466\" \ndata-ad-layout=\"in-article\"\ndata-ad-format=\"fluid\" data-full-width-responsive=\"true\"><\/ins>\n<script> \n(adsbygoogle = window.adsbygoogle || []).push({}); \n<\/script>\n<\/div>\n<p><b>Bu konuyu i\u015flememin nedeni ise, \u201cLukov Hareketi\u201d nin \u00f6n\u00fcm\u00fczdeki g\u00fcnlerde Sofya\u2019da b\u00fcy\u00fck g\u00f6sterilere haz\u0131rl\u0131k yapmas\u0131d\u0131r. G\u00fcn\u00fcm\u00fczde bu g\u00fcc\u00fcn ard\u0131nda duranlar kimdir? \u00d6nemli olan sokaktakileri\u00a0de\u011fil arkadakileri g\u00f6rebilmek gerek&#8230;<\/b><\/p>\n<p>Y\u00fczlerine \u201c<strong>yurtsever<\/strong>\u201d, \u201c<strong>vatansever<\/strong>\u201d maskesi tak\u0131p, bir Nazi-Lukov slogan\u0131 olan \u201c<strong>Bulgaristan Her \u015eeyin \u00dcst\u00fcnde<\/strong>!\u201d (Nalgaria nad vsi\u00e7ko)\u00a0 slogan\u0131yla g\u00f6steri, toplant\u0131 ve miting yapanlar Bulgar fa\u015fistlerinin ta kendisidir.<\/p>\n<p>\u201c<strong>Patriyor<\/strong>\u201d Latince k\u00f6kenli bir Frans\u0131zca s\u00f6zd\u00fcr. Fa\u015fistler onu ger\u00e7ek niyetlerini gizlemek amac\u0131yla kullan\u0131yor. Bunu g\u00f6ren Avrupa Konseyi, 2016 y\u0131l\u0131nda\u00a0 <strong>\u201cAtaka\u201d, VMRO ve \u201cBulgaristan&#8217;\u0131 Kurtarma Cephesi\u201d<\/strong> adl\u0131 partilerin \u00fc\u00e7\u00fcne de \u201c<strong>fa\u015fist\u201d<\/strong> dedi. \u015eunu hemen belirtelim ki, ayn\u0131 Avrupa Konseyi (AK) 2018 d\u00f6nem toplant\u0131lar\u0131n\u0131 Sofya\u2019da yap\u0131yor. Fa\u015fist g\u00fc\u00e7ler de, ona kar\u015f\u0131 ba\u015fkentimizde b\u00fcy\u00fck g\u00f6steri haz\u0131rl\u0131klar\u0131 yap\u0131yorlar.<\/p>\n<p><strong>Bulgar fa\u015fizmi nas\u0131l ye\u015ferdi ve ba\u015fkald\u0131rd\u0131?<\/strong><\/p>\n<p><strong><em>Bu soruyu \u015f\u00f6yle de sorabiliriz. Bulgar fa\u015fistlerin \u00fczerindeki ta\u015f\u0131 kald\u0131r\u0131p g\u00fcne\u015f g\u00f6rmelerini kim sa\u011flad\u0131. \u00d6nce ona bakal\u0131m. <\/em><\/strong><\/p><div id=\"bghab-3403598756\" class=\"bghab-icerik-icine-20-paragraf bghab-entity-placement\"><script async src=\"\/\/pagead2.googlesyndication.com\/pagead\/js\/adsbygoogle.js?client=ca-pub-6203283170189293\" crossorigin=\"anonymous\"><\/script><ins class=\"adsbygoogle\" style=\"display:block; text-align:center;\" data-ad-client=\"ca-pub-6203283170189293\" \ndata-ad-slot=\"7303146466\" \ndata-ad-layout=\"in-article\"\ndata-ad-format=\"fluid\" data-full-width-responsive=\"true\"><\/ins>\n<script> \n(adsbygoogle = window.adsbygoogle || []).push({}); \n<\/script>\n<\/div>\n<p>Rusya\u2019n\u0131n d\u0131\u015f \u00fclkelerdeki gizli servisi (KGB) 2 u\u00e7ak bileti alarak Hak ve \u00d6zg\u00fcrl\u00fck Hareketi (DPS) Ba\u015fkan\u0131 Ahmet Do\u011fan ile bu partiye \u00e7\u00f6reklenen Bulgar siyasi polisi (DS) ajanlar\u0131ndan Ivan Pal\u00e7ev\u2019i Madrid\u2019de g\u00f6nderdi. Neden?<\/p>\n<p>50 y\u0131l Bulgaristan&#8217;a d\u00f6nemeyen\u00a0 II. Simeyon Sakskoburrgotskiyi\u2019ye \u201c<strong>d\u00f6n, hi\u00e7 bir \u015feyde g\u00f6z\u00fcn kalmas\u0131n, istedi\u011fini al g\u00f6t\u00fcr, hodri meydan<\/strong>\u201d selam\u0131 Madrid\u2019e b\u00f6yle gitti.<\/p>\n<p>II. Simiyon\u2019un 2001\u2019de d\u00f6n\u00fcp Ba\u015fbakan olmas\u0131, Bulgaristan\u2019da \u201c<strong>d\u00f6neklik<\/strong>\u201d devri ba\u015flatt\u0131. \u00c7ar ba\u015fbakan, kom\u00fcnistler para babas\u0131, hak ve \u00f6zg\u00fcrl\u00fck\u00e7\u00fcler de sosyalistlere koltuk de\u011fne\u011fi olmay\u0131 kabul ettiler. Bulgaristan\u2019da \u201c<strong>d\u00f6neklik<\/strong>\u201d (renegat) kanunu yoktur ve kimseye sen neden d\u00f6nd\u00fcn cezas\u0131 kesilmez.\u00a0 Fa\u015fistler de b\u00f6yle d\u00f6nd\u00fc.<\/p>\n<p><strong>1948\u2019de bir halk oylamas\u0131yla \u00fclkeden kovdulan II. Simeyon d\u00f6n\u00fcp ba\u015fbakan olabiliyorsa, babas\u0131n\u0131n d\u00f6neminde dalkavukluk (Lukov) edenler neden sahneye \u00e7\u0131kmas\u0131n?<\/strong><\/p>\n<p><strong>Fa\u015fizmin geri d\u00f6nmesi neden m\u00fcmk\u00fcn olmas\u0131n?<\/strong><\/p><div id=\"bghab-2400425791\" class=\"bghab-icerik-icine-25-paragraf bghab-entity-placement\"><script async src=\"\/\/pagead2.googlesyndication.com\/pagead\/js\/adsbygoogle.js?client=ca-pub-6203283170189293\" crossorigin=\"anonymous\"><\/script><ins class=\"adsbygoogle\" style=\"display:block; text-align:center;\" data-ad-client=\"ca-pub-6203283170189293\" \ndata-ad-slot=\"7303146466\" \ndata-ad-layout=\"in-article\"\ndata-ad-format=\"fluid\" data-full-width-responsive=\"true\"><\/ins>\n<script> \n(adsbygoogle = window.adsbygoogle || []).push({}); \n<\/script>\n<\/div>\n<p>Hatta 1945\u2019te kesin yasaklanan, liderleri idam edilen ve bir \u201c<strong>ter\u00f6r<\/strong>\u201d \u00f6rg\u00fct\u00fc olarak nitelenen \u0130\u00e7 Makedon Devrim \u00d6rg\u00fct\u00fc (VMRO) yeniden canlansa ne olur?<\/p>\n<p>\u0130\u015fte \u015f\u00f6yle b\u00f6yle derken, k\u00fc\u00e7\u00fck ve \u00fcrkek ad\u0131mlar s\u0131kla\u015f\u0131rken 1944 \u00f6ncesi fa\u015fist subay ve ayd\u0131nlar\u0131n \u00e7\u00f6mezleri,\u00a0 2002 \u015eubah\u0131nda fa\u015fist General Lukov\u2019a \u201c<strong>ho\u015fg\u00f6r\u00fcl\u00fc bir yurtsever<\/strong>\u201d k\u0131l\u0131f\u0131 uydurdular. Ba\u015fbakan II. Simeyon olay\u0131 kutlad\u0131. Sofya sokaklar\u0131nda pankart a\u00e7arak dola\u015ft\u0131rarak. \u0130lk Nazi-Lukov g\u00f6sterisini b\u00f6yle yap\u0131ld\u0131. Sosyalist Gen\u00e7lik \u00f6rg\u00fct\u00fc protestoya \u00e7\u0131kt\u0131. Yumruk s\u0131k\u0131ld\u0131. Ald\u0131ran g\u00f6ren olmad\u0131.<\/p>\n<p>16 y\u0131ldan beri geli\u015fen bu i\u011fren\u00e7 hareketlenme \u201c<strong>Ataka<\/strong>\u201d, <strong>VMRO<\/strong> ve \u201c<strong>Bulgaristan\u2019\u0131 Kurtarma Cephesi<\/strong>\u201d \u015feklinde partile\u015fti. \u201c<strong>Yurtsever Cephe<\/strong>\u201d kurdu. \u201c<strong>Bulgaristan her \u015feyin \u00dcst\u00fcnde<\/strong>\u201d Nazici slogan halk meclisinde bile s\u00f6ylendi.<\/p>\n<p><strong>26 Mart 2017 erken genel se\u00e7imlerde \u00fc\u00e7\u00fcnc\u00fc siyasi blok oldular.<\/strong><\/p>\n<p>29 milletvekiliyle meclise girdiler. Az\u0131nl\u0131k h\u00fckumeti kurmaktan korkan GERB partisi lideri Borisov\u2019a yap\u0131\u015ft\u0131lar ve bakan koltuklar\u0131na yerle\u015ftiler.<\/p><div id=\"bghab-3469302734\" class=\"bghab-icerik-icine-30-paragraf bghab-entity-placement\"><script async src=\"\/\/pagead2.googlesyndication.com\/pagead\/js\/adsbygoogle.js?client=ca-pub-6203283170189293\" crossorigin=\"anonymous\"><\/script><ins class=\"adsbygoogle\" style=\"display:block; text-align:center;\" data-ad-client=\"ca-pub-6203283170189293\" \ndata-ad-slot=\"7303146466\" \ndata-ad-layout=\"in-article\"\ndata-ad-format=\"fluid\" data-full-width-responsive=\"true\"><\/ins>\n<script> \n(adsbygoogle = window.adsbygoogle || []).push({}); \n<\/script>\n<\/div>\n<p>Bu a\u015f\u0131r\u0131 sa\u011fc\u0131 milliyet\u00e7i-\u0131rk\u00e7\u0131 fa\u015fistler hareketinin bug\u00fcn 2 TV kanal\u0131 ve bir\u00e7ok bedava da\u011f\u0131t\u0131lan gazetesi var. Bu da yetmezmi\u015f gibi fa\u015fistlerin Avrupa Birli\u011fi parlamentosu milletvekili Angel Cambazki,<strong> \u201cAtaka\u201d<\/strong> partisi lideri Volen Siderov, VMRO lideri ve Savunma Bakan\u0131 Krasimir Karaka\u00e7anov ve g\u00fcya \u201c<strong>Yurtsever Cephe\u201d<\/strong> ba\u015fkan\u0131, Ba\u015fbakan Yard\u0131mc\u0131s\u0131 ve 29 ki\u015filik parlamenter a\u015f\u0131r\u0131 milliyet\u00e7i-\u0131rk\u00e7\u0131 fa\u015fistlik s\u00fcr\u00fcs\u00fc\u00a0 \u00f6teki ulusal TV kanallar\u0131n\u0131 ve meclis k\u00fcrs\u00fcs\u00fcn\u00fc i\u015fgal etmi\u015f durumdad\u0131r. Sofya\u2019da oturumlar\u0131na devam eden Avrupa Konseyi Ba\u015fkanl\u0131\u011f\u0131 Bulgar yeni fa\u015fizmi konusunda hen\u00fcz bir \u00f6zel karar almad\u0131.<\/p>\n<p>Son 11 ay boyunca, ana muhalefet partisi (BSP) ve ikinci muhalefet g\u00fcc\u00fc olan (DPS) a\u015f\u0131r\u0131 sa\u011fc\u0131lar\u0131n h\u00fckumetten \u00e7\u0131kar\u0131lmas\u0131 i\u00e7in ses y\u00fckseltseler de, pek tutmad\u0131. R\u00fc\u015fvet ve doland\u0131r\u0131c\u0131l\u0131k, beceriksizlik ve yalanc\u0131l\u0131k gibi konularda yap\u0131lan oylamalarda GERB partisi 5 milletvekili ve 2 bakan yitirdi. Avrupa Konseyi\u2019nin\u00a0 (AK) \u00f6zel bir kararla \u201c<strong>fa\u015fist<\/strong>\u201d dedi\u011fi g\u00fc\u00e7lere pek dokunan olmad\u0131. DPS Ba\u015fkan\u0131 Mustafa Karaday\u0131\u2019n\u0131n <strong>\u201cfa\u015fistlerin iktidardan s\u00f6k\u00fclmesi\u201d<\/strong> \u00e7a\u011fr\u0131lar\u0131 da hep havada kald\u0131.<\/p>\n<p>8 Ocak 2018\u2019de AK alt\u0131 ayl\u0131k d\u00f6nem y\u00f6netim merkezini Sofya\u2019ya ta\u015f\u0131rken, fa\u015fistlerden ve sertle\u015fen polis bask\u0131s\u0131ndan korkan halk\u0131n duyuramad\u0131\u011f\u0131 konular soka\u011fa akt\u0131. Polisler de mitinge topland\u0131lar. Onlara 100 milyon leva verilince sustular.<\/p>\n<p><strong>Gazeteler, diktat\u00f6rl\u00fc\u011fe gidiyoruz,\u00a0 Ba\u015fbakan Yard\u0131mc\u0131s\u0131 koltu\u011funa oturan bir fa\u015fist, yazd\u0131lar. Duyan olmad\u0131.<\/strong><\/p>\n<p>Bu \u015fah\u0131z, \u00c7ingeneleri getto-mahallelere kapad\u0131\u011f\u0131 ve vatanda\u015fa kanl\u0131 Nazi g\u00f6z\u00fcyle bakmaya ba\u015fland\u0131\u011f\u0131 ortaya \u00e7\u0131kt\u0131. AK toplant\u0131lar\u0131n\u0131n ba\u015flad\u0131\u011f\u0131 g\u00fcn Bulgar polisine yeni cop da\u011f\u0131t\u0131ld\u0131. \u0130htiman \u015fehri getto-mahallesinde 1 g\u00fcnde iki \u00c7ingene \u00f6ld\u00fcr\u00fcld\u00fc.<\/p><div id=\"bghab-2022526451\" class=\"bghab-icerik-icine-35-paragraf bghab-entity-placement\"><script async src=\"\/\/pagead2.googlesyndication.com\/pagead\/js\/adsbygoogle.js?client=ca-pub-6203283170189293\" crossorigin=\"anonymous\"><\/script><ins class=\"adsbygoogle\" style=\"display:block; text-align:center;\" data-ad-client=\"ca-pub-6203283170189293\" \ndata-ad-slot=\"7303146466\" \ndata-ad-layout=\"in-article\"\ndata-ad-format=\"fluid\" data-full-width-responsive=\"true\"><\/ins>\n<script> \n(adsbygoogle = window.adsbygoogle || []).push({}); \n<\/script>\n<\/div>\n<p>\u0130\u015fsizlik, emeklilerin sefilli\u011fi, az\u0131nl\u0131k \u00e7ocuklar\u0131n\u0131n okul d\u0131\u015f\u0131 kalmas\u0131, okula giden \u00e7ocuklar\u0131 zorla Bulgarla\u015ft\u0131rma \u00e7abalar\u0131, ana okullar\u0131ndan ve s\u0131n\u0131f odalar\u0131ndan ta\u015fan dayak, zorlama ve zul\u00fcmden sistemin t\u00f6kezlemesi, sa\u011fl\u0131k hizmetlerinde ise tamamen \u00e7\u00f6kmesi, kamu ihalelerinin fa\u015fist partilerin karanl\u0131k temsilcilerine kayd\u0131r\u0131lmas\u0131 vb vb problemler soka\u011fa d\u00f6k\u00fcld\u00fc. <em><strong>Avrupa\u2019n\u0131n en yoksul \u00fclkesinde \u00e7ok b\u00fcy\u00fck problemler oldu\u011funu g\u00f6rmeyen kalmad\u0131.<\/strong><\/em><\/p>\n<p><strong>H\u00fckumet siyasetinden kaynaklanan r\u00fc\u015fvet ve yolsuzluklara tepki \u201cgensoru\u201d do\u011furdu.<\/strong><\/p>\n<p>Direni\u015fler siyasile\u015fti. Aktifle-\u015fenler g\u00fc\u00e7 toplad\u0131. Sofya sokaklar\u0131nda her g\u00fcn g\u00f6steriler d\u00fczenleniyor. Pirin Da\u011f\u0131nda \u00e7evreyi koruma, Bansko kayak merkezine ikinci teleferik yap\u0131lmas\u0131na izin vermeyi \u00f6nleme, suni karla kayan pistleri i\u015fletilmesine kar\u015f\u0131 ulusal cephe olu\u015ftu. Her g\u00fcn ara\u00e7 kazas\u0131 ya\u015fanan \u201c<strong>Kresna<\/strong>\u201d ana-yolu protestolar\u0131 da \u00e7evreci direni\u015flerinin alan\u0131na al\u0131nd\u0131.<\/p>\n<p>\u00c7ep\u00e7evre sat\u0131l\u0131 \u201c<strong>Milli K\u00fclt\u00fcr Saray\u0131nda<\/strong>\u201d d\u00fczenlenen AK oturumlar\u0131nda bu direni\u015fler hen\u00fcz g\u00fcndeme al\u0131nmasa da, Br\u00fcksel parlamentosuna ta\u015ft\u0131. \u00c7evre komisyonu ba\u015fkan\u0131, Alman Ye\u015filler Partisi milletvekili Bayan Acy Keller Sofya\u2019ya geldi. \u00c7evreyi koruma konusunun en ate\u015fli oldu\u011fu Bansko ve Kresna b\u00f6lgesini ziyaret etti. Halkla g\u00f6r\u00fc\u015ft\u00fc. Do\u011fan\u0131n korumak i\u00e7in ayaklanan yerlilerle kayna\u015ft\u0131. Sofya \u00e7evreci mitinginde Ba\u015fbakan Boyko Borisov ile h\u00fckumetin fa\u015fist ortaklar\u0131na ate\u015f a\u00e7t\u0131. Turizmin geli\u015ftirilmesinden dem vuran GERB h\u00fckumetleri d\u00f6neminde, \u201c<strong>Karadeniz\u2019in de d\u00fcnyan\u0131n en kirli denizi oldu\u011funa<\/strong>\u201d i\u015faret etti.<\/p>\n<p>Fa\u015fist s\u00fcr\u00fcs\u00fcn\u00fcn ba\u015f\u0131 olan Ba\u015fbakan Yard\u0131mc\u0131s\u0131 V. Simyonov, AB meclisinde ye\u015filler milletvekili ve komisyonu ba\u015fkan\u0131 Bayan Keller\u2019den \u201c<b>Bulgaristan&#8217;\u0131\u00a0terk etmesini<\/b>\u201d istedi.\u00a0 AB Milletvekillini Sofya\u2019dan kovma karar\u0131, Bulgar toplumunda b\u00fcy\u00fck tepki uyand\u0131rd\u0131. Sinirini kontrol edemeyen Ba\u015fbakan Yard\u0131mc\u0131s\u0131 V. Simyonov, <strong>k\u0131rm\u0131z\u0131 \u00e7izgiyi a\u015ft\u0131<\/strong>.<\/p><div id=\"bghab-3700548118\" class=\"bghab-icerik-icine-40-paragraf bghab-entity-placement\"><script async src=\"\/\/pagead2.googlesyndication.com\/pagead\/js\/adsbygoogle.js?client=ca-pub-6203283170189293\" crossorigin=\"anonymous\"><\/script><ins class=\"adsbygoogle\" style=\"display:block; text-align:center;\" data-ad-client=\"ca-pub-6203283170189293\" \ndata-ad-slot=\"7303146466\" \ndata-ad-layout=\"in-article\"\ndata-ad-format=\"fluid\" data-full-width-responsive=\"true\"><\/ins>\n<script> \n(adsbygoogle = window.adsbygoogle || []).push({}); \n<\/script>\n<\/div>\n<p>Bulgar meclis ve h\u00fck\u00fcmetleri, \u0130nsan haklar\u0131, Kad\u0131n haklar\u0131, \u00c7ocuk haklar\u0131, \u00c7evre sa\u011fl\u0131\u011f\u0131 ve Az\u0131nl\u0131k haklar\u0131n\u0131n korunmas\u0131 gibi konularda 1953 Birle\u015fmi\u015f Milletler kararlar\u0131ndan, 1985 Helsinki Nihai Senedine ve ard\u0131ndan gelen Paris \u0130nsan Boyutlar\u0131,\u00a0 Manstriyt ve Viyana Az\u0131nl\u0131k Haklar\u0131 \u00c7er\u00e7eve S\u00f6zle\u015fmelerinin t\u00fcm\u00fcn\u00fc imzalam\u0131\u015f, \u015fartl\u0131 onaylam\u0131\u015f ve hepsine \u201c<strong>bu bizde uygulanamaz<\/strong>\u201d gibi bir deklarasyon ekleyerek, hi\u00e7 birini y\u00fcr\u00fcrl\u00fc\u011fe koymam\u0131\u015ft\u0131r.<\/p>\n<p>Bunu bilen Ba\u015fbakan Yard\u0131mc\u0131s\u0131 Simyonov bu al\u0131\u015f\u0131lm\u0131\u015f prati\u011fi \u00e7evreyi koruma konusunda da s\u00fcrd\u00fcrmek istiyordu. \u0130kinci teleferik izninin ard\u0131nda 1, 200\u00a0000\u00a0000 (bir milyar iki y\u00fcz milyon) leva gibi bir para g\u00f6r\u00fcn\u00fcyordu. Onuna g\u00f6re \u00e7evreyi koruma ihalelerinde ondan g\u00fc\u00e7l\u00fc olan yoktu.<\/p>\n<p><strong>Asl\u0131nda bu memleketten bir ayda 500 bin T\u00fcrk kovulmu\u015f ve tek bir bir tek milliyet\u00e7i-\u0131rk\u00e7\u0131 fa\u015fistlerinin burnu kanamam\u0131\u015f, hi\u00e7 birinden hesap sorulmam\u0131\u015ft\u0131. <\/strong><\/p>\n<p>Bir Alman \u00e7evreci Bayan\u2019a \u201c<strong>topla bavulunu ve g\u00f6z\u00fcm g\u00f6rmesin seni<\/strong>\u201d dense ne olurdu?!<\/p>\n<p>O, bir ba\u015fbakan yard\u0131mc\u0131s\u0131yd\u0131 Onun bunun protestosunu dikkate almay\u0131 akl\u0131ndan bile ge\u00e7irmemi\u015fti. Br\u00fcksel meclisinin \u201c<strong>Natura 2000<\/strong>\u201d adl\u0131 belgesini bile takmam\u0131\u015ft\u0131.<\/p><div id=\"bghab-2083773517\" class=\"bghab-icerik-icine-45-paragraf bghab-entity-placement\"><script async src=\"\/\/pagead2.googlesyndication.com\/pagead\/js\/adsbygoogle.js?client=ca-pub-6203283170189293\" crossorigin=\"anonymous\"><\/script><ins class=\"adsbygoogle\" style=\"display:block; text-align:center;\" data-ad-client=\"ca-pub-6203283170189293\" \ndata-ad-slot=\"7303146466\" \ndata-ad-layout=\"in-article\"\ndata-ad-format=\"fluid\" data-full-width-responsive=\"true\"><\/ins>\n<script> \n(adsbygoogle = window.adsbygoogle || []).push({}); \n<\/script>\n<\/div>\n<p>AB parlamentosunda se\u00e7ilmi\u015f bir komisyon ba\u015fkan\u0131n\u0131n Bulgaristan\u2019da \u00e7evreyi koruma suistimallerine tepkisi, fikir ve \u00f6neri beyan etmesi, hatta ele\u015ftirme hakk\u0131n\u0131 yasal olabilirdi, fakat bu onun i\u00e7in ge\u00e7erli say\u0131lmazd\u0131. Sofya, ileti\u015fim ortam\u0131, kamuoyu birka\u00e7 g\u00fcn gergin bir hava ya\u015fad\u0131. Bizde fa\u015fist zihniyetin filizleri b\u00f6yle uzuyordu.<\/p>\n<p>Bu gergin hava 1989 A\u011fustosunda T\u00fcrkler kovulurken ya\u015fansayd\u0131,\u00a0 bug\u00fcn Bulgaristan tamamen de\u011fi\u015fmi\u015f olurdu. Biz o zaman fa\u015fistlerle kom\u00fcnistlerin devlet eliyle ortak sald\u0131r\u0131s\u0131na u\u011fram\u0131\u015ft\u0131k. Onlar\u0131 birbirinden ay\u0131rt edemiyorduk, hepsi d\u00fc\u015fman\u0131m\u0131zd\u0131. T\u00fcrklere kar\u015f\u0131 birle\u015fmi\u015flerdi. Bu bak\u0131ma o zaman bizden yana \u00e7\u0131kan olmamas\u0131 ak\u0131l al\u0131r gibi de\u011fil. Fa\u015fizm ve kom\u00fcnizmin Bulgarlar\u0131n kafas\u0131n\u0131 ger\u00e7ekten zehirle\u015fmi\u015f oldu\u011funa art\u0131k inan\u0131yorum.<\/p>\n<p><strong>Bulgaristan\u2019da \u015fimdiye kadar do\u011fan ideolojilerin ve sald\u0131rgan hareketlenmelerinin hepsi \u201c<em>T\u00fcrklerle<\/em>\u201d yak\u0131n uzak ili\u015fkilidir.<\/strong><\/p>\n<p>Devrim dendi\u011finde, bunlar\u0131n akl\u0131na ilk gelen diyalekti\u011fin 3. yasas\u0131d\u0131r, yani birinin birinden ar\u0131nmas\u0131 gerekti\u011fini d\u00fc\u015f\u00fcn\u00fcrler. \u0130lerici olduklar\u0131n\u0131 g\u00f6sterebilmek i\u00e7in T\u00fcrklerden, Osmanl\u0131dan, \u0130slam\u2019dan ve ona ba\u011fl\u0131 olan her \u015feyden kurtulmak isterler.<\/p>\n<p>Bu \u201c<strong>kurtulu\u015fun<\/strong>\u201d ad\u0131 \u201c<strong>ilerlemedir<\/strong>.\u201d Bulgar&#8217;\u0131n ilerlemesi T\u00fcrk d\u00fc\u015fmanl\u0131\u011f\u0131n\u0131, \u0130slam has\u0131ml\u0131\u011f\u0131n\u0131 bilemek anlam\u0131na gelirdi. <em><strong>\u00c7\u00fcnk\u00fc tarih boyu bildiklerini T\u00fcrklerden bedava \u00f6\u011frenmi\u015fler, zengin olanlarsa T\u00fcrk mallar\u0131na bedava konmu\u015flard\u0131r.<\/strong> <\/em><\/p><div id=\"bghab-1138529509\" class=\"bghab-icerik-icine-50-paragraf bghab-entity-placement\"><script async src=\"\/\/pagead2.googlesyndication.com\/pagead\/js\/adsbygoogle.js?client=ca-pub-6203283170189293\" crossorigin=\"anonymous\"><\/script><ins class=\"adsbygoogle\" style=\"display:block; text-align:center;\" data-ad-client=\"ca-pub-6203283170189293\" \ndata-ad-slot=\"7303146466\" \ndata-ad-layout=\"in-article\"\ndata-ad-format=\"fluid\" data-full-width-responsive=\"true\"><\/ins>\n<script> \n(adsbygoogle = window.adsbygoogle || []).push({}); \n<\/script>\n<\/div>\n<p>D\u00f6rt elle sar\u0131ld\u0131klar\u0131 fa\u015fizmi Almanlardan \u00e7al\u0131p barbarca uygulam\u0131\u015flar, kom\u00fcnizmi ise Ruslardan \u00e7al\u0131p ellerine kollar\u0131na bula\u015ft\u0131rm\u0131\u015flard\u0131r. Kurtulu\u015fun ne Rus\u2019ta ne de Bat\u0131\u2019da oldu\u011funu a\u00e7\u0131k a\u00e7\u0131k g\u00f6rseler de, g\u00fcn\u00fcm\u00fczde T\u00fcrk\u2019le i\u015fbirli\u011fi yapmamak, Araba y\u00fcz g\u00f6stermemek sanki \u201c<strong>yurtseverlik ve ilericiliktir<\/strong>.\u201d<\/p>\n<p>Bayan Keller\u2019in \u201c<strong>ye\u015filler<\/strong>\u201d, \u201c<strong>\u00e7evreciler<\/strong>\u201d mitinglerinde s\u00f6ylediklerini bir T\u00fcrk \u00e7evreci s\u00f6ylese, en az\u0131ndan \u201c<strong>i\u00e7 i\u015flerine kar\u0131\u015fm\u0131\u015f<\/strong>\u201d olurdu. Protesto notalar\u0131 tolu gibi ya\u011fard\u0131&#8230;<\/p>\n<p>Hakl\u0131 isteklerde bulunan halk\u0131 desteklemek, yerlilerin \u00f6n\u00fcnde a\u00e7\u0131klamada bulunmak, konuyu sivil toplum \u00f6rg\u00fctleri ve Bulgaristan h\u00fckumetiyle g\u00f6r\u00fc\u015fmek, \u00e7\u00f6z\u00fcm \u00f6nermek,\u00a0 hatta Br\u00fcksel komisyonlar\u0131na ta\u015f\u0131mak bir AB milletvekilinin g\u00f6revidir. Bu g\u00f6rev, Bulgaristan M\u00fcsl\u00fcmanlar\u0131yla ilgilenen T\u00fcrkiye Cumhuriyetinde bulunan sivil toplum \u00f6rg\u00fctlerinin de g\u00f6revidir. \u0130\u00e7 s\u0131n\u0131rlar\u0131 kalkan topluluklarda, AB devletlerinde bunun tamamen normal kar\u015f\u0131lanmas\u0131 gerekir.<\/p>\n<p>\u0130\u015fte b\u00f6yle bir ortamda, Ba\u015fbakan Yard\u0131mc\u0131s\u0131 V. Simyonov milletvekili Bayan Keller hakk\u0131nda \u201c<strong>susturun, memlekette kovun<\/strong>\u201d\u00a0 emri verdi. Aralar\u0131ndaki s\u0131n\u0131r kontrol\u00fc kalkm\u0131\u015f \u00fclkelerde bir ki\u015finin girip \u00e7\u0131k\u0131\u015f\u0131na yasak konamaz, hele de dokunulmazl\u0131\u011f\u0131 olan bir milletvekili i\u00e7in yasak uygulanamazd\u0131. Simyonov\u2019un karar\u0131 Bulgar toplumunu \u015fok etti.<\/p>\n<p>AB vatanda\u015f\u0131 ve milletvekili dokunulmazl\u0131\u011f\u0131 kurallar\u0131n\u0131n \u00e7i\u011fnendi, k\u0131rm\u0131z\u0131 \u00e7izgiye bas\u0131ld\u0131. Gerginlik ta\u015f\u0131nca h\u00fckumeti toplayan Ba\u015fbakan Borisov \u201c<strong>Ba\u015fbakan Yard\u0131mc\u0131s\u0131 V. Simyonov\u2019un tutumuna kat\u0131lm\u0131yoruz<\/strong>\u201d bildirisi yay\u0131nlad\u0131.<\/p><div id=\"bghab-1868039961\" class=\"bghab-icerik-icine-55-paragraf bghab-entity-placement\"><script async src=\"\/\/pagead2.googlesyndication.com\/pagead\/js\/adsbygoogle.js?client=ca-pub-6203283170189293\" crossorigin=\"anonymous\"><\/script><ins class=\"adsbygoogle\" style=\"display:block; text-align:center;\" data-ad-client=\"ca-pub-6203283170189293\" \ndata-ad-slot=\"7303146466\" \ndata-ad-layout=\"in-article\"\ndata-ad-format=\"fluid\" data-full-width-responsive=\"true\"><\/ins>\n<script> \n(adsbygoogle = window.adsbygoogle || []).push({}); \n<\/script>\n<\/div>\n<p><em><strong>Bu bildirinin tek anlam\u0131 olmal\u0131d\u0131r. Fa\u015fist Valeri\u00a0 Simyonov Ba\u015fbakan Yard\u0131mc\u0131l\u0131\u011f\u0131 ve Bulgaristan Etnik Az\u0131nl\u0131klar ve N\u00fcfus Sorunlar\u0131 Komisyonu Ba\u015fkanl\u0131\u011f\u0131ndan hemen \u00e7ekilmelidir.<\/strong> <\/em><\/p>\n<p>Ne var ki, onun cevab\u0131 \u201c<strong>yeni se\u00e7im<\/strong>\u201d oldu. <strong>H\u00fckumet \u00e7atlad\u0131.<\/strong><\/p>\n<p>Ge\u00e7en hafta Bulgaristan&#8217;\u0131 ziyaret eden Hollanda Ba\u015fbakan\u0131 Ba\u015fbakanla g\u00f6r\u00fc\u015fmesinde \u201c<strong>fa\u015fistlerle ortakl\u0131\u011f\u0131n\u0131z devam ederse \u201cShengen\u201di e\u011firi makarna deli\u011finden g\u00f6r\u00fcrs\u00fcn\u00fcz<\/strong> \u201c dedi.<\/p>\n<p>Valeri Simyonov\u2019un Bakanlar Kurulunda \u00e7ekmelerini bo\u015faltaca\u011f\u0131 haberi yay\u0131l\u0131nca, \u201c<strong>\u00fcst ak\u0131l<\/strong>\u201d yeni bir form\u00fcl aray\u0131\u015f\u0131 ba\u015flatt\u0131. Hemen buldu. GERB partisinden at\u0131lan ve Rusya D\u0131\u015f \u0130\u015fleri Bakanl\u0131\u011f\u0131 s\u00f6zc\u00fcs\u00fc Bayan Zaharieva\u2019ya \u201c<strong>kuru memeli<\/strong>\u201d diyen Prof. Bojidar Dimitrov ile d\u00fczenledi\u011fi referandumu savunamayan,\u00a0 <strong>\u201c\u015foumen\u201d<\/strong> Vlavi Trifinov bir araya getirilerek, GERB i\u00e7in yeni bir koltuk de\u011fne\u011fi haz\u0131rlamaya ba\u015flad\u0131.<\/p>\n<p>\u201c<strong>4 y\u0131l asla ayr\u0131lmayaca\u011f\u0131z<\/strong>\u201d s\u00f6zle\u015fmesi imzalayarak i\u015fba\u015f\u0131na gelen bu a\u015f\u0131r\u0131 sa\u011f milliyet\u00e7i-\u0131rk\u00e7\u0131 fa\u015fist destekli h\u00fckumet birinci y\u0131l\u0131n\u0131 doldurmadan <strong>\u00e7atlad\u0131<\/strong>.<\/p><div id=\"bghab-3325729052\" class=\"bghab-icerik-icine-60-paragraf bghab-entity-placement\"><script async src=\"\/\/pagead2.googlesyndication.com\/pagead\/js\/adsbygoogle.js?client=ca-pub-6203283170189293\" crossorigin=\"anonymous\"><\/script><ins class=\"adsbygoogle\" style=\"display:block; text-align:center;\" data-ad-client=\"ca-pub-6203283170189293\" \ndata-ad-slot=\"7303146466\" \ndata-ad-layout=\"in-article\"\ndata-ad-format=\"fluid\" data-full-width-responsive=\"true\"><\/ins>\n<script> \n(adsbygoogle = window.adsbygoogle || []).push({}); \n<\/script>\n<\/div>\n<p><strong>Nedeni:\u00a0<\/strong>\u00e7evre sa\u011fl\u0131\u011f\u0131n\u0131 koruma, r\u00fc\u015fvetle ba\u015fa \u00e7\u0131kma ve adaletsizlikle m\u00fccadele azmi oldu. \u0130\u015fte b\u00f6yle Bulgaristan, yeniden \u201c<strong>herkes ne hali varsa g\u00f6rs\u00fcn<\/strong>\u201d durumuna ba\u015f kald\u0131rd\u0131. G\u00fcn gibi ortada olan, k\u00f6t\u00fc insanlar\u0131n g\u00fcnahlar\u0131yla y\u00fczle\u015fmek istemeyi\u015fleridir. Amma art\u0131k hi\u00e7 bir \u015fey eskisi gibi olmayaca\u011f\u0131 da a\u00e7\u0131k olarak g\u00f6r\u00fcnmektedir.<\/p>\n<p><strong>Ku\u015fkusuz fa\u015fistler iktidardan kovulma rezilli\u011fini halka anlatmada zorlanacaklar.<\/strong><\/p>\n<p>Bu nedenle t\u00fcm g\u00fc\u00e7lerini seferber ettiler.\u00a0 <strong>\u201cLukov\u201d<\/strong> n\u00fcmayi\u015flerine paralel, 3 Mart 2018 \u015eipka Tepesinde miting haz\u0131rl\u0131yorlar. <strong>\u201c\u015eipka\u201d<\/strong> T\u00fcrk d\u00fc\u015fmanl\u0131\u011f\u0131 demektir. 100\u00a0000 ki\u015fi toplayacaklarm\u0131\u015f. D\u00fc\u015fmanl\u0131k kazanda fa\u015fizm kayn\u0131yor.<\/p>\n<p>AK taraf\u0131ndan \u201c<strong>Fa\u015fist<\/strong>\u201d olarak nitelenen g\u00fc\u00e7ler Sofya h\u00fckumetinden at\u0131lmazsa, <em><strong>AK d\u00f6nem toplant\u0131s\u0131n\u0131 kesip, Bulgaristan&#8217;\u0131 terk etmelidirler.<\/strong> <\/em>Modern demokratik ve liberal siyasetin olmazsa olmaz\u0131 olan k\u0131rm\u0131z\u0131 \u00e7izgiye bas\u0131lm\u0131\u015ft\u0131r.<\/p>\n<p><strong>Maskeli oyun durdurulmal\u0131d\u0131r.<\/strong><\/p><div id=\"bghab-2368598381\" class=\"bghab-icerik-icine-65-paragraf bghab-entity-placement\"><script async src=\"\/\/pagead2.googlesyndication.com\/pagead\/js\/adsbygoogle.js?client=ca-pub-6203283170189293\" crossorigin=\"anonymous\"><\/script><ins class=\"adsbygoogle\" style=\"display:block; text-align:center;\" data-ad-client=\"ca-pub-6203283170189293\" \ndata-ad-slot=\"7303146466\" \ndata-ad-layout=\"in-article\"\ndata-ad-format=\"fluid\" data-full-width-responsive=\"true\"><\/ins>\n<script> \n(adsbygoogle = window.adsbygoogle || []).push({}); \n<\/script>\n<\/div>\n<p>Bulgaristan a\u015f\u0131r\u0131 milliyet\u00e7i-\u0131rk\u00e7\u0131 fa\u015fistlerin Avrupa fa\u015fizmine ba\u015fkent olmas\u0131na yol verilemez, verilmemelidir.<\/p>\n<p>Okudu\u011funuz i\u00e7in te\u015fekk\u00fcrler, t\u00fcm yeni haberlere ula\u015fmak isterseniz&#8230;<\/p>\n<p>Bizi izlemeye devam ediniz.<\/p>\n<div id=\"bghab-428069867\" class=\"bghab-yazi-altinda bghab-entity-placement\"><script async src=\"https:\/\/pagead2.googlesyndication.com\/pagead\/js\/adsbygoogle.js\"><\/script>\r\n<!-- bghaber-yaz\u0131-sonu -->\r\n<ins class=\"adsbygoogle\"\r\n     style=\"display:block\"\r\n     data-ad-client=\"ca-pub-6203283170189293\"\r\n     data-ad-slot=\"4222328180\"\r\n     data-ad-format=\"auto\"\r\n     data-full-width-responsive=\"true\"><\/ins>\r\n<script>\r\n     (adsbygoogle = window.adsbygoogle || []).push({});\r\n<\/script><\/div><br style=\"clear: both; display: block; float: none;\"\/>","protected":false},"excerpt":{"rendered":"<p>Rafet ULUT\u00dcRK Tarih 11 \u015eubat 2018 Konu:\u00a0 Sofya\u2019n\u0131n Avrupa fa\u015fizmine\u00a0 ba\u015fkenti olmas\u0131na izin verilemez. Her \u00fclkenin siyaset ortam\u0131nda a\u015f\u0131lmas\u0131 yasak k\u0131rm\u0131z\u0131 \u00e7izgiler vard\u0131r. Bu k\u0131rm\u0131z\u0131<\/p>\n","protected":false},"author":13,"featured_media":22694,"comment_status":"closed","ping_status":"closed","sticky":false,"template":"","format":"standard","meta":{"advanced_seo_description":"","jetpack_seo_html_title":"","jetpack_seo_noindex":false,"jetpack_seo_schema_type":"","_jetpack_newsletter_access":"","_jetpack_dont_email_post_to_subs":false,"_jetpack_newsletter_tier_id":0,"_jetpack_memberships_contains_paywalled_content":false,"_jetpack_feature_clip_id":0,"_jetpack_memberships_contains_paid_content":false,"footnotes":"","jetpack_post_was_ever_published":false},"categories":[6],"tags":[],"class_list":["post-27146","post","type-post","status-publish","format-standard","has-post-thumbnail","hentry","category-yorum"],"jetpack_sharing_enabled":true,"jetpack_likes_enabled":true,"jetpack-related-posts":[],"jetpack_shortlink":"https:\/\/wp.me\/pc2PfJ-73Q","jetpack_featured_media_url":"https:\/\/i0.wp.com\/www.bghaber.org\/bghaber\/wp-content\/uploads\/2017\/04\/wesa-rafettt.jpg?fit=438%2C570&ssl=1","_links":{"self":[{"href":"https:\/\/www.bghaber.org\/bghaber\/wp-json\/wp\/v2\/posts\/27146","targetHints":{"allow":["GET"]}}],"collection":[{"href":"https:\/\/www.bghaber.org\/bghaber\/wp-json\/wp\/v2\/posts"}],"about":[{"href":"https:\/\/www.bghaber.org\/bghaber\/wp-json\/wp\/v2\/types\/post"}],"author":[{"embeddable":true,"href":"https:\/\/www.bghaber.org\/bghaber\/wp-json\/wp\/v2\/users\/13"}],"replies":[{"embeddable":true,"href":"https:\/\/www.bghaber.org\/bghaber\/wp-json\/wp\/v2\/comments?post=27146"}],"version-history":[{"count":0,"href":"https:\/\/www.bghaber.org\/bghaber\/wp-json\/wp\/v2\/posts\/27146\/revisions"}],"wp:featuredmedia":[{"embeddable":true,"href":"https:\/\/www.bghaber.org\/bghaber\/wp-json\/wp\/v2\/media\/22694"}],"wp:attachment":[{"href":"https:\/\/www.bghaber.org\/bghaber\/wp-json\/wp\/v2\/media?parent=27146"}],"wp:term":[{"taxonomy":"category","embeddable":true,"href":"https:\/\/www.bghaber.org\/bghaber\/wp-json\/wp\/v2\/categories?post=27146"},{"taxonomy":"post_tag","embeddable":true,"href":"https:\/\/www.bghaber.org\/bghaber\/wp-json\/wp\/v2\/tags?post=27146"}],"curies":[{"name":"wp","href":"https:\/\/api.w.org\/{rel}","templated":true}]}}