{"id":27139,"date":"2018-02-11T20:16:49","date_gmt":"2018-02-11T17:16:49","guid":{"rendered":"http:\/\/www.bghaber.org\/bghaber\/?p=27139"},"modified":"2019-07-07T22:52:51","modified_gmt":"2019-07-07T20:52:51","slug":"hoh-ile-dost-partileri-birlesme-yolunda","status":"publish","type":"post","link":"https:\/\/www.bghaber.org\/bghaber\/hoh-ile-dost-partileri-birlesme-yolunda\/","title":{"rendered":"H\u00d6H ile DOST Partileri birle\u015fme yolunda"},"content":{"rendered":"<p>Balkan Rumeli T\u00fcrkleri Konfederasyonu Onursal Ba\u015fkan\u0131 Turhan Gen\u00e7o\u011flu, soyda\u015flar\u0131n aras\u0131ndaki siyasi b\u00f6l\u00fcnm\u00fc\u015fl\u00fc\u011fe son vermek i\u00e7in ba\u015flatt\u0131\u011f\u0131 giri\u015fimde \u00f6nemli bir mesafe daha kat etti. T\u00fcm taraflar aras\u0131nda kritik bir s\u00fcre\u00e7 olan &#8216;tabanda uzla\u015f\u0131&#8217; noktas\u0131nda mutabakata vard\u0131klar\u0131n\u0131 duyuran Gen\u00e7o\u011flu, birle\u015fmeye olan inanc\u0131n\u0131n \u00e7ok g\u00fc\u00e7lendi\u011fini a\u00e7\u0131klad\u0131.<\/p>\n<p>BAL-G\u00d6\u00c7 Genel Kurulu&#8217;nda yapt\u0131\u011f\u0131 ve b\u00fcy\u00fck yank\u0131 uyand\u0131ran tarihi \u00e7a\u011fr\u0131s\u0131n\u0131n akabinde Bulgaristan&#8217;da H\u00d6H ve DOST Partisi yetkilileriyle g\u00f6r\u00fc\u015ferek s\u00fcreci somutla\u015ft\u0131ran Turhan Gen\u00e7o\u011flu, tarihi giri\u015fimin psikolojik s\u0131n\u0131r\u0131 olan &#8216;uzla\u015f\u0131&#8217; konusunda \u00f6nemli ad\u0131mlar att\u0131.<br \/>\nYap\u0131lacak \u00e7al\u0131\u015fmalar ile ilgili fikir al\u0131\u015fveri\u015finde bulunmak ve k\u0131rg\u0131nl\u0131klar\u0131 geride b\u0131rakmak i\u00e7in Hak ve \u00d6zg\u00fcrl\u00fckler Hareketi (H\u00d6H), Sorumluluk \u00d6zg\u00fcrl\u00fck ve Ho\u015fg\u00f6r\u00fc i\u00e7in Demokratlar (DOST) partilerinin b\u00f6lge sorumlular\u0131 ile konfederasyon kurucular\u0131, ba\u015fkan ve y\u00f6netim kurulu \u00fcyeleri, ilgili federasyon ve y\u00f6re dernek ba\u015fkanlar\u0131ndan olu\u015fan \u00fclke \u00e7ap\u0131nda geni\u015f kat\u0131l\u0131ml\u0131 bir bulu\u015fma ger\u00e7ekle\u015ftirdi.<\/p>\n<p><strong>&#8220;Zorlu ve uzun bir s\u00fcre\u00e7&#8221;<\/strong><br \/>\n&#8216;Bu uzun ve zorlu s\u00fcre\u00e7te bug\u00fcn maalesef mevcut siyasi b\u00f6l\u00fcnm\u00fc\u015fl\u00fck y\u00fcz\u00fcnden akrabalar bile birbirlerine k\u0131rg\u0131n duruma geldiler&#8217; diyen Gen\u00e7o\u011flu, &#8220;Art\u0131k ge\u00e7mi\u015fi ve k\u0131rg\u0131nl\u0131klar\u0131 bir tarafa b\u0131rakarak tekrar tek v\u00fccut haline gelme zaman\u0131 gelmi\u015ftir. Ge\u00e7mi\u015fte kimin hatal\u0131 oldu\u011fu bir tarafa b\u0131rak\u0131larak gelece\u011fe bakmak gerekir.Halk\u0131m\u0131z\u0131n birli\u011fini tekrar sa\u011flayabilmek i\u00e7in hepimizin fedakarl\u0131klar yapmas\u0131 gerekiyor. Bu kolay bir s\u00fcre\u00e7 de\u011fil. \u00d6ncelikle bu s\u00fcre\u00e7te hi\u00e7bir arkada\u015f\u0131m\u0131z ge\u00e7mi\u015f ile ilgili k\u0131r\u0131c\u0131 veya di\u011fer taraf\u0131 rencide edici s\u00f6ylemlerden kesin olarak uzak duracakt\u0131r. Bu konuda t\u00fcm arkada\u015flar\u0131m\u0131z mutab\u0131kt\u0131r. Bu toplat\u0131m\u0131zda herkes bu birle\u015fme ile ilgili fikirlerini s\u00f6yledi. Bu olu\u015fum ile ilgili t\u00fcm se\u00e7enekleri masa \u00fczerine yat\u0131r\u0131p de\u011ferlendirdik. Herkesin tavsiyelerini de\u011ferlendirip en iyi yolu bulmaya \u00e7al\u0131\u015faca\u011f\u0131z. Arkada\u015flar\u0131m\u0131z\u0131n tamam\u0131 geli\u015fmelerden son derece memnun olup gelecekten son derece umutlu ve motive olmu\u015f durumdalar&#8221; \u015feklinde konu\u015ftu.<br \/>\nBu g\u00f6r\u00fc\u015fmelerin do\u011frultusunda \u00f6n\u00fcm\u00fczdeki s\u00fcre\u00e7te her iki parti liderleriyle bir araya gelece\u011fini kaydeden Gen\u00e7o\u011flu, soyda\u015flar\u0131n ortak dile\u011fi olan birle\u015fmeyi sa\u011flayabilece\u011fine olan inanc\u0131n\u0131n daha da g\u00fc\u00e7lendi\u011fini ifade etti.<\/p>\n<p>&nbsp;<\/p>\n<p>\u0130HA<\/p>\n<div id=\"bghab-941297755\" class=\"bghab-yazi-altinda bghab-entity-placement\"><script async src=\"https:\/\/pagead2.googlesyndication.com\/pagead\/js\/adsbygoogle.js\"><\/script>\r\n<!-- bghaber-yaz\u0131-sonu -->\r\n<ins class=\"adsbygoogle\"\r\n     style=\"display:block\"\r\n     data-ad-client=\"ca-pub-6203283170189293\"\r\n     data-ad-slot=\"4222328180\"\r\n     data-ad-format=\"auto\"\r\n     data-full-width-responsive=\"true\"><\/ins>\r\n<script>\r\n     (adsbygoogle = window.adsbygoogle || []).push({});\r\n<\/script><\/div><br style=\"clear: both; display: block; float: none;\"\/>","protected":false},"excerpt":{"rendered":"<p>Balkan Rumeli T\u00fcrkleri Konfederasyonu Onursal Ba\u015fkan\u0131 Turhan Gen\u00e7o\u011flu, soyda\u015flar\u0131n aras\u0131ndaki siyasi b\u00f6l\u00fcnm\u00fc\u015fl\u00fc\u011fe son vermek i\u00e7in ba\u015flatt\u0131\u011f\u0131 giri\u015fimde \u00f6nemli bir mesafe daha kat etti. T\u00fcm taraflar<\/p>\n","protected":false},"author":29,"featured_media":27141,"comment_status":"closed","ping_status":"closed","sticky":false,"template":"","format":"standard","meta":{"advanced_seo_description":"","jetpack_seo_html_title":"","jetpack_seo_noindex":false,"jetpack_seo_schema_type":"","_jetpack_newsletter_access":"","_jetpack_dont_email_post_to_subs":false,"_jetpack_newsletter_tier_id":0,"_jetpack_memberships_contains_paywalled_content":false,"_jetpack_feature_clip_id":0,"_jetpack_memberships_contains_paid_content":false,"footnotes":"","jetpack_post_was_ever_published":false},"categories":[1,4],"tags":[],"class_list":["post-27139","post","type-post","status-publish","format-standard","has-post-thumbnail","hentry","category-haberler","category-siyaset"],"jetpack_sharing_enabled":true,"jetpack_likes_enabled":true,"jetpack-related-posts":[],"jetpack_shortlink":"https:\/\/wp.me\/pc2PfJ-73J","jetpack_featured_media_url":"https:\/\/i0.wp.com\/www.bghaber.org\/bghaber\/wp-content\/uploads\/2018\/02\/balgoc-hoh-dost-turhan-gencoglu-birlesme-toplantisi.jpg?fit=640%2C373&ssl=1","_links":{"self":[{"href":"https:\/\/www.bghaber.org\/bghaber\/wp-json\/wp\/v2\/posts\/27139","targetHints":{"allow":["GET"]}}],"collection":[{"href":"https:\/\/www.bghaber.org\/bghaber\/wp-json\/wp\/v2\/posts"}],"about":[{"href":"https:\/\/www.bghaber.org\/bghaber\/wp-json\/wp\/v2\/types\/post"}],"author":[{"embeddable":true,"href":"https:\/\/www.bghaber.org\/bghaber\/wp-json\/wp\/v2\/users\/29"}],"replies":[{"embeddable":true,"href":"https:\/\/www.bghaber.org\/bghaber\/wp-json\/wp\/v2\/comments?post=27139"}],"version-history":[{"count":0,"href":"https:\/\/www.bghaber.org\/bghaber\/wp-json\/wp\/v2\/posts\/27139\/revisions"}],"wp:featuredmedia":[{"embeddable":true,"href":"https:\/\/www.bghaber.org\/bghaber\/wp-json\/wp\/v2\/media\/27141"}],"wp:attachment":[{"href":"https:\/\/www.bghaber.org\/bghaber\/wp-json\/wp\/v2\/media?parent=27139"}],"wp:term":[{"taxonomy":"category","embeddable":true,"href":"https:\/\/www.bghaber.org\/bghaber\/wp-json\/wp\/v2\/categories?post=27139"},{"taxonomy":"post_tag","embeddable":true,"href":"https:\/\/www.bghaber.org\/bghaber\/wp-json\/wp\/v2\/tags?post=27139"}],"curies":[{"name":"wp","href":"https:\/\/api.w.org\/{rel}","templated":true}]}}