{"id":27133,"date":"2018-02-11T22:00:20","date_gmt":"2018-02-11T19:00:20","guid":{"rendered":"http:\/\/www.bghaber.org\/bghaber\/?p=27133"},"modified":"2019-07-07T21:52:44","modified_gmt":"2019-07-07T19:52:44","slug":"bulgaristanda-turizm-sektorunde-kural-kontrollerin-arttirilmasi-isteniliyor","status":"publish","type":"post","link":"https:\/\/www.bghaber.org\/bghaber\/bulgaristanda-turizm-sektorunde-kural-kontrollerin-arttirilmasi-isteniliyor\/","title":{"rendered":"Bulgaristan&#8217;da turizm sekt\u00f6r\u00fcnde kural ve kontrollerin artt\u0131r\u0131lmas\u0131 isteniliyor"},"content":{"rendered":"<p>\u201cGallup\u201d Ajans\u0131n\u0131n turizm konulu son kamuoyu ara\u015ft\u0131rmas\u0131na g\u00f6re, Bulgaristan vatanda\u015flar\u0131n\u0131n %92\u2019si turizm sekt\u00f6r\u00fcnde kurallar\u0131n ve kontrol\u00fcn art\u0131r\u0131lmas\u0131ndan yanad\u0131r.<\/p>\n<p>\u00d6rne\u011fin %63\u2019\u00fc plajlar\u0131n s\u0131n\u0131fland\u0131r\u0131lmas\u0131 taraftar\u0131 olurken %39\u2019u Turizm Bakanl\u0131\u011f\u0131n\u0131n \u00e7al\u0131\u015fmalar\u0131n\u0131 onaylamaktad\u0131r. A\u00e7\u0131k\u00e7a g\u00f6r\u00fclen \u015fu ki, k\u0131\u015f turizmin ve kayak sporunun geli\u015fmesi destek bulurken yeni teleferik ve te\u00e7hizatlar\u0131n kurulmas\u0131n\u0131n da problem olarak kabul edilmiyor. As\u0131l problemin betonla\u015fma oldu\u011fu d\u00fc\u015f\u00fcn\u00fcl\u00fcyor.<\/p>\n<p>18 ya\u015f \u00fczeri Bulgaristan vatanda\u015flar\u0131n\u0131n %46\u2019s\u0131 son be\u015f y\u0131l zarf\u0131nda k\u0131sa vadeli de olsa Bulgar deniz tatil yerlerini tercih ettiklerini payla\u015f\u0131yor. %35\u2019i ise ayn\u0131 \u015feyi da\u011f tatil yerleri i\u00e7in s\u00f6yl\u00fcyorlar.<\/p>\n<p>Ankete kat\u0131lanlar\u0131n %20\u2019si yurtd\u0131\u015f\u0131 deniz tatil k\u00f6ylerini, %2\u2019si ise yurtd\u0131\u015f\u0131ndaki da\u011f merkezlerini tercihetmi\u015ftir.<\/p>\n<p>&nbsp;<\/p>\n<p>BNR<\/p><div id=\"bghab-3958639157\" class=\"bghab-icerik-icine bghab-entity-placement\"><script async src=\"\/\/pagead2.googlesyndication.com\/pagead\/js\/adsbygoogle.js?client=ca-pub-6203283170189293\" crossorigin=\"anonymous\"><\/script><ins class=\"adsbygoogle\" style=\"display:block; text-align:center;\" data-ad-client=\"ca-pub-6203283170189293\" \ndata-ad-slot=\"7303146466\" \ndata-ad-layout=\"in-article\"\ndata-ad-format=\"fluid\" data-full-width-responsive=\"true\"><\/ins>\n<script> \n(adsbygoogle = window.adsbygoogle || []).push({}); \n<\/script>\n<\/div>\n<div id=\"bghab-2475937897\" class=\"bghab-yazi-altinda bghab-entity-placement\"><script async src=\"https:\/\/pagead2.googlesyndication.com\/pagead\/js\/adsbygoogle.js\"><\/script>\r\n<!-- bghaber-yaz\u0131-sonu -->\r\n<ins class=\"adsbygoogle\"\r\n     style=\"display:block\"\r\n     data-ad-client=\"ca-pub-6203283170189293\"\r\n     data-ad-slot=\"4222328180\"\r\n     data-ad-format=\"auto\"\r\n     data-full-width-responsive=\"true\"><\/ins>\r\n<script>\r\n     (adsbygoogle = window.adsbygoogle || []).push({});\r\n<\/script><\/div><br style=\"clear: both; display: block; float: none;\"\/>","protected":false},"excerpt":{"rendered":"<p>\u201cGallup\u201d Ajans\u0131n\u0131n turizm konulu son kamuoyu ara\u015ft\u0131rmas\u0131na g\u00f6re, Bulgaristan vatanda\u015flar\u0131n\u0131n %92\u2019si turizm sekt\u00f6r\u00fcnde kurallar\u0131n ve kontrol\u00fcn art\u0131r\u0131lmas\u0131ndan yanad\u0131r. \u00d6rne\u011fin %63\u2019\u00fc plajlar\u0131n s\u0131n\u0131fland\u0131r\u0131lmas\u0131 taraftar\u0131 olurken %39\u2019u<\/p>\n","protected":false},"author":29,"featured_media":27137,"comment_status":"closed","ping_status":"closed","sticky":false,"template":"","format":"standard","meta":{"advanced_seo_description":"","jetpack_seo_html_title":"","jetpack_seo_noindex":false,"jetpack_seo_schema_type":"","_jetpack_newsletter_access":"","_jetpack_dont_email_post_to_subs":false,"_jetpack_newsletter_tier_id":0,"_jetpack_memberships_contains_paywalled_content":false,"_jetpack_feature_clip_id":0,"_jetpack_memberships_contains_paid_content":false,"footnotes":"","jetpack_post_was_ever_published":false},"categories":[5],"tags":[],"class_list":["post-27133","post","type-post","status-publish","format-standard","has-post-thumbnail","hentry","category-yasam"],"jetpack_sharing_enabled":true,"jetpack_likes_enabled":true,"jetpack-related-posts":[],"jetpack_shortlink":"https:\/\/wp.me\/pc2PfJ-73D","jetpack_featured_media_url":"https:\/\/i0.wp.com\/www.bghaber.org\/bghaber\/wp-content\/uploads\/2018\/02\/cadir-deniz-sahil-kumsal.jpg?fit=610%2C343&ssl=1","_links":{"self":[{"href":"https:\/\/www.bghaber.org\/bghaber\/wp-json\/wp\/v2\/posts\/27133","targetHints":{"allow":["GET"]}}],"collection":[{"href":"https:\/\/www.bghaber.org\/bghaber\/wp-json\/wp\/v2\/posts"}],"about":[{"href":"https:\/\/www.bghaber.org\/bghaber\/wp-json\/wp\/v2\/types\/post"}],"author":[{"embeddable":true,"href":"https:\/\/www.bghaber.org\/bghaber\/wp-json\/wp\/v2\/users\/29"}],"replies":[{"embeddable":true,"href":"https:\/\/www.bghaber.org\/bghaber\/wp-json\/wp\/v2\/comments?post=27133"}],"version-history":[{"count":0,"href":"https:\/\/www.bghaber.org\/bghaber\/wp-json\/wp\/v2\/posts\/27133\/revisions"}],"wp:featuredmedia":[{"embeddable":true,"href":"https:\/\/www.bghaber.org\/bghaber\/wp-json\/wp\/v2\/media\/27137"}],"wp:attachment":[{"href":"https:\/\/www.bghaber.org\/bghaber\/wp-json\/wp\/v2\/media?parent=27133"}],"wp:term":[{"taxonomy":"category","embeddable":true,"href":"https:\/\/www.bghaber.org\/bghaber\/wp-json\/wp\/v2\/categories?post=27133"},{"taxonomy":"post_tag","embeddable":true,"href":"https:\/\/www.bghaber.org\/bghaber\/wp-json\/wp\/v2\/tags?post=27133"}],"curies":[{"name":"wp","href":"https:\/\/api.w.org\/{rel}","templated":true}]}}