{"id":27106,"date":"2018-02-11T18:57:11","date_gmt":"2018-02-11T15:57:11","guid":{"rendered":"http:\/\/www.bghaber.org\/bghaber\/?p=27106"},"modified":"2018-02-11T20:22:03","modified_gmt":"2018-02-11T17:22:03","slug":"egitim-atesi-tutusmus","status":"publish","type":"post","link":"https:\/\/www.bghaber.org\/bghaber\/egitim-atesi-tutusmus\/","title":{"rendered":"E\u011fitim Ate\u015fi Tutu\u015fmu\u015f"},"content":{"rendered":"<p>Tarih: 10 \u015eubat 2018<\/p>\n<p>Yazan: Elif G\u00fcne\u015f<\/p>\n<p>Konu:\u00a0\u00a0 <strong>Ad\u0131m Ad\u0131m Bulgaristan. S\u00f6nmeyen vatan sevgisi\u2026<\/strong><\/p>\n<p>Trakya Ovas\u0131nda anayoldan Sofya\u2019ya uzuyoruz. Filibe-Plovdiv sanayi \u015fehirden ta\u015fm\u0131\u015f. B\u00fcy\u00fck lojistik merkezler, bacas\u0131z sanayi d\u00fczl\u00fc\u011fe serilmi\u015f. K\u00f6y evleri ile yeni tesisler aras\u0131nda b\u00fcy\u00fck fark var. K\u00f6yler Orient kokusundan kurtulamam\u0131\u015f\u2026<\/p>\n<p>Avlular\u0131 meyve a\u011fa\u00e7l\u0131 kerpi\u00e7-tu\u011fla yap\u0131lar ayn\u0131 tip, k\u00f6ylere girip \u00e7\u0131kan yollar delik de\u015fik. Tar\u0131m tesislerinin \u00e7at\u0131lar\u0131 \u00e7\u00f6km\u00fc\u015f. K\u0131\u015fa yatm\u0131\u015f tarlalar\u0131nda \u00e7\u00f6plenen kargalar kar habercisi.<\/p><div id=\"bghab-2268437294\" class=\"bghab-icerik-icine bghab-entity-placement\"><script async src=\"\/\/pagead2.googlesyndication.com\/pagead\/js\/adsbygoogle.js?client=ca-pub-6203283170189293\" crossorigin=\"anonymous\"><\/script><ins class=\"adsbygoogle\" style=\"display:block; text-align:center;\" data-ad-client=\"ca-pub-6203283170189293\" \ndata-ad-slot=\"7303146466\" \ndata-ad-layout=\"in-article\"\ndata-ad-format=\"fluid\" data-full-width-responsive=\"true\"><\/ins>\n<script> \n(adsbygoogle = window.adsbygoogle || []).push({}); \n<\/script>\n<\/div>\n<p>Benzinciler ve lokantac\u0131lar yol boyunu aras\u0131nda payla\u015f\u0131lm\u0131\u015f. \u00d6n\u00fcm\u00fczde tek t\u00fcnel var. Bulgar trafik polisini ilk kez T\u00fcnel \u00e7\u0131k\u0131\u015f\u0131nda g\u00f6rd\u00fcm. Yolculu\u011fum esnas\u0131nda Filibe ve Sofya ovalar\u0131n\u0131n iki ayr\u0131 platoda oldu\u011funu hissettim. Deniz seviyesinden y\u00fcksekli\u011fi 768 metre olan Sofya havzas\u0131 Trakya\u2019dan 300 metre y\u00fcksek.<\/p>\n<p>Osmanl\u0131 Rumeli\u2019ye yay\u0131l\u0131rken, t\u00fcnelden sonra gen\u00e7 \u015fof\u00f6r Berk\u2019in takip etti\u011fi yolu izlememi\u015f, sola k\u0131r\u0131p Meri\u00e7 boyunca Rila Da\u011f\u0131na t\u0131rmanm\u0131\u015ft\u0131r. Onlar, yaylalar\u0131na 1 metre kar y\u00fcklenince \u0130stanbul kayak\u00e7\u0131lar\u0131n\u0131n s\u0131k\u00e7a u\u011frad\u0131\u011f\u0131 Borovets k\u0131\u015f turizmi tesislerinin ba\u011fl\u0131 oldu\u011fu Samokov \u015fehrine pos atm\u0131\u015flar. Sevip yerle\u015ftikleri bu yere tarihi <strong>\u201cBayrakl\u0131 Cami\u201d<\/strong> kurmu\u015flar. \u00a0Bug\u00fcn m\u00fcze olan cami K\u00fcpeli \u00c7e\u015fmesi ile \u00fcnl\u00fcd\u00fcr. Filibe, Sofya ve Vardar ovalar\u0131 y\u0131llarca bu merkezden y\u00f6netilmi\u015f.<\/p>\n<p>Lala \u015eahin Pa\u015fa \u00f6nc\u00fcl\u00fc\u011f\u00fcnde ak\u0131nc\u0131lar\u0131n Filibe-Plovdiv kap\u0131lar\u0131n\u0131 1330\u2019larda \u00e7ald\u0131\u011f\u0131 hat\u0131rland\u0131\u011f\u0131nda, 15 Haziran 1389\u2019da ba\u015flayan ve Sultan birinci Murad\u2019\u0131n B\u00fcy\u00fck zaferiyle sonu\u00e7lanan, Balkanlar\u2019da Osmanl\u0131 \u00e7a\u011f\u0131n\u0131 a\u00e7an Kosova Sava\u015f\u0131na kadar yar\u0131m y\u00fczy\u0131l oldu\u011fu dikkati \u00e7eker. Bu yar\u0131m as\u0131rda Samakov Yaylar\u0131nda yeni \u00e7a\u011f\u0131n haz\u0131rl\u0131klar\u0131 tamamlanm\u0131\u015ft\u0131r.<\/p>\n<p>O muazzam sava\u015fta, tarihte ilk kez olmak \u00fczere, \u00a0Anadolu M\u00fcsl\u00fcman uygarl\u0131\u011f\u0131 ile Balkan H\u0131ristiyan toplulu\u011fu y\u00fcz y\u00fcze gelmi\u015ftir. \u0130slam sava\u015f ruhu \u00fcst\u00fcn gelmi\u015f ve 500 y\u0131l bu topraklarda h\u00fck\u00fcm s\u00fcrm\u00fc\u015ft\u00fcr. Osmanl\u0131 d\u00f6nemi d\u0131\u015f\u0131nda Balkanlar 300 y\u0131l sava\u015fs\u0131z d\u00f6nem ya\u015famam\u0131\u015ft\u0131r.<\/p>\n<p>Bulgaristan\u2019\u0131n bat\u0131s\u0131nda bulunan Sofya\u2019ya \u015fehrini g\u00f6rmezden \u00f6nce, yerli T\u00fcrklerin Orta Balkan dedi\u011fi (Sredna Gora) G\u00fcney-Do\u011fumuzda kal\u0131rken, Koca Balkan s\u0131ra da\u011flar\u0131 kuzeyimizi \u00e7evreledi. \u015eehre yakla\u015ft\u0131k\u00e7a Vito\u015fa Da\u011f\u0131 sanki \u00f6n\u00fcm\u00fcze dikildi. Rila ve Vito\u015fa Da\u011flar\u0131ndan inen, k\u0131\u015f\u0131n dolan, yaz\u0131nsa \u00e7avdar sap\u0131 gibi akan Sofya \u0131rmak sular\u0131, sanki \u015fehrin k\u0131lcal damarlar\u0131d\u0131r.<\/p><div id=\"bghab-2303955307\" class=\"bghab-icerik-icine-10-paragraf bghab-entity-placement\"><script async src=\"\/\/pagead2.googlesyndication.com\/pagead\/js\/adsbygoogle.js?client=ca-pub-6203283170189293\" crossorigin=\"anonymous\"><\/script><ins class=\"adsbygoogle\" style=\"display:block; text-align:center;\" data-ad-client=\"ca-pub-6203283170189293\" \ndata-ad-slot=\"7303146466\" \ndata-ad-layout=\"in-article\"\ndata-ad-format=\"fluid\" data-full-width-responsive=\"true\"><\/ins>\n<script> \n(adsbygoogle = window.adsbygoogle || []).push({}); \n<\/script>\n<\/div>\n<p><strong>\u00d6nce 5-10 katl\u0131 panel binalar\u0131yla dikkati \u00e7eken Sofya\u2019n\u0131n tarihi \u00e7ok eskiye uzan\u0131r.<\/strong><\/p>\n<p>Toplu hayat\u0131 bir Trak kabile k\u00f6y\u00fcnde ba\u015flayan ve bug\u00fcn 2 milyon n\u00fcfusu olan \u015fehrin ilk ad\u0131 \u201c<strong>Serdi<\/strong>.\u201d \u00c7ok be\u011fendikleri bu \u015fehre Romal\u0131lar \u201c<strong>Serdika<\/strong>\u201d \u00a0demi\u015fler. Bu havzada y\u00fcr\u00fct\u00fclen Roma ve Bizans (Do\u011fu Roma) sava\u015flar\u0131nda \u201c<strong>Serdika<\/strong>\u201d el de\u011fi\u015ftirmi\u015f. 6. yy\u2019da Bizans Kral\u0131 Y\u00fcstinyanus devrinde ticaret ve idari merkez olmu\u015f. Ard\u0131ndan Balkan Yar\u0131madas\u0131na ak\u0131n eden Slavlar\u0131n eline ge\u00e7en \u015fehir, 9. yy\u2019da ad\u0131 \u201c<strong>Sredets<\/strong>\u2019e\u201d de\u011fi\u015fmi\u015f, Orta \u00c7a\u011f Bulgar devletinin idari ve k\u00fclt\u00fcrel merkezi olmu\u015ftur. 1018 \u2013 1185 y\u0131llar\u0131 aras\u0131nda yine Bizans egemenli\u011finde kalm\u0131\u015ft\u0131r.<\/p>\n<p><strong>Sofya, Osmanl\u0131\u2019n\u0131n eline 1382\u2019de yani Kosova meydan sava\u015f\u0131ndan 7 y\u0131l \u00f6nce ge\u00e7ti.<\/strong><\/p>\n<p>14. yy sonlar\u0131nda <strong>Sofya<\/strong> ad\u0131n\u0131 ald\u0131. Rumeli Beylerbeyli\u011fine ba\u015fkent oldu. 19. yy\u2019\u0131n sonuncu \u00e7eyre\u011fine (1878) kadar Osmanl\u0131 egemenli\u011finde kald\u0131.<\/p>\n<p><strong>4 Ocak 1878\u2019de Rus Ordular\u0131 Sofya\u2019y\u0131 Osmanl\u0131 egemenli\u011finden kopard\u0131.<\/strong><\/p><div id=\"bghab-1459931218\" class=\"bghab-icerik-icine-15-paragraf bghab-entity-placement\"><script async src=\"\/\/pagead2.googlesyndication.com\/pagead\/js\/adsbygoogle.js?client=ca-pub-6203283170189293\" crossorigin=\"anonymous\"><\/script><ins class=\"adsbygoogle\" style=\"display:block; text-align:center;\" data-ad-client=\"ca-pub-6203283170189293\" \ndata-ad-slot=\"7303146466\" \ndata-ad-layout=\"in-article\"\ndata-ad-format=\"fluid\" data-full-width-responsive=\"true\"><\/ins>\n<script> \n(adsbygoogle = window.adsbygoogle || []).push({}); \n<\/script>\n<\/div>\n<p>3 Nisan 1879 tarihinde Bulgar Prensli\u011fi Ba\u015fkenti ilan edildi ve Sofya ismini art\u0131k 140 y\u0131l koruyor. Osmanl\u0131 devrinden,\u00a0 72 cami ve mescitle, b\u00fcy\u00fck bir idari merkez, d\u00fczenli bir ticaret ve k\u00fclt\u00fcr \u015fehri olarak ayr\u0131ld\u0131. Bu k\u0131y\u0131m sava\u015f\u0131nda T\u00fcrkler \u015fehri terk ettiler.<\/p>\n<p>\u0130kinci D\u00fcnya Sava\u015f\u0131nda Naziler taraf\u0131ndan i\u015fgal edilen anakent, 1943\u2019ten sonra \u0130ngiliz ve Amerikan u\u00e7aklar\u0131 taraf\u0131ndan a\u011f\u0131r bombalanm\u0131\u015f ve baz\u0131 izleri bug\u00fcn de canl\u0131 b\u00fcy\u00fck hasar g\u00f6rm\u00fc\u015ft\u00fcr. 15. yy\u2019da kurulan, g\u00fcn\u00fcm\u00fczde Arkeoloji M\u00fczesi olarak kullan\u0131lan, \u015fehir merkezindeki Cumhurba\u015fkanl\u0131\u011f\u0131 Saray\u0131n\u0131n tam \u00f6n\u00fcne yerle\u015fmi\u015f olan <strong>\u201cB\u00fcy\u00fck Cami\u201d<\/strong> minaresi de bu bombard\u0131manlara hedef olmu\u015f ve y\u0131k\u0131lm\u0131\u015ft\u0131r.<\/p>\n<p>\u00d6nceden yer ay\u0131rtt\u0131\u011f\u0131m\u0131z <strong>\u201cSveta Sofya\u201d<\/strong> oteli \u201c<strong>Pirodska<\/strong>\u201d soka\u011f\u0131nda bulunuyor. Ad\u0131n\u0131, g\u00fcn\u00fcm\u00fcz S\u0131rbistan\u2019\u0131n\u0131n Pirot \u015fehrinden alm\u0131\u015ft\u0131r. Tarih\u00e7esi \u015f\u00f6yle: 6 Eyl\u00fcl 1885\u2019te Bulgar Prensli\u011fi ile G\u00fcney Rumeli\u2019nin birle\u015fti\u011fini i\u015fiten S\u0131rplar, Bulgarlar\u0131n b\u00fcy\u00fck bir Balkan devleti olmas\u0131ndan korkarak, 7 ya\u015f\u0131ndaki prensli\u011fe askeri sald\u0131r\u0131da bulunur. Sald\u0131rgan\u0131 p\u00fcsk\u00fcrten Bulgar askerler S\u0131rbistan topraklar\u0131ndaki Pirot \u015fehrine kadar ilerler ve otelimizin bulundu\u011fu sokak bu zaferin an\u0131s\u0131n\u0131 ya\u015fat\u0131r.<\/p>\n<p>BULT\u00dcRK Sofya temsilcimiz Say\u0131n Hikmet Efendiev bizi otel lobisinde kar\u015f\u0131lad\u0131. Ho\u015f be\u015ften sonra program\u0131m\u0131z\u0131 a\u00e7\u0131klad\u0131. \u0130lk ziyaret edece\u011fimiz kurum Bulgaristan M\u00fcsl\u00fcmanlar\u0131 Diyaneti Ba\u015f M\u00fcft\u00fcl\u00fc\u011f\u00fc idi.<\/p>\n<p>Osmanl\u0131 sonras\u0131 Bulgaristan T\u00fcrk toplulu\u011funun dini y\u00f6netimini \u00fcstlenen ve \u00f6rg\u00fctleyen Ba\u015f M\u00fcft\u00fcl\u00fck makam\u0131, <strong>1913 Osmanl\u0131 devleti<\/strong> ve Bulgar \u00c7arl\u0131\u011f\u0131 \u0130stanbul S\u00f6zle\u015fmesi Ek Protokol\u00fcne g\u00f6re kurulmu\u015ftur.<\/p><div id=\"bghab-3708768178\" class=\"bghab-icerik-icine-20-paragraf bghab-entity-placement\"><script async src=\"\/\/pagead2.googlesyndication.com\/pagead\/js\/adsbygoogle.js?client=ca-pub-6203283170189293\" crossorigin=\"anonymous\"><\/script><ins class=\"adsbygoogle\" style=\"display:block; text-align:center;\" data-ad-client=\"ca-pub-6203283170189293\" \ndata-ad-slot=\"7303146466\" \ndata-ad-layout=\"in-article\"\ndata-ad-format=\"fluid\" data-full-width-responsive=\"true\"><\/ins>\n<script> \n(adsbygoogle = window.adsbygoogle || []).push({}); \n<\/script>\n<\/div>\n<p>Bulgaristan M\u00fcsl\u00fcmanlar\u0131 Diyaneti Genel Sekreteri Say\u0131n Celal Faik 10 ki\u015filik heyetimizi Ba\u015f M\u00fcft\u00fcl\u00fck makam\u0131n\u0131n Ye\u015fil Salonunda kabul etti. Bize, Bulgar M\u00fcsl\u00fcman Diyanetinin Ba\u015f M\u00fcft\u00fcl\u00fck ve b\u00f6lge m\u00fcft\u00fcl\u00fckleri olarak \u00f6rg\u00fctlendi\u011fini, Bulgaristan M\u00fcsl\u00fcmanlar\u0131 Manevi \u015euras\u0131n\u0131n da ayn\u0131 binada bulundu\u011funu bildirdikten sonra, <strong>\u00fclkede \u00a0halen 1\u00a0100 a\u00e7\u0131k cami<\/strong> oldu\u011funu, dini hizmetler i\u00e7in 3 \u0130mam Hatip Okulu ve ba\u015fkentte bir Y\u00fcksek \u0130slam Enstit\u00fcs\u00fc e\u011fitime devam etti\u011fini anlat\u0131rken, <strong>\u201cSevdi\u011fim Din\u201d<\/strong> adl\u0131 birinci ve\u00a0 ikinci dereceli Kuran Kurslar\u0131na ilginin b\u00fcy\u00fck oldu\u011funu, \u00f6\u011frencilerle de\u011fi\u015fik konularda seminer, gezi ve yar\u0131\u015fmalar d\u00fczenlediklerini, M\u00fcsl\u00fcmanlar\u0131n din e\u011fitimini destekleme kampanyalar\u0131na aktif kat\u0131ld\u0131\u011f\u0131n\u0131 payla\u015ft\u0131.<\/p>\n<p>Bilgilendirme sohbetinde, e\u011fitim etkinliklerinde \u0130stanbul BESADER, Bursa K\u00fclt\u00fcr Derne\u011fi, \u0130neg\u00f6l ve \u0130stanbul <strong>\u201cAziz Mahmud H\u00fcdai\u201d<\/strong> ve Edirne \u0130l M\u00fcft\u00fcl\u00fc\u011f\u00fc ve Diyanetle yak\u0131n i\u015fbirli\u011fi ger\u00e7ekle\u015ftirdiklerine vurgu yapt\u0131. <strong>\u201c\u0130slam E\u011fitimi\u201d<\/strong> Fonuna yard\u0131m paralar\u0131yla ge\u00e7en y\u0131l Madan \u015fehrindeki Haf\u0131z kurslar\u0131; Rudozem \u015fehrindeki E\u011fitim Merkezi; Velingrat \u015fehrindeki din e\u011fitimi alan \u00f6\u011frencilerin yerle\u015fmesi, \u015eumen \u015fehrinde ve Ustina k\u00f6y\u00fcndeki \u0130mam Kurslar\u0131n\u0131n parasal yard\u0131m g\u00f6rd\u00fc\u011f\u00fcne i\u015faret etti ve bir\u00e7ok merkezde haf\u0131z kursu oldu\u011funa da dikkat \u00e7ekti.<\/p>\n<p>Genel sekreter, konuklar\u0131n sorular\u0131n\u0131 yan\u0131tlarken de, 2016 \/2017 ders y\u0131l\u0131nda 22 yerle\u015fim yerinde 2\u00a0671 \u00f6\u011frenciye <strong>\u201c\u0130slam Dini\u201d<\/strong> e\u011fitimi ald\u0131, dedi.<\/p>\n<p><strong>Hac ve Umre<\/strong> konular\u0131 a\u00e7\u0131l\u0131nca, ge\u00e7en y\u0131l Bulgaristan M\u00fcsl\u00fcmanlar\u0131ndan 275 ki\u015finin hac ibadeti yapt\u0131\u011f\u0131n\u0131 \u00f6\u011frendik. Ayn\u0131 y\u0131l 30 M\u00fcsl\u00fcman da Umre\u2019ye gitmi\u015f.<\/p>\n<p>\u0130lk kez bu denli inand\u0131r\u0131c\u0131 bir a\u00e7\u0131klama i\u015fitiyorum ve ben Bulgaristan T\u00fcrklerinin ger\u00e7ekten\u00a0 has T\u00fcrk olduklar\u0131na, <strong>\u201c\u0130slamla\u015ft\u0131r\u0131lm\u0131\u015f Bulgar\u201d<\/strong> tezinin ba\u015ftan sona yalan oldu\u011funa inand\u0131m. Birden bire akl\u0131ma yerli asla doldurulamaz, \u00fcnl\u00fc sanat\u00e7\u0131m\u0131z\u0131n Zeki M\u00fcren geldi. Ah bu topraklarda ne T\u00fcrklerimiz var diye d\u00fc\u015f\u00fcnd\u00fcm.<\/p><div id=\"bghab-1878709883\" class=\"bghab-icerik-icine-25-paragraf bghab-entity-placement\"><script async src=\"\/\/pagead2.googlesyndication.com\/pagead\/js\/adsbygoogle.js?client=ca-pub-6203283170189293\" crossorigin=\"anonymous\"><\/script><ins class=\"adsbygoogle\" style=\"display:block; text-align:center;\" data-ad-client=\"ca-pub-6203283170189293\" \ndata-ad-slot=\"7303146466\" \ndata-ad-layout=\"in-article\"\ndata-ad-format=\"fluid\" data-full-width-responsive=\"true\"><\/ins>\n<script> \n(adsbygoogle = window.adsbygoogle || []).push({}); \n<\/script>\n<\/div>\n<p><img data-recalc-dims=\"1\" loading=\"lazy\" decoding=\"async\" class=\"aligncenter\" src=\"https:\/\/i0.wp.com\/www.bghaber.org\/bghaber\/wp-content\/uploads\/2018\/02\/muftuluk-bg.jpg?resize=598%2C1064\" width=\"598\" height=\"1064\" \/><\/p>\n<p>Genel Sekreter Faik Beyden Bulgaristan M\u00fcsl\u00fcman Diyaneti\u2019nin \u201c<strong>Yay\u0131nc\u0131l\u0131k<\/strong>\u201d etkinlikleri ile ilgili bilgi sunmaya ba\u015flay\u0131nca dikkatimi toparlad\u0131m. Bu \u00e7al\u0131\u015fmalar\u0131n T\u00fcrk\u00e7e ve Bulgarca olmak \u00fczere, iki dilde devam etti\u011fini, Ba\u015f M\u00fcft\u00fcl\u00fc\u011f\u00fcn ayl\u0131k \u201c<strong>M\u00fcsl\u00fcmanlar<\/strong>\u201d dergisi ve \u00e7ocuklar ve din e\u011fitimine ba\u015flayan afacanlar i\u00e7in\u201c<strong>Hila<\/strong>l\u201d eki \u00e7\u0131kard\u0131\u011f\u0131n\u0131, \u00fclke \u00e7ap\u0131nda 3\u00a0500 adet da\u011f\u0131t\u0131ld\u0131\u011f\u0131n\u0131 \u00f6\u011frenirken \u015fu bilgileri de ald\u0131m:<\/p>\n<p>Ba\u015f M\u00fcft\u00fcl\u00fc\u011f\u00fcn \u201c<strong>Yay\u0131mc\u0131l\u0131k<\/strong>\u201d \u015eubesi var. 2017\u2019de yay\u0131nlanan eserler aras\u0131nda, T\u00fcrkiyeli yazar\u00a0 Prof. Dr. Abdurahman \u00c7etin\u2019in kaleminden \u00e7\u0131kan ve Peygamberin (s.a.s.) hayat\u0131na ve etkinliklerinden de\u011fi\u015fik alanlara \u0131\u015f\u0131k tutan\u00a0 \u201c<strong>Son Haberci<\/strong>\u201d kitab\u0131 Bulgaristan M\u00fcsl\u00fcmanlar\u0131 aras\u0131nda b\u00fcy\u00fck ilgi uyand\u0131rm\u0131\u015f, birinci cildin 2. bask\u0131s\u0131 yap\u0131lm\u0131\u015f.<\/p>\n<p>Genel Sekreter ikinci olarak, \u00a0yazar Said Nuri\u2019nin haz\u0131rlad\u0131\u011f\u0131 bir el kitab\u0131na de\u011findi. M\u00fcsl\u00fcman\u2019\u0131n Allah\u2019\u0131n tekli\u011fine ve g\u00f6nderdi\u011fi Peygambere inanmalar\u0131na ve namaz k\u0131larken hepsinin k\u0131bleye d\u00f6nmelerine ra\u011fmen, M\u00fcsl\u00fcman toplulu\u011fun birle\u015fememesinin nedenlerini inceleyen bu eserde, ki\u015fisel \u00e7\u0131karlara ba\u011fl\u0131l\u0131k ve samimiyette eksiklik \u0130slam toplulu\u011fundaki g\u00f6r\u00fc\u015f ayr\u0131l\u0131klar\u0131 ile par\u00e7alanman\u0131n temel nedenlerinden oldu\u011funa yap\u0131ld\u0131\u011f\u0131na vurgu yapt\u0131 ve Bulgaristan T\u00fcrklerinin de benzer sorunlar ya\u015fad\u0131\u011f\u0131na de\u011findi.<\/p>\n<p>Bulgaristan M\u00fcsl\u00fcmanlar\u0131 Diyaneti <strong>Ba\u015f M\u00fcft\u00fcs\u00fc Dr. Mustafa Hac\u0131<\/strong> Ba\u015fm\u00fcft\u00fc g\u00f6revine ilk kez 1997\u2019de se\u00e7ilmi\u015ftir. Din e\u011fitimini \u00dcrd\u00fcn\u2019de g\u00f6rm\u00fc\u015f, Doktora tezini de \u0130stanbul Marmara \u00dcniversitesinde savunmu\u015ftur. Ba\u015fm\u00fcft\u00fc g\u00f6revine din adamlar\u0131 kongrelerinde t\u00fcm delegelerin oyuyla se\u00e7ilmi\u015ftir. O, ger\u00e7ekten de ilmiyle, ihlas\u0131yla ve takvas\u0131yla Bulgaristan M\u00fcsl\u00fcmanlar\u0131 i\u00e7in Y\u00fcce Allah\u2019\u0131n bir l\u00fctf\u00fcd\u00fcr, s\u00f6zleri \u00e7ok etkileyici kar\u015f\u0131lan\u0131rken, ayn\u0131 zamanda bir gizli polis subay\u0131,, kom\u00fcnist ve dinsiz oldu\u011fu bilinen, totaliter rejim \u201cBa\u015fm\u00fcft\u00fcs\u00fc\u201d Dr. Nedim Gen\u00e7ev\u2019in a\u011f\u0131r kay\u0131plar vererek totalitarizmden s\u0131yr\u0131lan yerli M\u00fcsl\u00fcmanlara yeni tuzaklar kurmaya devam etmesi, Bulgaristan M\u00fcsl\u00fcmanlar\u0131n\u0131 desteklemek i\u00e7in <strong>\u201cHanefi Ba\u015f M\u00fcft\u00fcl\u00fc\u011f\u00fc\u201d<\/strong> tescil ettirmesi, bir\u00e7ok Vak\u0131f m\u00fclk\u00fcne el atmas\u0131 ve M\u00fcsl\u00fcman vak\u0131flar\u0131na kar\u015f\u0131 mahkemelerde davalar\u0131 s\u00fcrd\u00fcrmesi gibi ayr\u0131nt\u0131lar \u00fcz\u00fcnt\u00fc uyand\u0131rd\u0131. .<\/p>\n<p>Yay\u0131nlanan ba\u015fka bir kitap ise, yazar <strong>Necati \u00d6me<\/strong>r\u2019in hacim olarak k\u00fc\u00e7\u00fck, fakat \u00f6nemi b\u00fcy\u00fck olan, stresin (gerginlik) olu\u015fum nedenlerini, \u00fcstesinden gelme y\u00f6ntemlerini ve onunla m\u00fccadelede din ve dinsen inan\u00e7lar\u0131n rol\u00fcn\u00fc g\u00f6zler \u00f6n\u00fcne seren eserine g\u00f6sterilen yak\u0131n ilgi ve d\u00fczenlenen tan\u0131t\u0131m ve tart\u0131\u015fma seminerleri \u00fczerinde durdu.<\/p><div id=\"bghab-2570380013\" class=\"bghab-icerik-icine-30-paragraf bghab-entity-placement\"><script async src=\"\/\/pagead2.googlesyndication.com\/pagead\/js\/adsbygoogle.js?client=ca-pub-6203283170189293\" crossorigin=\"anonymous\"><\/script><ins class=\"adsbygoogle\" style=\"display:block; text-align:center;\" data-ad-client=\"ca-pub-6203283170189293\" \ndata-ad-slot=\"7303146466\" \ndata-ad-layout=\"in-article\"\ndata-ad-format=\"fluid\" data-full-width-responsive=\"true\"><\/ins>\n<script> \n(adsbygoogle = window.adsbygoogle || []).push({}); \n<\/script>\n<\/div>\n<p>Uzmanl\u0131k alan\u0131m din psikolojisi oldu\u011fundan <strong>Say\u0131nFaik<\/strong>\u2019in konu\u015fmas\u0131na yak\u0131n ilgi g\u00f6sterdim ve \u015fu al\u0131nt\u0131y\u0131 sizler i\u00e7in se\u00e7tim: <em>\u201c\u00c7a\u011f\u0131m\u0131z\u0131n en akt\u00fcel hastal\u0131klar\u0131ndan biri ku\u015fkusuz strestir.\u00a0 Geli\u015fen teknolojiler ile uygarl\u0131\u011f\u0131n y\u00fckseli\u015fi insanlara konfor ve pek \u00e7ok kolayl\u0131klar sunsa da, ayn\u0131 zamanda belirli problemler de do\u011furuyor. Eski ile kar\u015f\u0131la\u015ft\u0131r\u0131ld\u0131\u011f\u0131nda, daha rahat ve konforlu bir hayat s\u00fcrd\u00fcren \u00e7a\u011fda\u015f insan, daha mutlu oldu\u011funu s\u00f6yleyemez. Bu deh\u015fetli hastal\u0131kla ba\u015fa \u00e7\u0131kabilmek i\u00e7in insanlar bazen milyonlar verseler de, en iyi uzmanlar onun kar\u015f\u0131s\u0131nda g\u00fc\u00e7s\u00fcz olduklar\u0131n\u0131 itiraf ediyorlar. \u0130nsan\u0131n stres ve korkuyu a\u015famamas\u0131n\u0131n nedenlerinden biri onun din ve dinsel inan\u00e7lardan uzakla\u015fmas\u0131 kalmaya devam ediyor.\u201d<\/em><\/p>\n<p>Sorular\u0131m\u0131z\u0131n hepsini seve seve yan\u0131tlayan Genel Sekreter Faik\u2019e<strong> \u201cKad\u0131n konusunda ne gibi yeni yay\u0131nlar\u0131n\u0131z var?\u201d <\/strong>sorusunu y\u00f6nelttim<strong>.\u00a0 <\/strong>Konuya \u015f\u00f6yle girdi<strong>: <em>\u201c<\/em><\/strong><em>Yabanc\u0131 din ve ideoloji temsilcilerinin en aldat\u0131c\u0131 konular\u0131ndan biri kad\u0131n ve onun \u0130slam dini ve teolojisindeki yeridir. Kad\u0131n\u0131n hi\u00e7bir hakk\u0131 olmad\u0131\u011f\u0131, erke\u011finin adeta bir eki oldu\u011fu, paranca ile \u00f6rt\u00fcl\u00fc bir e\u015fya olup \u0130slam toplumunda herhangi yer almad\u0131\u011f\u0131 iddialar\u0131 kem g\u00f6zlerindir. Ne yaz\u0131k ki, bu as\u0131ls\u0131z iddialar, \u0130slam ortam\u0131nda<strong> yeti\u015fmi\u015f<\/strong>, fakat \u0130slam din ve k\u00fclt\u00fcr\u00fcnden uzak kalm\u0131\u015f ki\u015filerce de alg\u0131lan\u0131yor.\u201d <\/em><\/p>\n<p>Ve konuyla ilgili Mustafa Muhammed et-Taxxan, bu iddialar\u0131 yalanlayan, Kuran ve s\u00fcnnet kaynaklar\u0131yla \u0130slam toplumunda kad\u0131n\u0131n ald\u0131\u011f\u0131 yeri ve \u0130slam dininin geli\u015fi ve geli\u015fimi s\u00fcrecinde g\u00f6sterdi\u011fi \u00e7abalar\u0131 herkesin g\u00f6z\u00fc \u00f6n\u00fcne koyan bir eserini Bulgarcaya terc\u00fcme edip yay\u0131nlad\u0131klar\u0131n\u0131 payla\u015ft\u0131.<\/p>\n<p>S\u0131ralanan bu yay\u0131nlar d\u0131\u015f\u0131nda, yine Bulgar dilinde olmak \u00fczere, cep boyutlu Kutsal Kuran haz\u0131rlanm\u0131\u015f bast\u0131r\u0131l\u0131p da\u011f\u0131t\u0131lm\u0131\u015ft\u0131r. \u00a0\u0130slam\u2019\u0131 tart\u0131\u015fmalara da giren, <strong>\u201cYay\u0131mc\u0131l\u0131k\u201d<\/strong> \u015eubesi\u00a0<strong>\u00fc<\/strong>nl\u00fc \u0130slam teologlar\u0131ndan \u0130mam Celal\u00fcddin es-Su\u00fcti\u2019in (rah.al) \u201c<em>Miftah-ul-cenne<\/em>\u201d kitab\u0131n\u0131 \u00f6zetleyerek terc\u00fcme etmi\u015f ve s\u00fcnneti reddedenlerin \u00f6ne s\u00fcrd\u00fc\u011f\u00fc deliller suya d\u00fc\u015f\u00fcrmek amac\u0131yla yay\u0131nlam\u0131\u015f ve konuya a\u00e7\u0131kl\u0131k getirmi\u015ftir.<\/p>\n<p>Bu gibi konulara ilginin artt\u0131\u011f\u0131na vurgu yapan Genel Sekreter, din e\u011fitimi alan \u00e7ocuklar aras\u0131ndaki \u00e7al\u0131\u015fmalara da de\u011findi ve \u015f\u00f6yle dedi:\u00a0 <em>\u201c2017 y\u0131l\u0131nda, Y\u00fcksek M\u00fcsl\u00fcman \u015euras\u0131 \u00a0\u201cYay\u0131nc\u0131l\u0131k\u201d Komisyonu,\u00a0 \u00e7ocuklar ve gen\u00e7ler i\u00e7in kitap yay\u0131nlamaya b\u00fcy\u00fck \u00f6nem vermeye kararla\u015ft\u0131rd\u0131. Din de\u011ferlerimizin \u00e7ocuklar\u0131n da anlayabildi\u011fi bir dille, \u00e7ocuk kitaplar\u0131 ve bro\u015f\u00fcrlerde anlat\u0131lmas\u0131 y\u00f6n\u00fcnde, haz\u0131rl\u0131klar g\u00f6r\u00fcld\u00fc. Komisyon kararlar\u0131n\u0131 dikkate alan \u201cYay\u0131nc\u0131l\u0131k\u201d \u015fubesi, Hz. Peygamberin (s.a.s.)\u00a0 k\u0131sa, ama \u00f6nemi b\u00fcy\u00fck \u00f6zl\u00fc s\u00f6zlerinden 40\u2019\u0131n\u0131 se\u00e7erek, T\u00fcrk ressam Hasan Ayc\u0131n\u2019\u0131n tasvirleriyle, \u201c40 Hadis, 40 Resim\u201d adl\u0131 kitab\u0131 bas\u0131na haz\u0131rlad\u0131.\u201d<\/em><\/p><div id=\"bghab-515338089\" class=\"bghab-icerik-icine-35-paragraf bghab-entity-placement\"><script async src=\"\/\/pagead2.googlesyndication.com\/pagead\/js\/adsbygoogle.js?client=ca-pub-6203283170189293\" crossorigin=\"anonymous\"><\/script><ins class=\"adsbygoogle\" style=\"display:block; text-align:center;\" data-ad-client=\"ca-pub-6203283170189293\" \ndata-ad-slot=\"7303146466\" \ndata-ad-layout=\"in-article\"\ndata-ad-format=\"fluid\" data-full-width-responsive=\"true\"><\/ins>\n<script> \n(adsbygoogle = window.adsbygoogle || []).push({}); \n<\/script>\n<\/div>\n<p>O, bu \u00e7al\u0131\u015fmalar\u0131n d\u0131\u015f\u0131nda Ba\u015fm\u00fcft\u00fcl\u00fc\u011f\u00fcn, \u201c<em>Bulgar M\u00fcsl\u00fcmanlar\u0131n\u0131n Sosyal ve Dinsel D\u00fc\u015f\u00fcn\u00fcs\u00fcnde Yeni E\u011filimler<\/em>\u201d kitab\u0131na ve \u00a0\u201c<em>Bulgaristan\u2019da Cami ve Mescitler<\/em>\u201d\u00a0 derlemesinin Bulgar Bilimler Akademisi (BAN) \u201cProf. Marin Drinov\u201d Yay\u0131m Evi taraf\u0131ndan yay\u0131nland\u0131\u011f\u0131na da \u00f6nemli yer ay\u0131rd\u0131. Ba\u015fm\u00fcft\u00fcl\u00fck d\u0131\u015f\u0131nda, ilgili kurumlarla i\u015fbirli\u011fi yap\u0131larak bu y\u00f6ndeki \u00e7al\u0131\u015fmalar\u0131n da devam etti\u011fine i\u015faret etti.<\/p>\n<h5 style=\"text-align: center;\"><img data-recalc-dims=\"1\" loading=\"lazy\" decoding=\"async\" class=\"aligncenter\" src=\"https:\/\/i0.wp.com\/www.bghaber.org\/bghaber\/wp-content\/uploads\/2018\/02\/183424c7-17f3-4aa1-b52a-14315ca19e17.jpg?resize=558%2C314\" width=\"558\" height=\"314\" \/>Sonunda Genel Ba\u015fkan\u0131m\u0131z Rafet ULUT\u00dcRK getirmi\u015f oldu\u011fumuz<br \/>\nhediyelerin yan\u0131nda kendi kitab\u0131n\u0131 da taktim etti.<\/h5>\n<p>Heyetten arkada\u015flar\u0131m Sofya M\u00fcsl\u00fcmanlar\u0131n\u0131n \u00e7\u00f6z\u00fcm bekleyen en acil sorunlar\u0131yla ilgilendiler. Genel Sekreter Faik, \u015fu d\u00f6nem \u00e7\u00f6z\u00fcm bekleyen ba\u015fat sorunun bir M\u00fcsl\u00fcman Mezarl\u0131\u011f\u0131 \u00e7al\u0131\u015fmalar\u0131n\u0131n s\u00fcrd\u00fc\u011f\u00fcn\u00fc, Vak\u0131f m\u00fclk\u00fc takas\u0131yla Sofya\u2019n\u0131n <strong>\u201cSuhodol\u201d<\/strong> mevkiinde 52 d\u00f6n\u00fcm yer ald\u0131klar\u0131n\u0131 ve hukuki i\u015flemlerin devam etti\u011fini bildirdi. Milliyet\u00e7i g\u00fc\u00e7lerin engellemelerini a\u015fabileceklerine inand\u0131\u011f\u0131n\u0131 s\u00f6yledi. Halen Sofya\u2019da 25 bin M\u00fcsl\u00fcman oldu\u011funu demokrasiye ge\u00e7i\u015f d\u00f6neminde bu insanlar\u0131n hayat\u0131n\u0131n yeniden \u015fekillendi\u011fini, \u0130slami konularda cahillikte kurtulma yolunda \u00f6nemli ad\u0131mlar at\u0131ld\u0131\u011f\u0131na gururla de\u011findi. Onun \u015fu s\u00f6zleri dikkatimi \u00e7ekti:<\/p>\n<p><em>\u201cBulgaristan M\u00fcsl\u00fcmanlar\u0131n\u0131n aras\u0131nda bir uyan\u0131\u015f var. Gen\u00e7lerde \u0130slam\u2019a d\u00f6n\u00fc\u015f ya\u015fan\u0131yor. Cehaleti daha kaliteli hocalarla a\u015fmak zorunday\u0131z. S\u0131k\u0131nt\u0131lar\u0131m\u0131z var. Bir\u00e7ok yerde imamlar\u0131m\u0131z Namaz k\u0131ld\u0131rabilir ve cenaze kald\u0131rabilir, fakat daha ileri ad\u0131m atabilecek durumda de\u011fildir. Yurt d\u0131\u015f\u0131ndan gelen kadrolar\u0131m\u0131zla halk\u0131n \u0130slam k\u00fclt\u00fcr\u00fcn\u00fc y\u00fckseltmeye \u00e7al\u0131\u015f\u0131yoruz. Bu \u00fclkede dinden ba\u015fka ahlak olu\u015fturacak ve y\u00fcksek moral e\u011fitimi verecek bir kurum yoktur. Bir yandan Bulgarca din kitaplar\u0131 basarken, ayn\u0131 zamanda Kuran Kurslar\u0131nda T\u00fcrk\u00e7e \u00f6\u011fretiyoruz. \u00c7ingene mahallerine Kuranla birlikte maddi destek, g\u0131da da da\u011f\u0131t\u0131yoruz. D\u0131\u015f \u00fclkelerden M\u00fcsl\u00fcmanlar\u0131n da g\u00f6sterdikleri yard\u0131mlarla sorunlar\u0131m\u0131z\u0131 giderek a\u015f\u0131yoruz.\u201d<\/em><\/p>\n<p><strong>Sohbete d\u00f6n\u00fc\u015fen g\u00f6r\u00fc\u015fmede, Y\u00fcksek \u0130slam Enstit\u00fcs\u00fc ile de ilgilendik.<\/strong><\/p>\n<p>Say\u0131n Celal Faik, Sofya\u2019da tam donan\u0131ml\u0131 bir \u0130slam Enstit\u00fcs\u00fcne ihtiya\u00e7 oldu\u011funu, bu ama\u00e7la bir arsa al\u0131nd\u0131\u011f\u0131n\u0131, fakat kom\u00fcnist, M\u00fcft\u00fc kal\u0131nt\u0131s\u0131 N. Gencev ve milliyet\u00e7i, T\u00fcrk ve \u0130slam d\u00fc\u015fman\u0131 zihniyetin engellemeleri y\u00fcz\u00fcnden hen\u00fcz in\u015faat \u00e7al\u0131\u015fmalar\u0131na ba\u015flayamad\u0131klar\u0131na da de\u011findi. Bulgaristan M\u00fcsl\u00fcmanlar\u0131 Diyaneti Vak\u0131f m\u00fclklerini geri alabilmek i\u00e7in halen 73 dava y\u00fcr\u00fct\u00fcyor.\u00a0 Osmanl\u0131 devrinden kalan toplam 2\u00a0353 Y\u00fcksek Mimar ve Sanat eserlerinden Karlovo \u201c<strong>Kur\u015fun Cami<\/strong>\u201d, K\u00f6stendil \u201c<strong>Fatih<\/strong>\u201d cami ve <strong>Nevrekop Camii<\/strong> gibi \u015faheserlerin acil onar\u0131ma ihtiyac\u0131 var. T\u00fcrk diplomasisinin bu kap\u0131y\u0131 a\u00e7mas\u0131 zorunlu olmu\u015ftur.<\/p><div id=\"bghab-1202239704\" class=\"bghab-icerik-icine-40-paragraf bghab-entity-placement\"><script async src=\"\/\/pagead2.googlesyndication.com\/pagead\/js\/adsbygoogle.js?client=ca-pub-6203283170189293\" crossorigin=\"anonymous\"><\/script><ins class=\"adsbygoogle\" style=\"display:block; text-align:center;\" data-ad-client=\"ca-pub-6203283170189293\" \ndata-ad-slot=\"7303146466\" \ndata-ad-layout=\"in-article\"\ndata-ad-format=\"fluid\" data-full-width-responsive=\"true\"><\/ins>\n<script> \n(adsbygoogle = window.adsbygoogle || []).push({}); \n<\/script>\n<\/div>\n<p>2 saat s\u00fcren g\u00f6r\u00fc\u015fmemizden, Bulgaristan M\u00fcsl\u00fcman Diyanetinin etkinlikleri \u00fcst\u00fcne bilgilenmi\u015f olarak ayr\u0131l\u0131rken, kendilerine te\u015fekk\u00fcr edip ba\u015far\u0131 dileklerimizi ve hediyelerimizi sunduk. Bulgaristan M\u00fcsl\u00fcmanlar\u0131 Ba\u015f M\u00fcft\u00fcl\u00fc\u011f\u00fcn\u00fcn gen\u00e7 idari lideri ve ekibinden umutla ayr\u0131ld\u0131k.<\/p>\n<p><img data-recalc-dims=\"1\" loading=\"lazy\" decoding=\"async\" class=\"aligncenter\" src=\"https:\/\/i0.wp.com\/www.bghaber.org\/bghaber\/wp-content\/uploads\/2018\/02\/muftulll.jpg?resize=494%2C278\" width=\"494\" height=\"278\" \/><\/p>\n<p>Devam edecek.<\/p>\n<p>\u00dc\u00e7: <strong>B\u00fcy\u00fckel\u00e7ilikte g\u00f6r\u00fc\u015fme. <\/strong><\/p>\n<p>L\u00fctfen payla\u015f\u0131n\u0131z.<\/p>\n<div id=\"bghab-2428774112\" class=\"bghab-yazi-altinda bghab-entity-placement\"><script async src=\"https:\/\/pagead2.googlesyndication.com\/pagead\/js\/adsbygoogle.js\"><\/script>\r\n<!-- bghaber-yaz\u0131-sonu -->\r\n<ins class=\"adsbygoogle\"\r\n     style=\"display:block\"\r\n     data-ad-client=\"ca-pub-6203283170189293\"\r\n     data-ad-slot=\"4222328180\"\r\n     data-ad-format=\"auto\"\r\n     data-full-width-responsive=\"true\"><\/ins>\r\n<script>\r\n     (adsbygoogle = window.adsbygoogle || []).push({});\r\n<\/script><\/div><br style=\"clear: both; display: block; float: none;\"\/>","protected":false},"excerpt":{"rendered":"<p>Tarih: 10 \u015eubat 2018 Yazan: Elif G\u00fcne\u015f Konu:\u00a0\u00a0 Ad\u0131m Ad\u0131m Bulgaristan. S\u00f6nmeyen vatan sevgisi\u2026 Trakya Ovas\u0131nda anayoldan Sofya\u2019ya uzuyoruz. Filibe-Plovdiv sanayi \u015fehirden ta\u015fm\u0131\u015f. B\u00fcy\u00fck lojistik<\/p>\n","protected":false},"author":13,"featured_media":26990,"comment_status":"closed","ping_status":"closed","sticky":false,"template":"","format":"standard","meta":{"advanced_seo_description":"","jetpack_seo_html_title":"","jetpack_seo_noindex":false,"jetpack_seo_schema_type":"","_jetpack_newsletter_access":"","_jetpack_dont_email_post_to_subs":false,"_jetpack_newsletter_tier_id":0,"_jetpack_memberships_contains_paywalled_content":false,"_jetpack_feature_clip_id":0,"_jetpack_memberships_contains_paid_content":false,"footnotes":"","jetpack_post_was_ever_published":false},"categories":[6],"tags":[],"class_list":["post-27106","post","type-post","status-publish","format-standard","has-post-thumbnail","hentry","category-yorum"],"jetpack_sharing_enabled":true,"jetpack_likes_enabled":true,"jetpack-related-posts":[],"jetpack_shortlink":"https:\/\/wp.me\/pc2PfJ-73c","jetpack_featured_media_url":"https:\/\/i0.wp.com\/www.bghaber.org\/bghaber\/wp-content\/uploads\/2018\/02\/elif-gunes-e1561133931689.jpg?fit=960%2C960&ssl=1","_links":{"self":[{"href":"https:\/\/www.bghaber.org\/bghaber\/wp-json\/wp\/v2\/posts\/27106","targetHints":{"allow":["GET"]}}],"collection":[{"href":"https:\/\/www.bghaber.org\/bghaber\/wp-json\/wp\/v2\/posts"}],"about":[{"href":"https:\/\/www.bghaber.org\/bghaber\/wp-json\/wp\/v2\/types\/post"}],"author":[{"embeddable":true,"href":"https:\/\/www.bghaber.org\/bghaber\/wp-json\/wp\/v2\/users\/13"}],"replies":[{"embeddable":true,"href":"https:\/\/www.bghaber.org\/bghaber\/wp-json\/wp\/v2\/comments?post=27106"}],"version-history":[{"count":0,"href":"https:\/\/www.bghaber.org\/bghaber\/wp-json\/wp\/v2\/posts\/27106\/revisions"}],"wp:featuredmedia":[{"embeddable":true,"href":"https:\/\/www.bghaber.org\/bghaber\/wp-json\/wp\/v2\/media\/26990"}],"wp:attachment":[{"href":"https:\/\/www.bghaber.org\/bghaber\/wp-json\/wp\/v2\/media?parent=27106"}],"wp:term":[{"taxonomy":"category","embeddable":true,"href":"https:\/\/www.bghaber.org\/bghaber\/wp-json\/wp\/v2\/categories?post=27106"},{"taxonomy":"post_tag","embeddable":true,"href":"https:\/\/www.bghaber.org\/bghaber\/wp-json\/wp\/v2\/tags?post=27106"}],"curies":[{"name":"wp","href":"https:\/\/api.w.org\/{rel}","templated":true}]}}