{"id":27099,"date":"2018-02-11T14:07:41","date_gmt":"2018-02-11T11:07:41","guid":{"rendered":"http:\/\/www.bghaber.org\/bghaber\/?p=27099"},"modified":"2019-07-07T22:52:51","modified_gmt":"2019-07-07T20:52:51","slug":"rumen-radev-ermenistana-resmi-ziyarette-bulunacak","status":"publish","type":"post","link":"https:\/\/www.bghaber.org\/bghaber\/rumen-radev-ermenistana-resmi-ziyarette-bulunacak\/","title":{"rendered":"Rumen Radev Ermenistan\u2019a resmi ziyarette bulunacak"},"content":{"rendered":"<p>Bulgaristan cumhurba\u015fkan\u0131 Rumen Radev, Ermeni mevkida\u015f\u0131 Serj Sarkisyan\u2019\u0131n davetiyle Ermenistan\u2019a resmi ziyarette bulunacak.<\/p>\n<p>Ziyaret \u00e7er\u00e7evesinde konuk cumhurba\u015fkan\u0131n\u0131n; cumhurba\u015fkan\u0131, Millet Meclisi ba\u015fkan\u0131, ba\u015fbakanla bulu\u015fmalar\u0131 \u00f6ng\u00f6r\u00fclmekte.<\/p>\n<p>Ba\u015fkan Radev, Ana Taht Kutsal Etchmiatsin\u2019de D\u00fcnya Ermenileri Katolikosu Garegin II\u2019nin konu\u011fu olacak. Katolikos Hazretleriyle bulu\u015fma sonras\u0131nda Radev. Ana Mabed ve Hazine Dairesini ziyaret edecek.<\/p>\n<p>Cumhurba\u015fkanl\u0131\u011f\u0131 konutunda Ermeni-Bulgar y\u00fcksek d\u00fczeyli m\u00fczakerleri sonras\u0131 ba\u015fkanlar Sarkisyan ve Radev ortak bas\u0131n toplant\u0131s\u0131na kat\u0131lacaklar. \u0130ki \u00fclke aras\u0131nda bir dizi alanlarda ikili i\u015fbirli\u011finin geni\u015fletilmesi ve derinle\u015ftirilmesine y\u00f6nelik belgelerin imzalanmas\u0131 \u00f6ng\u00f6r\u00fclmekte.<\/p>\n<p>Konuk cumhurba\u015fkan\u0131 ziyareti \u00e7er\u00e7evesinde El Yazmalar\u0131 M\u00fcze-Enstit\u00fcs\u00fc Matenadaran, Tumo Yarat\u0131c\u0131 Teknolojiler Merkezi ve Peyo Yavorov N.131 Orta Dereceli Okuluna ziyaretlerde bulunacak.<\/p><div id=\"bghab-334760291\" class=\"bghab-icerik-icine bghab-entity-placement\"><script async src=\"\/\/pagead2.googlesyndication.com\/pagead\/js\/adsbygoogle.js?client=ca-pub-6203283170189293\" crossorigin=\"anonymous\"><\/script><ins class=\"adsbygoogle\" style=\"display:block; text-align:center;\" data-ad-client=\"ca-pub-6203283170189293\" \ndata-ad-slot=\"7303146466\" \ndata-ad-layout=\"in-article\"\ndata-ad-format=\"fluid\" data-full-width-responsive=\"true\"><\/ins>\n<script> \n(adsbygoogle = window.adsbygoogle || []).push({}); \n<\/script>\n<\/div>\n<p>&nbsp;<\/p>\n<p>News.Am<\/p>\n<div id=\"bghab-3577151562\" class=\"bghab-yazi-altinda bghab-entity-placement\"><script async src=\"https:\/\/pagead2.googlesyndication.com\/pagead\/js\/adsbygoogle.js\"><\/script>\r\n<!-- bghaber-yaz\u0131-sonu -->\r\n<ins class=\"adsbygoogle\"\r\n     style=\"display:block\"\r\n     data-ad-client=\"ca-pub-6203283170189293\"\r\n     data-ad-slot=\"4222328180\"\r\n     data-ad-format=\"auto\"\r\n     data-full-width-responsive=\"true\"><\/ins>\r\n<script>\r\n     (adsbygoogle = window.adsbygoogle || []).push({});\r\n<\/script><\/div><br style=\"clear: both; display: block; float: none;\"\/>","protected":false},"excerpt":{"rendered":"<p>Bulgaristan cumhurba\u015fkan\u0131 Rumen Radev, Ermeni mevkida\u015f\u0131 Serj Sarkisyan\u2019\u0131n davetiyle Ermenistan\u2019a resmi ziyarette bulunacak. Ziyaret \u00e7er\u00e7evesinde konuk cumhurba\u015fkan\u0131n\u0131n; cumhurba\u015fkan\u0131, Millet Meclisi ba\u015fkan\u0131, ba\u015fbakanla bulu\u015fmalar\u0131 \u00f6ng\u00f6r\u00fclmekte. Ba\u015fkan<\/p>\n","protected":false},"author":29,"featured_media":25832,"comment_status":"closed","ping_status":"closed","sticky":false,"template":"","format":"standard","meta":{"advanced_seo_description":"","jetpack_seo_html_title":"","jetpack_seo_noindex":false,"jetpack_seo_schema_type":"","_jetpack_newsletter_access":"","_jetpack_dont_email_post_to_subs":false,"_jetpack_newsletter_tier_id":0,"_jetpack_memberships_contains_paywalled_content":false,"_jetpack_feature_clip_id":0,"_jetpack_memberships_contains_paid_content":false,"footnotes":"","jetpack_post_was_ever_published":false},"categories":[1,4],"tags":[],"class_list":["post-27099","post","type-post","status-publish","format-standard","has-post-thumbnail","hentry","category-haberler","category-siyaset"],"jetpack_sharing_enabled":true,"jetpack_likes_enabled":true,"jetpack-related-posts":[],"jetpack_shortlink":"https:\/\/wp.me\/pc2PfJ-735","jetpack_featured_media_url":"https:\/\/i0.wp.com\/www.bghaber.org\/bghaber\/wp-content\/uploads\/2018\/01\/rumen-radev-bulgaristan-cumhurbaskani-2017.jpg?fit=650%2C366&ssl=1","_links":{"self":[{"href":"https:\/\/www.bghaber.org\/bghaber\/wp-json\/wp\/v2\/posts\/27099","targetHints":{"allow":["GET"]}}],"collection":[{"href":"https:\/\/www.bghaber.org\/bghaber\/wp-json\/wp\/v2\/posts"}],"about":[{"href":"https:\/\/www.bghaber.org\/bghaber\/wp-json\/wp\/v2\/types\/post"}],"author":[{"embeddable":true,"href":"https:\/\/www.bghaber.org\/bghaber\/wp-json\/wp\/v2\/users\/29"}],"replies":[{"embeddable":true,"href":"https:\/\/www.bghaber.org\/bghaber\/wp-json\/wp\/v2\/comments?post=27099"}],"version-history":[{"count":0,"href":"https:\/\/www.bghaber.org\/bghaber\/wp-json\/wp\/v2\/posts\/27099\/revisions"}],"wp:featuredmedia":[{"embeddable":true,"href":"https:\/\/www.bghaber.org\/bghaber\/wp-json\/wp\/v2\/media\/25832"}],"wp:attachment":[{"href":"https:\/\/www.bghaber.org\/bghaber\/wp-json\/wp\/v2\/media?parent=27099"}],"wp:term":[{"taxonomy":"category","embeddable":true,"href":"https:\/\/www.bghaber.org\/bghaber\/wp-json\/wp\/v2\/categories?post=27099"},{"taxonomy":"post_tag","embeddable":true,"href":"https:\/\/www.bghaber.org\/bghaber\/wp-json\/wp\/v2\/tags?post=27099"}],"curies":[{"name":"wp","href":"https:\/\/api.w.org\/{rel}","templated":true}]}}