{"id":27093,"date":"2018-02-10T22:00:24","date_gmt":"2018-02-10T19:00:24","guid":{"rendered":"http:\/\/www.bghaber.org\/bghaber\/?p=27093"},"modified":"2019-07-07T22:52:52","modified_gmt":"2019-07-07T20:52:52","slug":"melnikte-altin-salkim-sarap-festivali","status":"publish","type":"post","link":"https:\/\/www.bghaber.org\/bghaber\/melnikte-altin-salkim-sarap-festivali\/","title":{"rendered":"Melnik\u2019te \u201cAlt\u0131n salk\u0131m\u201d \u015earap Festivali"},"content":{"rendered":"<p>Gelenek \u00fczere \u00fclkemizde en g\u00fczel \u015faraplar\u0131yla \u00fcnl\u00fc Melnik \u015fehrinde \u201cAlt\u0131n salk\u0131m\u201d \u015earap Festivali d\u00fczenlenmektedir.<\/p>\n<p>\u201cAlt\u0131n salk\u0131m \u201c \u015farap festivalinin amac\u0131, b\u00f6lgeden en iyi \u015farap mahzenlerinin \u00fcr\u00fcnlerini tan\u0131tmakt\u0131r. Melnikli vatanda\u015flar ve konuklar en g\u00fczel \u015faraplar\u0131 tatma \u015fans\u0131na sahip olacakt\u0131r. Gelenek \u00fczere en g\u00fczel ev yap\u0131m\u0131 \u015farap yar\u0131\u015fmas\u0131 da d\u00fczenlenecek.<\/p>\n<p>Melnik, \u201c\u015eiroka melni\u015fka loza\u201d isimli \u00fcz\u00fcm cinsi ile \u00fcnl\u00fcd\u00fcr. Bu \u00fcz\u00fcm cinsi sadece burada yeti\u015fiyor ve bundan dolay\u0131 da Melnik \u015farab\u0131n\u0131n en b\u00fcy\u00fck \u00f6zelli\u011fi de ba\u015fka bir \u015farap cinsine benzememesi.<\/p>\n<p>&nbsp;<\/p>\n<p>BNR<\/p>\n<div id=\"bghab-3421021725\" class=\"bghab-yazi-altinda bghab-entity-placement\"><script async src=\"https:\/\/pagead2.googlesyndication.com\/pagead\/js\/adsbygoogle.js\"><\/script>\r\n<!-- bghaber-yaz\u0131-sonu -->\r\n<ins class=\"adsbygoogle\"\r\n     style=\"display:block\"\r\n     data-ad-client=\"ca-pub-6203283170189293\"\r\n     data-ad-slot=\"4222328180\"\r\n     data-ad-format=\"auto\"\r\n     data-full-width-responsive=\"true\"><\/ins>\r\n<script>\r\n     (adsbygoogle = window.adsbygoogle || []).push({});\r\n<\/script><\/div><br style=\"clear: both; display: block; float: none;\"\/>","protected":false},"excerpt":{"rendered":"<p>Gelenek \u00fczere \u00fclkemizde en g\u00fczel \u015faraplar\u0131yla \u00fcnl\u00fc Melnik \u015fehrinde \u201cAlt\u0131n salk\u0131m\u201d \u015earap Festivali d\u00fczenlenmektedir. \u201cAlt\u0131n salk\u0131m \u201c \u015farap festivalinin amac\u0131, b\u00f6lgeden en iyi \u015farap mahzenlerinin<\/p>\n","protected":false},"author":29,"featured_media":27094,"comment_status":"closed","ping_status":"closed","sticky":false,"template":"","format":"standard","meta":{"advanced_seo_description":"","jetpack_seo_html_title":"","jetpack_seo_noindex":false,"jetpack_seo_schema_type":"","_jetpack_newsletter_access":"","_jetpack_dont_email_post_to_subs":false,"_jetpack_newsletter_tier_id":0,"_jetpack_memberships_contains_paywalled_content":false,"_jetpack_feature_clip_id":0,"_jetpack_memberships_contains_paid_content":false,"footnotes":"","jetpack_post_was_ever_published":false},"categories":[1,10],"tags":[],"class_list":["post-27093","post","type-post","status-publish","format-standard","has-post-thumbnail","hentry","category-haberler","category-kultur-sanat"],"jetpack_sharing_enabled":true,"jetpack_likes_enabled":true,"jetpack-related-posts":[],"jetpack_shortlink":"https:\/\/wp.me\/pc2PfJ-72Z","jetpack_featured_media_url":"https:\/\/i0.wp.com\/www.bghaber.org\/bghaber\/wp-content\/uploads\/2018\/02\/melnik-sarap-festivali-bulgaristan.jpg?fit=610%2C343&ssl=1","_links":{"self":[{"href":"https:\/\/www.bghaber.org\/bghaber\/wp-json\/wp\/v2\/posts\/27093","targetHints":{"allow":["GET"]}}],"collection":[{"href":"https:\/\/www.bghaber.org\/bghaber\/wp-json\/wp\/v2\/posts"}],"about":[{"href":"https:\/\/www.bghaber.org\/bghaber\/wp-json\/wp\/v2\/types\/post"}],"author":[{"embeddable":true,"href":"https:\/\/www.bghaber.org\/bghaber\/wp-json\/wp\/v2\/users\/29"}],"replies":[{"embeddable":true,"href":"https:\/\/www.bghaber.org\/bghaber\/wp-json\/wp\/v2\/comments?post=27093"}],"version-history":[{"count":0,"href":"https:\/\/www.bghaber.org\/bghaber\/wp-json\/wp\/v2\/posts\/27093\/revisions"}],"wp:featuredmedia":[{"embeddable":true,"href":"https:\/\/www.bghaber.org\/bghaber\/wp-json\/wp\/v2\/media\/27094"}],"wp:attachment":[{"href":"https:\/\/www.bghaber.org\/bghaber\/wp-json\/wp\/v2\/media?parent=27093"}],"wp:term":[{"taxonomy":"category","embeddable":true,"href":"https:\/\/www.bghaber.org\/bghaber\/wp-json\/wp\/v2\/categories?post=27093"},{"taxonomy":"post_tag","embeddable":true,"href":"https:\/\/www.bghaber.org\/bghaber\/wp-json\/wp\/v2\/tags?post=27093"}],"curies":[{"name":"wp","href":"https:\/\/api.w.org\/{rel}","templated":true}]}}