{"id":27090,"date":"2018-02-10T20:14:53","date_gmt":"2018-02-10T17:14:53","guid":{"rendered":"http:\/\/www.bghaber.org\/bghaber\/?p=27090"},"modified":"2019-07-07T22:52:52","modified_gmt":"2019-07-07T20:52:52","slug":"kircaaliden-12-sinif-ogrencisi-edanin-basariya-giden-yolu","status":"publish","type":"post","link":"https:\/\/www.bghaber.org\/bghaber\/kircaaliden-12-sinif-ogrencisi-edanin-basariya-giden-yolu\/","title":{"rendered":"K\u0131rcaali\u2019den 12.s\u0131n\u0131f \u00f6\u011frencisi Eda\u2019n\u0131n ba\u015far\u0131ya giden yolu"},"content":{"rendered":"<p>AB \u00fclkelerinden 700\u2019\u00fcn \u00fczerinde okuldan 3200 \u00f6\u011frencinin kat\u0131ld\u0131\u011f\u0131 Avrupa Komisyonu\u2019nun \u201cGen\u00e7 \u00c7evirmenler\u201d Yar\u0131\u015fmas\u0131nda Almanca terc\u00fcmelerde onur \u00f6d\u00fcl\u00fc, Sofya K\u00fct\u00fcphanesi ve \u201cSveta Sofya 1997\u201d Halk okumaevi taraf\u0131ndan organize edilen \u201cNoel Dede\u2019ye kar\u015f\u0131 k\u00fcresel \u0131s\u0131nma\u201d ba\u015fl\u0131kl\u0131 \u0425III Ulusal Edebiyat Yar\u0131\u015fmas\u0131nda birincilik ve daha sayamad\u0131\u011f\u0131m\u0131z bir\u00e7ok ba\u015far\u0131n\u0131n tek ismi K\u0131rcaali \u201cHristo Botev\u201d Yabanc\u0131 Diller Lisesi 12. s\u0131n\u0131f \u00f6\u011frencisi Eda Mehmedali.<\/p>\n<p>Eda, kitaplar\u0131 her\u015feyden \u00e7ok seviyor, bu sevginin ard\u0131nda da anne babas\u0131n\u0131n deste\u011fini ald\u0131\u011f\u0131n\u0131 her f\u0131rsatta \u00f6ne s\u00fcr\u00fcyor. Bizim sayabildi\u011fimiz yabanc\u0131 dilleri konu\u015fuyor \u2013 Almanca, Frans\u0131zca, \u0130ngilizce vs., piyano \u00e7al\u0131yor, Bar\u0131\u015f Man\u00e7o\u2019nun \u015fark\u0131lar\u0131n\u0131 \u00e7ok seviyor ve ayr\u0131ca da Athena hayran\u0131&#8230; Erasmus Projesi \u00e7er\u00e7evesinde kendisini Berlin\u2019e yolcu ettik. Ama onun Almanya maceras\u0131 burada son bulmuyor.<\/p>\n<p>Herkes yabanc\u0131 dilleri meslek olarak edinir, diye d\u00fc\u015f\u00fcn\u00fcrken Eda, T\u0131p okumak i\u00e7in birka\u00e7 ay sonra tekrar Almanya\u2019ya u\u00e7acak&#8230;<\/p>\n<p>Ba\u015far\u0131lar\u0131n\u0131n devam\u0131n\u0131 Eda Mehmedali ile BNR\u2019de yapt\u0131\u011f\u0131m\u0131z r\u00f6portajdan <a href=\"http:\/\/bnr.bg\/tr\/post\/100931445\" target=\"_blank\" rel=\"noopener noreferrer\">dinleyebilirsiniz<\/a>.<\/p>\n<p>&nbsp;<\/p>\n<p>Haz\u0131rlayan: \u015eevkiye \u00c7ak\u0131r<\/p><div id=\"bghab-4061055924\" class=\"bghab-icerik-icine bghab-entity-placement\"><script async src=\"\/\/pagead2.googlesyndication.com\/pagead\/js\/adsbygoogle.js?client=ca-pub-6203283170189293\" crossorigin=\"anonymous\"><\/script><ins class=\"adsbygoogle\" style=\"display:block; text-align:center;\" data-ad-client=\"ca-pub-6203283170189293\" \ndata-ad-slot=\"7303146466\" \ndata-ad-layout=\"in-article\"\ndata-ad-format=\"fluid\" data-full-width-responsive=\"true\"><\/ins>\n<script> \n(adsbygoogle = window.adsbygoogle || []).push({}); \n<\/script>\n<\/div>\n<p>BNR<\/p>\n<div id=\"bghab-2595622579\" class=\"bghab-yazi-altinda bghab-entity-placement\"><script async src=\"https:\/\/pagead2.googlesyndication.com\/pagead\/js\/adsbygoogle.js\"><\/script>\r\n<!-- bghaber-yaz\u0131-sonu -->\r\n<ins class=\"adsbygoogle\"\r\n     style=\"display:block\"\r\n     data-ad-client=\"ca-pub-6203283170189293\"\r\n     data-ad-slot=\"4222328180\"\r\n     data-ad-format=\"auto\"\r\n     data-full-width-responsive=\"true\"><\/ins>\r\n<script>\r\n     (adsbygoogle = window.adsbygoogle || []).push({});\r\n<\/script><\/div><br style=\"clear: both; display: block; float: none;\"\/>","protected":false},"excerpt":{"rendered":"<p>AB \u00fclkelerinden 700\u2019\u00fcn \u00fczerinde okuldan 3200 \u00f6\u011frencinin kat\u0131ld\u0131\u011f\u0131 Avrupa Komisyonu\u2019nun \u201cGen\u00e7 \u00c7evirmenler\u201d Yar\u0131\u015fmas\u0131nda Almanca terc\u00fcmelerde onur \u00f6d\u00fcl\u00fc, Sofya K\u00fct\u00fcphanesi ve \u201cSveta Sofya 1997\u201d Halk okumaevi<\/p>\n","protected":false},"author":29,"featured_media":27091,"comment_status":"closed","ping_status":"closed","sticky":false,"template":"","format":"standard","meta":{"advanced_seo_description":"","jetpack_seo_html_title":"","jetpack_seo_noindex":false,"jetpack_seo_schema_type":"","_jetpack_newsletter_access":"","_jetpack_dont_email_post_to_subs":false,"_jetpack_newsletter_tier_id":0,"_jetpack_memberships_contains_paywalled_content":false,"_jetpack_feature_clip_id":0,"_jetpack_memberships_contains_paid_content":false,"footnotes":"","jetpack_post_was_ever_published":false},"categories":[10],"tags":[],"class_list":["post-27090","post","type-post","status-publish","format-standard","has-post-thumbnail","hentry","category-kultur-sanat"],"jetpack_sharing_enabled":true,"jetpack_likes_enabled":true,"jetpack-related-posts":[],"jetpack_shortlink":"https:\/\/wp.me\/pc2PfJ-72W","jetpack_featured_media_url":"https:\/\/i0.wp.com\/www.bghaber.org\/bghaber\/wp-content\/uploads\/2018\/02\/kircaalili-edanin-basarisi.jpg?fit=850%2C478&ssl=1","_links":{"self":[{"href":"https:\/\/www.bghaber.org\/bghaber\/wp-json\/wp\/v2\/posts\/27090","targetHints":{"allow":["GET"]}}],"collection":[{"href":"https:\/\/www.bghaber.org\/bghaber\/wp-json\/wp\/v2\/posts"}],"about":[{"href":"https:\/\/www.bghaber.org\/bghaber\/wp-json\/wp\/v2\/types\/post"}],"author":[{"embeddable":true,"href":"https:\/\/www.bghaber.org\/bghaber\/wp-json\/wp\/v2\/users\/29"}],"replies":[{"embeddable":true,"href":"https:\/\/www.bghaber.org\/bghaber\/wp-json\/wp\/v2\/comments?post=27090"}],"version-history":[{"count":0,"href":"https:\/\/www.bghaber.org\/bghaber\/wp-json\/wp\/v2\/posts\/27090\/revisions"}],"wp:featuredmedia":[{"embeddable":true,"href":"https:\/\/www.bghaber.org\/bghaber\/wp-json\/wp\/v2\/media\/27091"}],"wp:attachment":[{"href":"https:\/\/www.bghaber.org\/bghaber\/wp-json\/wp\/v2\/media?parent=27090"}],"wp:term":[{"taxonomy":"category","embeddable":true,"href":"https:\/\/www.bghaber.org\/bghaber\/wp-json\/wp\/v2\/categories?post=27090"},{"taxonomy":"post_tag","embeddable":true,"href":"https:\/\/www.bghaber.org\/bghaber\/wp-json\/wp\/v2\/tags?post=27090"}],"curies":[{"name":"wp","href":"https:\/\/api.w.org\/{rel}","templated":true}]}}