{"id":27067,"date":"2018-02-10T17:49:54","date_gmt":"2018-02-10T14:49:54","guid":{"rendered":"http:\/\/www.bghaber.org\/bghaber\/?p=27067"},"modified":"2018-02-10T18:36:17","modified_gmt":"2018-02-10T15:36:17","slug":"ucan-kilim","status":"publish","type":"post","link":"https:\/\/www.bghaber.org\/bghaber\/ucan-kilim\/","title":{"rendered":"U\u00e7an Kilim"},"content":{"rendered":"<p>Tarih: 09. 02. 2018 \/ \u0130stanbul<\/p>\n<p>Yazan: \u015eakir Aslanta\u015f<\/p>\n<p>Konu:\u00a0 \u00c7ok etkilendim. Kafalar eski&#8230;\u00a0\u00a0 Ak\u0131llar\u0131nda olan tarih millile\u015ftirmek ve 500 y\u0131l geri d\u00f6nmek&#8230;<\/p>\n<p>\u00c7ocuklu\u011fumuzda anlat\u0131lan Arap masallar\u0131ndan akl\u0131ma tak\u0131lan u\u00e7an kilimi ve maharetli Hint hokkabaz\u0131n\u0131 d\u00fc\u015f\u00fcn\u00fcr oldum. O, hangi y\u00f6nde u\u00e7uyordu? Geri vitesi var m\u0131yd\u0131? Bu sorulara cevap ar\u0131yorum ve bulam\u0131yorum.<\/p>\n<p><strong>\u0130nsan yedisinde neyse yetmi\u015finde de odur.<\/strong><\/p><div id=\"bghab-519363755\" class=\"bghab-icerik-icine bghab-entity-placement\"><script async src=\"\/\/pagead2.googlesyndication.com\/pagead\/js\/adsbygoogle.js?client=ca-pub-6203283170189293\" crossorigin=\"anonymous\"><\/script><ins class=\"adsbygoogle\" style=\"display:block; text-align:center;\" data-ad-client=\"ca-pub-6203283170189293\" \ndata-ad-slot=\"7303146466\" \ndata-ad-layout=\"in-article\"\ndata-ad-format=\"fluid\" data-full-width-responsive=\"true\"><\/ins>\n<script> \n(adsbygoogle = window.adsbygoogle || []).push({}); \n<\/script>\n<\/div>\n<p>Ge\u00e7en hafta bir g\u00fcnl\u00fc\u011f\u00fcne Sofya\u2019ya gittim. Gece karanl\u0131\u011f\u0131na sar\u0131lm\u0131\u015f, Trakya ovas\u0131 bombo\u015ftu. Kara asfaltta yap\u0131\u015fan ara\u00e7la geceyi kovalayan k\u00fc\u00e7\u00fck o\u011flum Berk yola kilitlenmi\u015fti. Daha \u00f6nceki gidi\u015f geli\u015flerimde k\u00f6y sokaklar\u0131 ve evlerin kap\u0131lar\u0131 \u00fczerindeki lo\u015f \u0131\u015f\u0131klar s\u00f6nm\u00fc\u015f, k\u00f6pek havlam\u0131yordu. Nemli karanl\u0131kta insans\u0131z kalan do\u011fan\u0131n g\u00f6zya\u015f\u0131 vard\u0131. Bir haber getirir umuduyla r\u00fczg\u00e2r bekleyen kalmam\u0131\u015ft\u0131. Esse, ok\u015fayacak y\u00fcz ve savuracak sa\u00e7 bulamayaca\u011f\u0131n\u0131 bildi\u011finden olacak, k\u0131\u015f gecesinde o da sanki inine saklanm\u0131\u015ft\u0131.<\/p>\n<p><strong>U\u00e7an kilim masall\u0131nda geri d\u00f6n\u00fc\u015f yoktur.<\/strong><\/p>\n<p>Umut, gidi\u015fte mi yoksa d\u00f6n\u00fc\u015fte midir? Bu soruya cevap veremem. Bildi\u011fim, bozulan bir d\u00fczeni, k\u0131r\u0131lan bir kalbi onarman\u0131n imk\u00e2ns\u0131z olu\u015fudur. Giden gidi\u015fe, gelense geli\u015fe sevinir. Giden kopar. Halk\u0131m\u0131za g\u00f6re, ayr\u0131l\u0131kta <strong>\u201chay\u0131r\u201d<\/strong> vard\u0131r. D\u00f6n\u00fc\u015f\u00fcn \u00f6yk\u00fcs\u00fc yok. Dedem, fidan, ayn\u0131 yere iki defa dikilmez, buyururdu.<\/p>\n<p>Gidi\u015fler foto\u011fraflanmasa, resimler duvarlara as\u0131lmasa her \u015fey unutulurdu. Kovulmak ve ayr\u0131 d\u00fc\u015fmek ac\u0131d\u0131r. Kimse ac\u0131 \u00e7ekmek istemez. Fakat ac\u0131s\u0131 da hayat hakk\u0131 istedi\u011finden, haf\u0131zaya s\u0131\u011f\u0131n\u0131r ve orac\u0131kta ya\u015far.<\/p>\n<p>Yolumuz Sofya\u2019ya. Gen\u00e7li\u011fimi, \u00fcniversite y\u0131llar\u0131m\u0131 b\u0131rakt\u0131\u011f\u0131m \u015fehre. Ne kadar de\u011fi\u015firse de\u011fi\u015fsin, gen\u00e7lik an\u0131lar\u0131ma d\u00f6n\u00fcyorum havas\u0131nday\u0131m\u2026<\/p><div id=\"bghab-558573037\" class=\"bghab-icerik-icine-10-paragraf bghab-entity-placement\"><script async src=\"\/\/pagead2.googlesyndication.com\/pagead\/js\/adsbygoogle.js?client=ca-pub-6203283170189293\" crossorigin=\"anonymous\"><\/script><ins class=\"adsbygoogle\" style=\"display:block; text-align:center;\" data-ad-client=\"ca-pub-6203283170189293\" \ndata-ad-slot=\"7303146466\" \ndata-ad-layout=\"in-article\"\ndata-ad-format=\"fluid\" data-full-width-responsive=\"true\"><\/ins>\n<script> \n(adsbygoogle = window.adsbygoogle || []).push({}); \n<\/script>\n<\/div>\n<p>Kurucular\u0131ndan biri ve Y\u00f6netim Kurulu \u00fcyesi oldu\u011fum Bulgaristan T\u00fcrkleri K\u00fclt\u00fcr ve Hizmet Derne\u011fi BULT\u00dcRK heyetinde yerimi ald\u0131m. Sofya B\u00fcy\u00fckel\u00e7ili\u011fine yeni atanan, B\u00fcy\u00fckel\u00e7imiz <strong>Say\u0131n Hasan Ulusoy Beyefendiye yeni g\u00f6revi hay\u0131rl\u0131 olsuna ve ba\u015far\u0131lar dilemeye gidiyoruz<\/strong>. Biz Bulgaristanl\u0131 T\u00fcrkler i\u00e7in, Sofya B\u00fcy\u00fckel\u00e7ili\u011fimiz, Filibe (Plovdiv) ve Burgaz Konsolosluklar\u0131m\u0131z diplomatik temsilcilikler oldu\u011fu kadar, al\u0131nmaz T\u00fcrkl\u00fck kaleleridir.Bulgaristan T\u00fcrklerinin ayakkab\u0131m\u0131z vursa, ba\u015f\u0131m\u0131z s\u0131k\u0131\u015fsa \u00e7ald\u0131\u011f\u0131m\u0131z ilk ve son kap\u0131d\u0131r buras\u0131.<\/p>\n<p>1970\u2019lerde yerle g\u00f6\u011f\u00fcn aras\u0131 zul\u00fcm ve \u015fiddet doldu\u011funda, biz yerli T\u00fcrkler, her derde derman kap\u0131s\u0131 bildi\u011fimiz bu makama Bulgaristan&#8217;da T\u00fcrkler bir g\u00fcn <strong>400\u00a0000 (d\u00f6rt y\u00fcz bin) mektup yazm\u0131\u015f\u0131z. <\/strong>\u00c7uvallara doldurulan mektuplar B\u00fcy\u00fckel\u00e7ili\u011fimize at arabalar\u0131yla getirilmi\u015f. B\u00fcy\u00fckel\u00e7i, konsolos, Bulgaristan T\u00fcrk\u00fcn\u00fcn g\u00f6nl\u00fcnde ve vicdan\u0131nda hat\u0131r\u0131 ba\u015f \u00fcst\u00fcnde olan \u201c<strong>B\u00fcy\u00fck Adam\u2019d\u0131r<\/strong>.\u201d<\/p>\n<p>Ben Varna k\u00f6ylerindenim. K\u00f6y\u00fcmdeki T\u00fcrk Okulu kapand\u0131\u011f\u0131nda, ya\u015fl\u0131lar cami odas\u0131na toplanm\u0131\u015f, hocaya ne yap yap \u00e7ocuklara T\u00fcrk\u00e7e okuma yazma \u00f6\u011fret, bakars\u0131n B\u00fcy\u00fckel\u00e7iye mektup yazmalar\u0131 gerekir, dediklerini asla unutamam. B\u00fcy\u00fcklerimiz bizi dizi dibine oturttu ve anadilimizde saymay\u0131, yaz\u0131p okumay\u0131 \u00f6\u011fretmi\u015flerdi.<\/p>\n<p>20. y\u00fczy\u0131lda T\u00fcrkiye Cumhuriyeti B\u00fcy\u00fckel\u00e7ili\u011fi Bulgaristan T\u00fcrkleri i\u00e7in en y\u00fcce devlet makam\u0131 kald\u0131. Hele Mustafa Kemal Pa\u015fa\u2019n\u0131n Sofya Ate\u015fe mili terli\u011finden sonra emperyalist d\u00fc\u015fmanlar\u0131n\u0131 bizim Bulgaristan T\u00fcrklerinin de kat\u0131l\u0131m\u0131 ile \u00c7anakkale\u2019de yenmesi, Sakarya \u0131rma\u011f\u0131 boylar\u0131nda Yunan\u0131n belini k\u0131rmas\u0131 ve hemen ard\u0131ndan da \u0130zmir\u2019de denize d\u00f6kmesi, dedelerimizin can\u0131na can katm\u0131\u015f, umut ye\u015fertmi\u015f, \u00f6m\u00fcr uzatm\u0131\u015ft\u0131. Bulgaristan Sofya B\u00fcy\u00fckel\u00e7ili\u011fimiz de parlayan y\u0131ld\u0131z\u0131 olmu\u015ftu.<\/p>\n<p><strong>1989\u2019da ben de bir gece bir u\u00e7an kilimle vatan\u0131ndan kopanlardan biriyim.<\/strong><\/p><div id=\"bghab-1044346544\" class=\"bghab-icerik-icine-15-paragraf bghab-entity-placement\"><script async src=\"\/\/pagead2.googlesyndication.com\/pagead\/js\/adsbygoogle.js?client=ca-pub-6203283170189293\" crossorigin=\"anonymous\"><\/script><ins class=\"adsbygoogle\" style=\"display:block; text-align:center;\" data-ad-client=\"ca-pub-6203283170189293\" \ndata-ad-slot=\"7303146466\" \ndata-ad-layout=\"in-article\"\ndata-ad-format=\"fluid\" data-full-width-responsive=\"true\"><\/ins>\n<script> \n(adsbygoogle = window.adsbygoogle || []).push({}); \n<\/script>\n<\/div>\n<p>Yedi ya\u015f\u0131m, gen\u00e7lik y\u0131llar\u0131m, hatta k\u0131\u015f\u0131n so\u011fu ve yaz\u0131n s\u0131ca\u011f\u0131 orada kald\u0131. Bahar kokusunu, ekin tarlalar\u0131n\u0131n dalgalan\u0131\u015f\u0131n\u0131 asla unutamad\u0131m. K\u0131l\u00e7\u0131k s\u00fcren ye\u015fil engine kar\u0131\u015fan mavi \u00e7i\u00e7ekler ve k\u0131rm\u0131z\u0131 gelincikler \u00e7ocuklu\u011fumun en iyi tablosuydu. Bu do\u011fa harikas\u0131n\u0131 hayal etti\u011fimde, bulundu\u011fum yer ana-vatan da olsa, her defas\u0131nda g\u00f6z bebeklerimden damlalar ta\u015fm\u0131\u015ft\u0131r.<\/p>\n<p>Zamanla anlad\u0131m ki, g\u00fczelliklerini anlat\u0131rken heyecanland\u0131\u011f\u0131m memleketimi, kovulurken,\u00a0 B\u00fcy\u00fckel\u00e7ime, diplomatlar\u0131m\u0131za emanet etmi\u015fim. Onlar g\u00f6rev ba\u015f\u0131nda olduk\u00e7a, hi\u00e7 bir \u015feyimize hi\u00e7bir \u015fey olmayaca\u011f\u0131na inanm\u0131\u015f\u0131m\u2026 Bu anlamda, bu sayg\u0131 ziyareti benim i\u00e7in \u00e7ok b\u00fcy\u00fck \u00f6nem ta\u015f\u0131yordu.<\/p>\n<p>Sofya B\u00fcy\u00fckel\u00e7ili\u011fimizin kap\u0131s\u0131n\u0131 tak\u0131m elbiseli, kravatl\u0131 10 ki\u015filik bir heyet olarak \u00e7al\u0131yoruz. Ta\u015f\u0131d\u0131\u011f\u0131m\u0131z paketlerde ki\u015fisel hediyeden \u00e7ok, g\u00f6\u00e7men ruhuyla kitapla\u015ft\u0131rd\u0131\u011f\u0131m\u0131z an\u0131lar\u0131m\u0131z, d\u00fc\u015f\u00fcncelerimiz ve \u00f6nerile\u015fen \u00f6zlemlerimiz var. Heyetimizde profes\u00f6r, doktor, ilahiyat\u00e7\u0131, gazeteci, dernek\u00e7i, siyaset\u00e7i vb arkada\u015flar yer al\u0131yor. Ortak kurdu\u011fumuz ve yarat\u0131c\u0131l\u0131\u011f\u0131m\u0131z\u0131n mihveri olan Bulgaristan Stratejik Ara\u015ft\u0131rma Merkezi (BGSAM) yay\u0131nlar\u0131ndan <strong>30 kitapla<\/strong> d\u00fcnya g\u00f6r\u00fc\u015f\u00fcm\u00fcz\u00fc, fikirlerimizi ve t\u00fcm birikimimizi B\u00fcy\u00fckel\u00e7ili\u011fimize ta\u015f\u0131yoruz. Ziyaretimizi tuhaf bulanlar da olmu\u015f olabilir. \u00c7\u00fcnk\u00fc daha \u00f6nce bir emsalinin ya\u015fanmad\u0131\u011f\u0131 kula\u011f\u0131m\u0131za geldi.<\/p>\n<p>\u0130lk ziyaretimizin, bir ba\u015fka anlam\u0131 ise, devlet siyaseti ile dernek etkinliklerinde ifade bulan, hareketlenen halk kitlelerinin diplomatlar\u0131m\u0131za \u201c<strong>g\u00f6z\u00fcm\u00fcz \u00fczerinizde<\/strong>\u201d duyarl\u0131l\u0131\u011f\u0131 gibi yakla\u015fmas\u0131d\u0131r.<\/p>\n<p>Bu, yeni tay duran ger\u00e7ekte, bir de, Bulgarlar\u0131n bize yineleyerek dayatmaya \u00e7al\u0131\u015ft\u0131\u011f\u0131, siz \u201c<strong>g\u00f6\u00e7 kilimine atlay\u0131p gittiniz, bu gidi\u015fin d\u00f6n\u00fc\u015f\u00fc yok, sizin de burada i\u015finiz yok<\/strong>\u201d sa\u00e7mal\u0131\u011f\u0131nda bir k\u0131r\u0131lma noktas\u0131 oldu.<\/p><div id=\"bghab-1433794916\" class=\"bghab-icerik-icine-20-paragraf bghab-entity-placement\"><script async src=\"\/\/pagead2.googlesyndication.com\/pagead\/js\/adsbygoogle.js?client=ca-pub-6203283170189293\" crossorigin=\"anonymous\"><\/script><ins class=\"adsbygoogle\" style=\"display:block; text-align:center;\" data-ad-client=\"ca-pub-6203283170189293\" \ndata-ad-slot=\"7303146466\" \ndata-ad-layout=\"in-article\"\ndata-ad-format=\"fluid\" data-full-width-responsive=\"true\"><\/ins>\n<script> \n(adsbygoogle = window.adsbygoogle || []).push({}); \n<\/script>\n<\/div>\n<p><strong>G\u00fc\u00e7lenen T\u00fcrkiye&#8217;nin do\u011furdu\u011fu yeni bir ger\u00e7ek olarak kabul edildi.<\/strong><\/p>\n<p>Cennet, insan\u0131n do\u011fdu\u011fu yerdir. Kutsal\u0131n\u0131 korumak ki\u015finin hakk\u0131d\u0131r. Ebedi olan kimlik ve vatand\u0131r. Soyda\u015flar\u0131m\u0131z\u0131 sarmas\u0131 ise do\u011fald\u0131r. Ayn\u0131 zamanda, ger\u00e7ek hayat\u0131n u\u00e7an kilim masallar\u0131ndan farkl\u0131 oldu\u011funu g\u00f6rmeyen kalmad\u0131.<\/p>\n<p><strong>D\u00f6nem toplant\u0131s\u0131n\u0131 Sofya\u2019da yapan Avrupa Konseyi\u2019nin bo\u015f kalan k\u00f6ylerimizi Suriyeli s\u0131\u011f\u0131nmac\u0131lara da\u011f\u0131tma planlar\u0131 da endi\u015femizi artt\u0131rd\u0131.<\/strong><\/p>\n<p>\u00d6nceki nesiller, mazlum Bulgaristan T\u00fcrkleri, T\u00fcrkiye&#8217;nin B\u00fcy\u00fckel\u00e7ileri ve konsoloslarla ayn\u0131 konularda ayn\u0131 \u015feyleri d\u00fc\u015f\u00fcnebileceklerini, birlikte fikir y\u00fcr\u00fctebileceklerini asla d\u00fc\u015f\u00fcnememi\u015flerdi. G\u00f6revlilerin onlar i\u00e7in \u00e7\u00f6z\u00fcmler bulmalar\u0131n\u0131 sab\u0131rla beklemeye al\u0131\u015fm\u0131\u015flard\u0131.\u00a0 Bir as\u0131r b\u00f6yle devam etmi\u015fti. Bulgaristan\u2019dan s\u00f6k\u00fclme, halk\u0131m\u0131zla devletimizin stratejik ve g\u00fcncel konularda fikirde \u00e7ak\u0131\u015fma ve eylemde bulu\u015fma noktas\u0131nda birbirine kilitlenmesi yeni bir a\u015fama ba\u015flatt\u0131.<\/p>\n<p><strong>Halk\u0131n sorunlar\u0131 halk\u0131n d\u0131\u015f\u0131nda \u00e7\u00f6z\u00fclemez tezi bilin\u00e7 oldu.<\/strong><\/p><div id=\"bghab-463197796\" class=\"bghab-icerik-icine-25-paragraf bghab-entity-placement\"><script async src=\"\/\/pagead2.googlesyndication.com\/pagead\/js\/adsbygoogle.js?client=ca-pub-6203283170189293\" crossorigin=\"anonymous\"><\/script><ins class=\"adsbygoogle\" style=\"display:block; text-align:center;\" data-ad-client=\"ca-pub-6203283170189293\" \ndata-ad-slot=\"7303146466\" \ndata-ad-layout=\"in-article\"\ndata-ad-format=\"fluid\" data-full-width-responsive=\"true\"><\/ins>\n<script> \n(adsbygoogle = window.adsbygoogle || []).push({}); \n<\/script>\n<\/div>\n<p>Bu geli\u015fmeyi en fazla etkileyense nedir bilemeyiz, \u00e7\u00fcnk\u00fc yeni ku\u015fakta \u201c<strong>onlar her \u015feyi bilir, bize s\u00f6z d\u00fc\u015fmez, dedikleri dediktir<\/strong>\u201d gibi s\u00f6yleyi\u015fe rastlam\u0131yoruz. Virg\u00fcl ve vurgular\u0131n de\u011fi\u015fti\u011fi bir \u00e7a\u011fda ya\u015f\u0131yoruz. \u00d6zel ziyaretimize, bu yeni a\u00e7\u0131dan bak\u0131ld\u0131\u011f\u0131nda, \u201c<strong>yol ayr\u0131m\u0131 ya\u015famadan birlikte ilerleme niyetimiz<\/strong>\u201d kendili\u011finden ifade buldu.<\/p>\n<p>Biz Bulgaristan T\u00fcrk erkeklerinin \u201c<strong>b\u00fcy\u00fcklerin s\u00f6z\u00fc \u00fcst\u00fcne s\u00f6z konmaz<\/strong>\u201d gelene\u011fini kad\u0131nlar\u0131m\u0131z bozdu. U\u00e7an bir kilime y\u00fckledi. Sonra bir yerlere g\u00f6nderdi. Nereye oldu\u011fu bilinmez. Eskiden kanaat sahibi, son s\u00f6z\u00fc s\u00f6yleyen hoca, imam ve m\u00fcft\u00fclerimizdi. Giderek okul m\u00fcd\u00fcrleri, \u00f6\u011fretmenler onlar\u0131n yerine ge\u00e7ti. Daha sonra parti sekreterleri, partililer, m\u00fcrekkep yalam\u0131\u015f \u00fcniversite diplomal\u0131lar geldi. Daha sonra Bulgarca bilenler ve sonunda Bulgarlar h\u00fck\u00fcm vermeye ba\u015flad\u0131\u011f\u0131nda oyun bozuldu. \u015eu ajan, bu ihbarc\u0131, bu da gammazc\u0131 olaylar\u0131 f\u0131s\u0131lt\u0131 gazetesine d\u00fc\u015f\u00fcnce, analar\u0131m\u0131z ve e\u015flerimiz bize \u201c<strong>ba\u015fkas\u0131n\u0131n a\u011fz\u0131na bakma<\/strong>\u201d, \u201c<strong>kimsenin s\u00f6z\u00fcne g\u00fcvenme<\/strong>\u201d, \u201c<strong>sesini k\u0131s<\/strong>\u201d\u00a0 nasihatinde bulunmaya ba\u015flad\u0131 ki,\u00a0 \u201c<strong>Belene<\/strong>\u201d kamp\u0131nda yatanlar\u0131n 52\u2019si \u201c<strong>muhbir<\/strong>\u201d \u00e7\u0131k\u0131nca, desti k\u0131r\u0131ld\u0131.<\/p>\n<p>Yine \u201c<strong>Belene<\/strong>\u201d kamp\u0131nda kalanlardan yar\u0131s\u0131n\u0131n \u201c<strong>parti biletli, komsomol sekreteri veya parti aday \u00fcyesi<\/strong>\u201d oldu\u011fu anla\u015f\u0131ld\u0131\u011f\u0131nda ise, r\u00fczg\u00e2r y\u00f6n de\u011fi\u015ftirdi. Samimilik ile samimiyetsizli\u011fin aras\u0131 a\u00e7\u0131ld\u0131.<\/p>\n<p><strong>Do\u011fruluk ve hakl\u0131l\u0131k k\u0131stas\u0131 aran\u0131yor.<\/strong><\/p>\n<p>Tam o y\u0131llarda, Bulgar dilinde, \u201c<strong>topka, jena ve politika<\/strong>\u201d di\u015fildir. Top her kaleye girer, kad\u0131n da uygun buldu\u011funda herkese g\u00fcler, siyaset ise, senin benim de\u011fil, \u00e7\u0131karlar\u0131n adam\u0131d\u0131r tekerlemesi ald\u0131 y\u00fcr\u00fcd\u00fc.<\/p><div id=\"bghab-2080687705\" class=\"bghab-icerik-icine-30-paragraf bghab-entity-placement\"><script async src=\"\/\/pagead2.googlesyndication.com\/pagead\/js\/adsbygoogle.js?client=ca-pub-6203283170189293\" crossorigin=\"anonymous\"><\/script><ins class=\"adsbygoogle\" style=\"display:block; text-align:center;\" data-ad-client=\"ca-pub-6203283170189293\" \ndata-ad-slot=\"7303146466\" \ndata-ad-layout=\"in-article\"\ndata-ad-format=\"fluid\" data-full-width-responsive=\"true\"><\/ins>\n<script> \n(adsbygoogle = window.adsbygoogle || []).push({}); \n<\/script>\n<\/div>\n<p><strong>Demek istedi\u011fim, biz 1989\u2019da ayaklan\u0131p 1990\u2019da partile\u015fsek de, ilk kez ayr\u0131 bir g\u00fc\u00e7 olarak siyasete kar\u0131\u015fsak da, siyaset bizden uzak kald\u0131.<\/strong><\/p>\n<p>\u00c7\u0131karlar\u0131m\u0131z\u0131, hak ve \u00f6zg\u00fcrl\u00fck davam\u0131z\u0131 ta\u015f\u0131may\u0131 kabul etmedi. Yeni ortamda \u00e7ileke\u015flerin tek dayanak noktas\u0131 sivil toplum \u00f6rg\u00fctleri, Bulgarcada \u201c<b>h\u00fckumet\u00a0d\u0131\u015f\u0131 \u00f6rg\u00fctlenme<\/b>\u201d ad\u0131yla bilinen dernek\u00e7ilik \u00f6n plana \u00e7\u0131kt\u0131.<\/p>\n<p><strong>Bu bak\u0131ma, Sofya ziyaretimizin anlam\u0131 derindir.<\/strong><\/p>\n<p>Biz Bulgar demokratik sivil toplum \u00f6rg\u00fctleri aras\u0131nda yerimizi bulmal\u0131y\u0131z. D\u0131\u015f \u00fclkelerdeki Bulgaristan vatanda\u015flar\u0131 aras\u0131nda kurulmu\u015f siyasi parti yok, fakat onlarca \u00f6\u011frenci, gen\u00e7lik, i\u015f\u00e7i ve gurbet\u00e7i \u00f6rg\u00fct\u00fc var. Yenileri kuruluyor. Hepsi memleketiyle ba\u011fl\u0131 \u00e7al\u0131\u015f\u0131yor. Neden olmas\u0131n!<\/p>\n<p><strong>Bu yenid\u00fcnya g\u00f6r\u00fc\u015f\u00fc, Bulgar toplumuna da i\u015fledi.<\/strong><\/p><div id=\"bghab-388263629\" class=\"bghab-icerik-icine-35-paragraf bghab-entity-placement\"><script async src=\"\/\/pagead2.googlesyndication.com\/pagead\/js\/adsbygoogle.js?client=ca-pub-6203283170189293\" crossorigin=\"anonymous\"><\/script><ins class=\"adsbygoogle\" style=\"display:block; text-align:center;\" data-ad-client=\"ca-pub-6203283170189293\" \ndata-ad-slot=\"7303146466\" \ndata-ad-layout=\"in-article\"\ndata-ad-format=\"fluid\" data-full-width-responsive=\"true\"><\/ins>\n<script> \n(adsbygoogle = window.adsbygoogle || []).push({}); \n<\/script>\n<\/div>\n<p>B\u00fcy\u00fckel\u00e7ilikteki \u00e7\u0131kt\u0131\u011f\u0131m\u0131zda, Bulgaristan <strong>\u201cye\u015filleri\u201d<\/strong> her g\u00fcn tekrar eden g\u00f6sterilere ne toplanm\u0131\u015f bulduk. Alman Ye\u015filler Partisi\u2019nin Avrupa Birli\u011fi parlamentosu milletvekili <strong>Bayan Keller<\/strong> Sofya ulusal \u00e7evreyi savunma kitle g\u00f6sterilerinin \u00f6n saflar\u0131ndayd\u0131.<\/p>\n<p>M\u00fcsl\u00fcman Pomaklar\u0131m\u0131z\u0131n ya\u015fad\u0131\u011f\u0131 Pirin Da\u011f\u0131nda as\u0131rl\u0131k \u00e7am ormanlar\u0131 kesilerek, binlerce b\u00f6cek, s\u00fcr\u00fcngen, ku\u015f, yaban hayvan\u0131n yiyeceksiz ve yuvas\u0131z b\u0131rak\u0131p yok olmas\u0131na,\u00a0 do\u011faya k\u0131y\u0131lmas\u0131na yol vermeyiz slogan\u0131yla y\u00fcr\u00fcyorlard\u0131.<\/p>\n<p><strong>Bayan Keller \u00e7ok de\u011ferli vas\u0131flara sahip bir \u00f6nc\u00fc \u00e7evrecidir.<\/strong><\/p>\n<p>Almanca, \u0130ngilizce, Frans\u0131zca d\u0131\u015f\u0131nda, T\u00fcrk\u00e7e, Arap\u00e7a ve Fars\u00e7a okumu\u015f,\u00a0 serbest konu\u015fabiliyor. T\u00fcrk oldu\u011fumuzu \u00f6\u011frenince, \u201c<strong>pasif kal\u0131yorsunuz, sizin yeriniz ye\u015filler hareketinde<\/strong>\u201d diye i\u015fitebilece\u011fimiz kadar y\u00fcksek sesle hayk\u0131rd\u0131. Ger\u00e7ekten y\u00fcr\u00fcyenler aras\u0131nda H\u00d6H, DOST, H\u015eDP gibi T\u00fcrk partilerinden kimse yoktu. TV ekran\u0131nda her konuda <strong>\u201cak\u0131l\u201d<\/strong> veren Osman Oktay bile kahvesini \u00e7evrecilerle i\u00e7mek istememi\u015fti. Oysa s\u0131ralad\u0131\u011f\u0131m liderler, B\u00fcy\u00fckel\u00e7ilerle g\u00f6r\u00fc\u015fmeyi kendilerine \u00f6ncelikli hak olarak gasp etmi\u015f olanlard\u0131r.<\/p>\n<p>Protestolar\u0131 s\u00fcren \u00e7evreciler \u201c<strong>suni kar d\u00f6\u015femek i\u00e7in do\u011fan\u0131n yok edilmesine kar\u015f\u0131<\/strong>\u201d sava\u015f veriyorlard\u0131. Bu konunun \u00f6z\u00fcnde politika var. \u0130ktidardaki GERB partisi, Ba\u015fbakan Boyko Borisov\u00a0 ile iktidar orta\u011f\u0131 olan a\u015f\u0131r\u0131 sa\u011fc\u0131lar, s\u00f6z\u00fcm ona <strong>\u201cYurtseverler Cephesi\u201d<\/strong>, Avrupa Konseyi\u2019nin kendilerine <strong>\u201cfa\u015fist\u201d<\/strong> partiler dedi\u011fi\u00a0 <strong>\u201cAtaka\u201d<\/strong>, &#8220;<strong>VMRO\u201d<\/strong> ve g\u00fcya <strong>\u201cBulgaristan\u2019\u0131 Kurtarma Cephesi\u201d<\/strong> liderleri birbirine girmi\u015f durumdad\u0131r. Son g\u00fcnlerde, Hollanda Ba\u015fbakan\u0131 Sofya\u2019y\u0131 ziyaret etti ve ba\u015fbakan Borisov\u2019a \u201c<strong>Sen bu fa\u015fistlerle kol kola olduk\u00e7a, \u2018Chengen\u2019 \u00fcyeli\u011fini unut<\/strong>\u201d, milliyet\u00e7i hortlama \u015fefi, Ba\u015fbakan Yard\u0131mc\u0131s\u0131 Valeri Simyonov <strong>\u201cerkek genel se\u00e7im\u201d<\/strong> dedi. G\u00f6r\u00fcn\u00fc\u015fte \u00f6nemsi olan en k\u00fc\u00e7\u00fck konuda bile k\u0131yas\u0131ya kavga var. Toplum demokrasiye, adalet ve insan haklar\u0131na vb hamiledir. Halk bekleyi\u015f i\u00e7indedir. Bundan b\u00f6yle Bulgaristan halk\u0131 dizginleri eline almak i\u00e7in \u00e7\u0131rp\u0131n\u0131yor. Bu davada biz de var\u0131z.<\/p><div id=\"bghab-1857067504\" class=\"bghab-icerik-icine-40-paragraf bghab-entity-placement\"><script async src=\"\/\/pagead2.googlesyndication.com\/pagead\/js\/adsbygoogle.js?client=ca-pub-6203283170189293\" crossorigin=\"anonymous\"><\/script><ins class=\"adsbygoogle\" style=\"display:block; text-align:center;\" data-ad-client=\"ca-pub-6203283170189293\" \ndata-ad-slot=\"7303146466\" \ndata-ad-layout=\"in-article\"\ndata-ad-format=\"fluid\" data-full-width-responsive=\"true\"><\/ins>\n<script> \n(adsbygoogle = window.adsbygoogle || []).push({}); \n<\/script>\n<\/div>\n<p><strong>Bu anlamda, BULT\u00dcRK halka inmi\u015f bir kitle derne\u011fidir.<\/strong><\/p>\n<p>Halk davas\u0131n\u0131 s\u0131rtlam\u0131\u015ft\u0131r. Kitleye do\u011fru y\u00f6n veri\u015fi, modern bilin\u00e7lenmeyi hayata \u00e7a\u011f\u0131\u015f\u0131, bir sivil toplum hareketi olarak, siyasi partiler se\u00e7imler aras\u0131nda rahat\u00e7a uyumaya devam ederken, dirili\u015f ve direni\u015f bayra\u011f\u0131n\u0131 asla d\u00fcrmedi. Hep y\u00fcksekte dalgaland\u0131rd\u0131. Bulgaristan soyda\u015flar\u0131nda devrimci ruhu uyand\u0131rd\u0131. Olu\u015fturdu. \u015eereflendirdi. ST\u00d6 olarak kitle siyaseti yapt\u0131.<\/p>\n<p>Buna yasal hakk\u0131 olmayabilir, fakat BULT\u00dcRK\u2019\u00fcn savundu\u011fu ve ya\u015fatt\u0131\u011f\u0131 kutsall\u0131\u011f\u0131m\u0131z do\u011fal hakk\u0131m\u0131zd\u0131r. E\u011fer Br\u00fcksel sivil toplum \u00f6rg\u00fctleriyle solumak, onlar\u0131n saflar\u0131na inmek zorundaysa, T\u00fcrk diplomasisi de soyda\u015flar\u0131n ve Bulgaristan T\u00fcrkleri kanaat \u00f6nderlerinin, sivil toplum kurulu\u015flar\u0131n\u0131n nabz\u0131n\u0131 tutmak zorundad\u0131r. Birlikte hareket etmemeli, karar almamal\u0131 ve onlara hi\u00e7bir \u015fey dayatmamal\u0131d\u0131r.<\/p>\n<p>G\u00f6r\u00fc\u015fmemiz esnas\u0131nda, B\u00fcy\u00fckel\u00e7imiz,\u00a0 \u201c<strong>Bulgaristan T\u00fcrkleri hayr\u0131na her birinizden birer istek almak istiyorum<\/strong>\u201d demi\u015f olsayd\u0131. \u015eunu d\u00fc\u015f\u00fcnm\u00fc\u015ft\u00fcm:\u201c<strong>70 y\u0131ldan beri okullar\u0131m\u0131z kapal\u0131, hocalar\u0131m\u0131z\u0131n T\u00fcrk\u00e7esi zay\u0131flad\u0131, \u015fu anadilimizde e\u011fitim, \u00f6\u011fretim, k\u00fclt\u00fcr<\/strong>\u201d sorunlar\u0131na bir el atsak!\u201d Konu a\u00e7\u0131lmad\u0131\u2026<\/p>\n<p><strong>U\u00e7an kilimlerin y\u00f6n\u00fcn\u00fc belirleyen k\u00fclt\u00fcr ve uygarl\u0131kt\u0131r.<\/strong><\/p><div id=\"bghab-2090807086\" class=\"bghab-icerik-icine-45-paragraf bghab-entity-placement\"><script async src=\"\/\/pagead2.googlesyndication.com\/pagead\/js\/adsbygoogle.js?client=ca-pub-6203283170189293\" crossorigin=\"anonymous\"><\/script><ins class=\"adsbygoogle\" style=\"display:block; text-align:center;\" data-ad-client=\"ca-pub-6203283170189293\" \ndata-ad-slot=\"7303146466\" \ndata-ad-layout=\"in-article\"\ndata-ad-format=\"fluid\" data-full-width-responsive=\"true\"><\/ins>\n<script> \n(adsbygoogle = window.adsbygoogle || []).push({}); \n<\/script>\n<\/div>\n<p>Okuma yazmas\u0131 olmayan insanlar\u0131n k\u00fclt\u00fcr ve uygarl\u0131k d\u00fczeyini herkes bilir. \u0130nsan\u0131 k\u00f6yde tutan, k\u00f6ye hapseden k\u00f6r cahilliktir. Ben, cahillik \u00e7\u0131tas\u0131n\u0131 atlamam\u0131z gere\u011fine kesin inan\u0131yorum. <strong>Bin \u00f6\u011fretmen, bir m\u00fchendis, bin doktor ve 1000 sanat\u00e7\u0131, k\u00fclt\u00fcr adam\u0131 ve ayd\u0131n yeti\u015ftirmeden i\u00e7ine itildi\u011fimiz durumla ba\u015f edemeyiz. Biz uygarl\u0131k ta\u015f\u0131d\u0131\u011f\u0131m\u0131z i\u00e7in 600 y\u0131l bu topraklarda h\u00fckmedebildik.<\/strong><\/p>\n<p><strong>\u015eimdi cahil b\u0131rak\u0131ld\u0131k ve k\u00f6lele\u015ftirilmeye \u00e7al\u0131\u015f\u0131l\u0131yoruz.<\/strong><\/p>\n<p><strong>Bir polis devleti kurulmak istendi\u011fini g\u00f6rmeyen yok<\/strong>. \u201c<strong>Paras\u0131zl\u0131ktan<\/strong>\u201d bedava okul kitab\u0131 da\u011f\u0131tamayan h\u00fckumet, bir ay \u00f6nce polislere 100\u00a0000\u00a0000 (y\u00fcz milyon) leva hediye etti. Ayakkab\u0131lar\u0131, \u00fcniformalar\u0131, coplar\u0131 yenileniyor. Savc\u0131l\u0131k ve yarg\u0131 derin dondurucuya kondu. Buna seyirci kalan siyasi partiler, diktat\u00f6rl\u00fck sofras\u0131na oturmaya haz\u0131rlan\u0131yor. Halk\u0131n tek g\u00fcvendi\u011fi g\u00fc\u00e7 sivil toplum \u00f6rg\u00fctleri hala ayaktad\u0131r. G\u00fcven topluyor.<\/p>\n<p>U\u00e7an kilimler <strong>3 milyon vatanda\u015f\u0131m\u0131z\u0131<\/strong> d\u0131\u015f \u00fclkelere ta\u015f\u0131d\u0131. Vatanda\u015f, i\u015f, daha y\u00fcksek k\u00fclt\u00fcr, uygarl\u0131k ve ya\u015fam standard\u0131 ar\u0131yor. Bulgar tarihinden yeni uygarl\u0131k ve yeni bir ya\u015fam tarz\u0131 \u00e7\u0131karmak zor!<\/p>\n<p><strong>Tarihimiz k\u0131l\u00e7\u0131k dolu, yenir yutulur taraf\u0131 yok.<\/strong><\/p><div id=\"bghab-1924297605\" class=\"bghab-icerik-icine-50-paragraf bghab-entity-placement\"><script async src=\"\/\/pagead2.googlesyndication.com\/pagead\/js\/adsbygoogle.js?client=ca-pub-6203283170189293\" crossorigin=\"anonymous\"><\/script><ins class=\"adsbygoogle\" style=\"display:block; text-align:center;\" data-ad-client=\"ca-pub-6203283170189293\" \ndata-ad-slot=\"7303146466\" \ndata-ad-layout=\"in-article\"\ndata-ad-format=\"fluid\" data-full-width-responsive=\"true\"><\/ins>\n<script> \n(adsbygoogle = window.adsbygoogle || []).push({}); \n<\/script>\n<\/div>\n<p>Bu nedenle olacak devlet tarihi devletle\u015ftirmek istiyor. Yeniden yazd\u0131rsa da de\u011fi\u015fen bir \u015fey olmuyor. Bulgar tarihinden T\u00fcrkl\u00fc\u011f\u00fcm\u00fcz\u00fc s\u00f6k\u00fcp atmak isteyenler de var. Devletle\u015ftirilen tarih ge\u00e7mi\u015fin zul\u00fcmden, toplama kamplar\u0131ndan, yarg\u0131s\u0131z infazlardan, soya d\u00f6n\u00fc\u015f s\u00fcrecinden ve r\u00fc\u015fvet illetinden temizlenecekmi\u015f. Bu i\u015fin ak\u0131l hocalar\u0131 \u201c<strong>tarihin sonu<\/strong>\u201d dediler. Dediler de bundan sonra ne olaca\u011f\u0131n\u0131 s\u00f6ylemediler\u2026<\/p>\n<p>Bizde, devletle\u015ftirilen k\u00fclt\u00fcrde yaln\u0131z Bulgarl\u0131\u011fa d\u00f6n\u00fclecekmi\u015f. Yani 500 y\u0131l \u00f6nce H\u0131ristiyan ve M\u00fcsl\u00fcmanlar\u0131n, Bulgar ve T\u00fcrklerin ayn\u0131 soka\u011f\u0131n iki yan\u0131nda kom\u015fu kom\u015fu ya\u015fad\u0131\u011f\u0131 y\u0131llara d\u00f6n\u00fclecekmi\u015f.<\/p>\n<p>Ba\u015fbakan yard\u0131mc\u0131s\u0131 Valeri Simyonov\u2019un dedi\u011fine g\u00f6re, \u201c<strong>Bulgarl\u0131k kendini bundan b\u00f6yle yeniden \u00fcretebilme kabiliyetini yitirmi\u015f, ilk k\u00f6klerine d\u00f6necekmi\u015f<\/strong>.\u201d Yani Osmanl\u0131 M\u00fcsl\u00fcmanl\u0131\u011f\u0131 ortam\u0131nda, <strong>Bulgarl\u0131k canland\u0131r\u0131l\u0131rken T\u00fcrkleri bezdirip tiksindirmek i\u00e7in kap\u0131lar\u0131 \u00f6n\u00fcnde domuz kestik, kan\u0131n\u0131 kuyular\u0131na ak\u0131tt\u0131k, k\u00fct\u00fck \u00fcst\u00fcnde horoz kesip sokaklar\u0131nda \u00e7\u0131rp\u0131nd\u0131rd\u0131k, kanl\u0131 b\u0131\u00e7aklar\u0131m\u0131z\u0131 \u00e7e\u015fmelerinde y\u0131kad\u0131k, hepsine t\u00f6vbe ettirdik. Biz, T\u00fcrkleri, kendimizden b\u0131k\u0131p usand\u0131rmaktan, tiksindirmekten do\u011fduk. Ba\u015fka \u00e7aremiz yok. Yine ba\u015fa d\u00f6nece\u011fiz,<\/strong>\u201d diyor.<\/p>\n<p>Demek oluyor ki, Bulgar milli duygusu T\u00fcrk has\u0131ml\u0131\u011f\u0131na dayan\u0131r. Tabii bunlar\u0131 g\u00f6r\u00fc\u015fmemizde konu\u015famad\u0131k. Sizin de g\u00f6rd\u00fc\u011f\u00fcn\u00fcze g\u00f6re, her \u015fey Arap sa\u00e7\u0131 gibi, birbirine \u00f6r\u00fclm\u00fc\u015f. Masallardaki u\u00e7an kilim de yok. Olsa bile tarihin i\u00e7ine u\u00e7am\u0131yor, <strong>geri vitesi yok<\/strong>\u2026<\/p>\n<p>Devam edecek.<\/p><div id=\"bghab-637107437\" class=\"bghab-icerik-icine-55-paragraf bghab-entity-placement\"><script async src=\"\/\/pagead2.googlesyndication.com\/pagead\/js\/adsbygoogle.js?client=ca-pub-6203283170189293\" crossorigin=\"anonymous\"><\/script><ins class=\"adsbygoogle\" style=\"display:block; text-align:center;\" data-ad-client=\"ca-pub-6203283170189293\" \ndata-ad-slot=\"7303146466\" \ndata-ad-layout=\"in-article\"\ndata-ad-format=\"fluid\" data-full-width-responsive=\"true\"><\/ins>\n<script> \n(adsbygoogle = window.adsbygoogle || []).push({}); \n<\/script>\n<\/div>\n<p>\u0130kinci b\u00f6l\u00fcm: Vatans\u0131z kalma tehlikesi ba\u015f g\u00f6sterdi.<\/p>\n<p>L\u00fctfenpayla\u015f\u0131n\u0131z.<\/p>\n<p>&nbsp;<\/p>\n<div id=\"bghab-1562040995\" class=\"bghab-yazi-altinda bghab-entity-placement\"><div class=\"bghab-adlabel\">Reklamlar<\/div><script async src=\"https:\/\/pagead2.googlesyndication.com\/pagead\/js\/adsbygoogle.js\"><\/script>\r\n<!-- bghaber-yaz\u0131-sonu -->\r\n<ins class=\"adsbygoogle\"\r\n     style=\"display:block\"\r\n     data-ad-client=\"ca-pub-6203283170189293\"\r\n     data-ad-slot=\"4222328180\"\r\n     data-ad-format=\"auto\"\r\n     data-full-width-responsive=\"true\"><\/ins>\r\n<script>\r\n     (adsbygoogle = window.adsbygoogle || []).push({});\r\n<\/script><\/div><br style=\"clear: both; display: block; float: none;\"\/>","protected":false},"excerpt":{"rendered":"<p>Tarih: 09. 02. 2018 \/ \u0130stanbul Yazan: \u015eakir Aslanta\u015f Konu:\u00a0 \u00c7ok etkilendim. Kafalar eski&#8230;\u00a0\u00a0 Ak\u0131llar\u0131nda olan tarih millile\u015ftirmek ve 500 y\u0131l geri d\u00f6nmek&#8230; \u00c7ocuklu\u011fumuzda anlat\u0131lan<\/p>\n","protected":false},"author":13,"featured_media":0,"comment_status":"closed","ping_status":"closed","sticky":false,"template":"","format":"standard","meta":{"advanced_seo_description":"","jetpack_seo_html_title":"","jetpack_seo_noindex":false,"_jetpack_memberships_contains_paid_content":false,"footnotes":""},"categories":[6],"tags":[],"class_list":["post-27067","post","type-post","status-publish","format-standard","hentry","category-yorum"],"jetpack_featured_media_url":"","jetpack_sharing_enabled":true,"jetpack_likes_enabled":true,"jetpack-related-posts":[],"jetpack_shortlink":"https:\/\/wp.me\/pc2PfJ-72z","_links":{"self":[{"href":"https:\/\/www.bghaber.org\/bghaber\/wp-json\/wp\/v2\/posts\/27067","targetHints":{"allow":["GET"]}}],"collection":[{"href":"https:\/\/www.bghaber.org\/bghaber\/wp-json\/wp\/v2\/posts"}],"about":[{"href":"https:\/\/www.bghaber.org\/bghaber\/wp-json\/wp\/v2\/types\/post"}],"author":[{"embeddable":true,"href":"https:\/\/www.bghaber.org\/bghaber\/wp-json\/wp\/v2\/users\/13"}],"replies":[{"embeddable":true,"href":"https:\/\/www.bghaber.org\/bghaber\/wp-json\/wp\/v2\/comments?post=27067"}],"version-history":[{"count":0,"href":"https:\/\/www.bghaber.org\/bghaber\/wp-json\/wp\/v2\/posts\/27067\/revisions"}],"wp:attachment":[{"href":"https:\/\/www.bghaber.org\/bghaber\/wp-json\/wp\/v2\/media?parent=27067"}],"wp:term":[{"taxonomy":"category","embeddable":true,"href":"https:\/\/www.bghaber.org\/bghaber\/wp-json\/wp\/v2\/categories?post=27067"},{"taxonomy":"post_tag","embeddable":true,"href":"https:\/\/www.bghaber.org\/bghaber\/wp-json\/wp\/v2\/tags?post=27067"}],"curies":[{"name":"wp","href":"https:\/\/api.w.org\/{rel}","templated":true}]}}