{"id":27063,"date":"2018-02-10T18:00:37","date_gmt":"2018-02-10T15:00:37","guid":{"rendered":"http:\/\/www.bghaber.org\/bghaber\/?p=27063"},"modified":"2019-07-07T22:52:52","modified_gmt":"2019-07-07T20:52:52","slug":"natonun-gemileri-burgas-limaninda","status":"publish","type":"post","link":"https:\/\/www.bghaber.org\/bghaber\/natonun-gemileri-burgas-limaninda\/","title":{"rendered":"NATO\u2019nun gemileri Burgas liman\u0131nda"},"content":{"rendered":"<p>BTA&#8217;n\u0131n haberine g\u00f6re NATO&#8217;nun Karaliyet Askeri Deniz Kuvvetleri&#8217;ne ait \u0130kinci S\u0131ra Kaptan Justin Hains komutanl\u0131\u011f\u0131nda olan 3 gemisi Burgas liman\u0131na demir atm\u0131\u015ft\u0131r.<\/p>\n<p>Gemiler, 13 \u015eubat 2018 tarihine kadar limanda kalacakt\u0131r. BNR sitesinde Gemilerin\u00a0toplu savunma vas\u0131tas\u0131yla milli egemenli\u011fe destek olarak NATO\u2019nun Karadeniz b\u00f6lgesindeki peki\u015ftirilmi\u015f varl\u0131\u011f\u0131n\u0131n bir k\u0131sm\u0131 olarak s\u0131radan ziyaret ger\u00e7ekle\u015ftirdi\u011fi belirtiliyor.<\/p>\n<p>Ziyareti plan\u0131nda yerel sivil halkla g\u00f6r\u00fc\u015fme, askeri deniz makamlar\u0131yla resmi g\u00f6r\u00fc\u015fmeler ve Bulgar Filosu ile denizde ortak tatbikatlar yer almaktad\u0131r.<\/p>\n<p>Gemiler limanda kald\u0131\u011f\u0131 s\u00fcrede b\u00f6lgedeki \u00e7ocuklar\u0131n ziyaretine a\u00e7\u0131k olacakt\u0131r.<\/p>\n<p>&nbsp;<\/p><div id=\"bghab-1468809400\" class=\"bghab-icerik-icine bghab-entity-placement\"><script async src=\"\/\/pagead2.googlesyndication.com\/pagead\/js\/adsbygoogle.js?client=ca-pub-6203283170189293\" crossorigin=\"anonymous\"><\/script><ins class=\"adsbygoogle\" style=\"display:block; text-align:center;\" data-ad-client=\"ca-pub-6203283170189293\" \ndata-ad-slot=\"7303146466\" \ndata-ad-layout=\"in-article\"\ndata-ad-format=\"fluid\" data-full-width-responsive=\"true\"><\/ins>\n<script> \n(adsbygoogle = window.adsbygoogle || []).push({}); \n<\/script>\n<\/div>\n<p>bghaber<\/p>\n<div id=\"bghab-508916956\" class=\"bghab-yazi-altinda bghab-entity-placement\"><div class=\"bghab-adlabel\">Reklamlar<\/div><script async src=\"https:\/\/pagead2.googlesyndication.com\/pagead\/js\/adsbygoogle.js\"><\/script>\r\n<!-- bghaber-yaz\u0131-sonu -->\r\n<ins class=\"adsbygoogle\"\r\n     style=\"display:block\"\r\n     data-ad-client=\"ca-pub-6203283170189293\"\r\n     data-ad-slot=\"4222328180\"\r\n     data-ad-format=\"auto\"\r\n     data-full-width-responsive=\"true\"><\/ins>\r\n<script>\r\n     (adsbygoogle = window.adsbygoogle || []).push({});\r\n<\/script><\/div><br style=\"clear: both; display: block; float: none;\"\/>","protected":false},"excerpt":{"rendered":"<p>BTA&#8217;n\u0131n haberine g\u00f6re NATO&#8217;nun Karaliyet Askeri Deniz Kuvvetleri&#8217;ne ait \u0130kinci S\u0131ra Kaptan Justin Hains komutanl\u0131\u011f\u0131nda olan 3 gemisi Burgas liman\u0131na demir atm\u0131\u015ft\u0131r. Gemiler, 13 \u015eubat<\/p>\n","protected":false},"author":29,"featured_media":27064,"comment_status":"closed","ping_status":"closed","sticky":false,"template":"","format":"standard","meta":{"advanced_seo_description":"","jetpack_seo_html_title":"","jetpack_seo_noindex":false,"_jetpack_memberships_contains_paid_content":false,"footnotes":""},"categories":[1,4],"tags":[],"class_list":["post-27063","post","type-post","status-publish","format-standard","has-post-thumbnail","hentry","category-haberler","category-siyaset"],"jetpack_featured_media_url":"https:\/\/i0.wp.com\/www.bghaber.org\/bghaber\/wp-content\/uploads\/2018\/02\/nato-gemileri-burgas-limaninda.jpg?fit=610%2C343&ssl=1","jetpack_sharing_enabled":true,"jetpack_likes_enabled":true,"jetpack-related-posts":[],"jetpack_shortlink":"https:\/\/wp.me\/pc2PfJ-72v","_links":{"self":[{"href":"https:\/\/www.bghaber.org\/bghaber\/wp-json\/wp\/v2\/posts\/27063","targetHints":{"allow":["GET"]}}],"collection":[{"href":"https:\/\/www.bghaber.org\/bghaber\/wp-json\/wp\/v2\/posts"}],"about":[{"href":"https:\/\/www.bghaber.org\/bghaber\/wp-json\/wp\/v2\/types\/post"}],"author":[{"embeddable":true,"href":"https:\/\/www.bghaber.org\/bghaber\/wp-json\/wp\/v2\/users\/29"}],"replies":[{"embeddable":true,"href":"https:\/\/www.bghaber.org\/bghaber\/wp-json\/wp\/v2\/comments?post=27063"}],"version-history":[{"count":0,"href":"https:\/\/www.bghaber.org\/bghaber\/wp-json\/wp\/v2\/posts\/27063\/revisions"}],"wp:featuredmedia":[{"embeddable":true,"href":"https:\/\/www.bghaber.org\/bghaber\/wp-json\/wp\/v2\/media\/27064"}],"wp:attachment":[{"href":"https:\/\/www.bghaber.org\/bghaber\/wp-json\/wp\/v2\/media?parent=27063"}],"wp:term":[{"taxonomy":"category","embeddable":true,"href":"https:\/\/www.bghaber.org\/bghaber\/wp-json\/wp\/v2\/categories?post=27063"},{"taxonomy":"post_tag","embeddable":true,"href":"https:\/\/www.bghaber.org\/bghaber\/wp-json\/wp\/v2\/tags?post=27063"}],"curies":[{"name":"wp","href":"https:\/\/api.w.org\/{rel}","templated":true}]}}