{"id":27061,"date":"2018-02-10T17:00:13","date_gmt":"2018-02-10T14:00:13","guid":{"rendered":"http:\/\/www.bghaber.org\/bghaber\/?p=27061"},"modified":"2019-07-07T22:52:52","modified_gmt":"2019-07-07T20:52:52","slug":"bulgaristanda-koyler-bosalmaya-devam-ediyor","status":"publish","type":"post","link":"https:\/\/www.bghaber.org\/bghaber\/bulgaristanda-koyler-bosalmaya-devam-ediyor\/","title":{"rendered":"Bulgaristan&#8217;da k\u00f6yler bo\u015falmaya devam ediyor"},"content":{"rendered":"<p>BNR&#8217;den al\u0131nan bilgilere g\u00f6re Bulgaristan&#8217;da k\u0131rsal b\u00f6lgelerin n\u00fcfusu azalmaya ba\u015flam\u0131\u015f g\u00f6\u00e7ler k\u00f6yden b\u00fcy\u00fck \u015fehirlere do\u011fru oluyor.<\/p>\n<p>Avrupa \u0130statistik Ofisi(EUROSTAT)&#8217;nin a\u00e7\u0131klamalar\u0131na g\u00f6re 1950 y\u0131l\u0131nda \u015fehirlerin n\u00fcfusu %20 oran\u0131ndayken 2016 y\u0131l\u0131nda ise bu oran %75&#8217;lere \u00e7\u0131km\u0131\u015ft\u0131r. 65 y\u0131ll\u0131k bu s\u00fcre zarf\u0131nda k\u0131rsal b\u00f6lgelerin n\u00fcfusu 6 milyon azalarak bug\u00fcn toplam 1,8 milyon olmu\u015ftur. Bulgaristan&#8217;da \u015fehirlerde ya\u015fayanlar\u0131n n\u00fcfusu ise 5,2 milyon olmu\u015ftur.<\/p>\n<p>Bulgaristan&#8217;\u0131n en uzun vadede n\u00fcfus art\u0131\u015f\u0131 kaydeden iki \u015fehri Sofya ve Varna olmu\u015ftur. Ba\u015fkent Sofya&#8217;n\u0131n n\u00fcfus art\u0131\u015f\u0131 %30 oran\u0131ndayken turizmin canl\u0131 oldu\u011fu \u015fehirlerden biri olan Varna&#8217;n\u0131n n\u00fcfus art\u0131\u015f oran\u0131 %10 seviyelerindedir.<\/p>\n<p>\u0130nsanlar k\u00f6ylerde tarla ile \u00e7al\u0131\u015farak para kazanamad\u0131klar\u0131 i\u00e7in b\u00fcy\u00fck \u015fehirlere gidip i\u015f bularak yerle\u015fiyorlar. Bu g\u00fcn\u00fcm\u00fczde Bulgaristan&#8217;\u0131n en \u00f6nemli sorunlar\u0131ndan biridir. Ge\u00e7im s\u0131k\u0131nt\u0131s\u0131 ya\u015fayanlar ya b\u00fcy\u00fck \u015fehre ta\u015f\u0131n\u0131yorlar ya da Avrupa \u00fclkelerinde gurbet\u00e7i olarak \u00e7al\u0131\u015f\u0131yorlar.<\/p>\n<p>&nbsp;<\/p><div id=\"bghab-1168794327\" class=\"bghab-icerik-icine bghab-entity-placement\"><script async src=\"\/\/pagead2.googlesyndication.com\/pagead\/js\/adsbygoogle.js?client=ca-pub-6203283170189293\" crossorigin=\"anonymous\"><\/script><ins class=\"adsbygoogle\" style=\"display:block; text-align:center;\" data-ad-client=\"ca-pub-6203283170189293\" \ndata-ad-slot=\"7303146466\" \ndata-ad-layout=\"in-article\"\ndata-ad-format=\"fluid\" data-full-width-responsive=\"true\"><\/ins>\n<script> \n(adsbygoogle = window.adsbygoogle || []).push({}); \n<\/script>\n<\/div>\n<p>bghaber<\/p>\n<div id=\"bghab-3186042292\" class=\"bghab-yazi-altinda bghab-entity-placement\"><div class=\"bghab-adlabel\">Reklamlar<\/div><script async src=\"https:\/\/pagead2.googlesyndication.com\/pagead\/js\/adsbygoogle.js\"><\/script>\r\n<!-- bghaber-yaz\u0131-sonu -->\r\n<ins class=\"adsbygoogle\"\r\n     style=\"display:block\"\r\n     data-ad-client=\"ca-pub-6203283170189293\"\r\n     data-ad-slot=\"4222328180\"\r\n     data-ad-format=\"auto\"\r\n     data-full-width-responsive=\"true\"><\/ins>\r\n<script>\r\n     (adsbygoogle = window.adsbygoogle || []).push({});\r\n<\/script><\/div><br style=\"clear: both; display: block; float: none;\"\/>","protected":false},"excerpt":{"rendered":"<p>BNR&#8217;den al\u0131nan bilgilere g\u00f6re Bulgaristan&#8217;da k\u0131rsal b\u00f6lgelerin n\u00fcfusu azalmaya ba\u015flam\u0131\u015f g\u00f6\u00e7ler k\u00f6yden b\u00fcy\u00fck \u015fehirlere do\u011fru oluyor. Avrupa \u0130statistik Ofisi(EUROSTAT)&#8217;nin a\u00e7\u0131klamalar\u0131na g\u00f6re 1950 y\u0131l\u0131nda \u015fehirlerin n\u00fcfusu<\/p>\n","protected":false},"author":29,"featured_media":1522,"comment_status":"closed","ping_status":"closed","sticky":false,"template":"","format":"standard","meta":{"advanced_seo_description":"","jetpack_seo_html_title":"","jetpack_seo_noindex":false,"_jetpack_memberships_contains_paid_content":false,"footnotes":""},"categories":[5],"tags":[],"class_list":["post-27061","post","type-post","status-publish","format-standard","has-post-thumbnail","hentry","category-yasam"],"jetpack_featured_media_url":"https:\/\/i0.wp.com\/www.bghaber.org\/bghaber\/wp-content\/uploads\/2013\/05\/povet-koyu.jpg?fit=600%2C450&ssl=1","jetpack_sharing_enabled":true,"jetpack_likes_enabled":true,"jetpack-related-posts":[],"jetpack_shortlink":"https:\/\/wp.me\/pc2PfJ-72t","_links":{"self":[{"href":"https:\/\/www.bghaber.org\/bghaber\/wp-json\/wp\/v2\/posts\/27061","targetHints":{"allow":["GET"]}}],"collection":[{"href":"https:\/\/www.bghaber.org\/bghaber\/wp-json\/wp\/v2\/posts"}],"about":[{"href":"https:\/\/www.bghaber.org\/bghaber\/wp-json\/wp\/v2\/types\/post"}],"author":[{"embeddable":true,"href":"https:\/\/www.bghaber.org\/bghaber\/wp-json\/wp\/v2\/users\/29"}],"replies":[{"embeddable":true,"href":"https:\/\/www.bghaber.org\/bghaber\/wp-json\/wp\/v2\/comments?post=27061"}],"version-history":[{"count":0,"href":"https:\/\/www.bghaber.org\/bghaber\/wp-json\/wp\/v2\/posts\/27061\/revisions"}],"wp:featuredmedia":[{"embeddable":true,"href":"https:\/\/www.bghaber.org\/bghaber\/wp-json\/wp\/v2\/media\/1522"}],"wp:attachment":[{"href":"https:\/\/www.bghaber.org\/bghaber\/wp-json\/wp\/v2\/media?parent=27061"}],"wp:term":[{"taxonomy":"category","embeddable":true,"href":"https:\/\/www.bghaber.org\/bghaber\/wp-json\/wp\/v2\/categories?post=27061"},{"taxonomy":"post_tag","embeddable":true,"href":"https:\/\/www.bghaber.org\/bghaber\/wp-json\/wp\/v2\/tags?post=27061"}],"curies":[{"name":"wp","href":"https:\/\/api.w.org\/{rel}","templated":true}]}}