{"id":27050,"date":"2018-02-10T13:00:27","date_gmt":"2018-02-10T10:00:27","guid":{"rendered":"http:\/\/www.bghaber.org\/bghaber\/?p=27050"},"modified":"2019-07-07T22:52:52","modified_gmt":"2019-07-07T20:52:52","slug":"calisma-kosullarinin-iyilestirilmesi-icin-calisiliyor","status":"publish","type":"post","link":"https:\/\/www.bghaber.org\/bghaber\/calisma-kosullarinin-iyilestirilmesi-icin-calisiliyor\/","title":{"rendered":"\u00c7al\u0131\u015fma ko\u015fullar\u0131n\u0131n iyile\u015ftirilmesi i\u00e7in \u00e7al\u0131\u015f\u0131l\u0131yor"},"content":{"rendered":"<p>Podkrepa Emek Konfederasyonu binas\u0131nda ger\u00e7ekle\u015ftirilen sosyal dampingle ba\u015f edilmesi ve \u00f6nemli \u00f6l\u00e7\u00fcde gelirlerin art\u0131r\u0131lmas\u0131na ili\u015fkin uluslararas\u0131 konferansta \u00c7al\u0131\u015fma ve Sosyal Politika Bakanl\u0131\u011f\u0131n\u0131n ve Bulgaristan\u2019da sendikal \u00f6rg\u00fctlerin \u00fclkemizde \u00e7al\u0131\u015fma ko\u015fullar\u0131n\u0131n iyile\u015ftirilmesine y\u00f6nelik politikalar \u00fczerinde \u00e7al\u0131\u015ft\u0131\u011f\u0131 anla\u015f\u0131ld\u0131.<\/p>\n<p>\u00c7al\u0131\u015fma ve Sosyal Politika Bakan\u0131 Biser Petkov, \u201cAvrupa Birli\u011fi (AB) Parlamentosunun, Avrupa Sosyal Haklar S\u00fctunu\u2019ndan b\u00fcy\u00fck beklentileri var\u201d diye izah etti.<\/p>\n<p>Konusu \u201cKiral\u0131k \u0130\u015f\u00e7inin Korunmas\u0131\u201d olan konferans\u0131n kat\u0131l\u0131mc\u0131lar\u0131, AB Konseyi Bulgaristan D\u00f6nem Ba\u015fkanl\u0131\u011f\u0131n\u0131n, \u00fclkemizdeki \u00e7al\u0131\u015fma ko\u015fullar\u0131na ili\u015fkin sorunlara \u00e7\u00f6z\u00fcm bulunmas\u0131 imkan\u0131 verdi\u011fini d\u00fc\u015f\u00fcn\u00fcyorlar.<\/p>\n<p>Petkov, yapt\u0131\u011f\u0131 konu\u015fmada, \u201cEme\u011fin gelece\u011fi ve be\u015feri sermayenin geli\u015fimi, AB\u2019nin i\u015f hukuku mevzuat\u0131n\u0131n sosyal g\u00fcvenlik alan\u0131nda modernizasyonu, kad\u0131nlar ve erkekler aras\u0131ndaki \u00fccret de dahil olmak \u00fczere i\u015fg\u00fcc\u00fc piyasas\u0131 e\u015fitsizliklerinin ortadan kald\u0131r\u0131lmas\u0131\u201d vurgusu yapt\u0131.<\/p>\n<p>Bulgaristan Ba\u011f\u0131ms\u0131z Sendikalar Konfederasyonu (KNSB) Ba\u015fkan\u0131 Plamen Dimitrov,\u201dKNSB, Bulgaristan\u2019\u0131n, insan kaynaklar\u0131n\u0131n geli\u015ftirilmesi, \u00e7al\u0131\u015fma ko\u015fullar\u0131n\u0131n iyile\u015ftirilmesi, d\u00fc\u015f\u00fck i\u015f\u00e7i \u00fccretlerinin y\u00fckseltilmesi ve i\u015fsizlerin korunmas\u0131na y\u00f6nelik \u00e7al\u0131\u015fmas\u0131 gerekti\u011fini d\u00fc\u015f\u00fcn\u00fcyor. Bulgaristan\u2019da i\u015f\u00e7ilere ve \u00e7al\u0131\u015fanlara, \u00f6zellikle de sendika \u00fcyesi olanlara, sigorta fonlar\u0131n\u0131 idare etmesini istedikleri bir sendika se\u00e7melerine hak tan\u0131ns\u0131n\u201d diye yorumda bulundu. KNSB, ayr\u0131ca d\u00fc\u015f\u00fck \u00fccretli eme\u011fe y\u00fcksek \u00fccret \u00f6denmesi ve i\u015fsizlerin korunmas\u0131 i\u00e7in vergilerde bir art\u0131\u015f \u00f6nermektedir.<\/p><div id=\"bghab-3948053009\" class=\"bghab-icerik-icine bghab-entity-placement\"><script async src=\"\/\/pagead2.googlesyndication.com\/pagead\/js\/adsbygoogle.js?client=ca-pub-6203283170189293\" crossorigin=\"anonymous\"><\/script><ins class=\"adsbygoogle\" style=\"display:block; text-align:center;\" data-ad-client=\"ca-pub-6203283170189293\" \ndata-ad-slot=\"7303146466\" \ndata-ad-layout=\"in-article\"\ndata-ad-format=\"fluid\" data-full-width-responsive=\"true\"><\/ins>\n<script> \n(adsbygoogle = window.adsbygoogle || []).push({}); \n<\/script>\n<\/div>\n<p>Podkrepa Emek Konfederasyonu Ba\u015fkan\u0131 Dimit\u0131r Manolov, konferansta ve her yerde konu\u015fulan \u015feylerin, anlams\u0131z konu\u015fmalara ili\u015fkin yeni bir kampanya de\u011fil, bir g\u00fcn ger\u00e7ek bir politikaya d\u00f6n\u00fc\u015ft\u00fcr\u00fclmesini diledi.<\/p>\n<p>\u0130ki g\u00fcnl\u00fck konferansta tart\u0131\u015f\u0131lan konular i\u015f\u00e7i haklar\u0131n\u0131n korunmas\u0131 ve yeni istihdam bi\u00e7imlerine ili\u015fkin zorluklard\u0131.<\/p>\n<p>&nbsp;<\/p>\n<p>K\u0131rcaali Haber<\/p>\n<div id=\"bghab-2419425210\" class=\"bghab-yazi-altinda bghab-entity-placement\"><div class=\"bghab-adlabel\">Reklamlar<\/div><script async src=\"https:\/\/pagead2.googlesyndication.com\/pagead\/js\/adsbygoogle.js\"><\/script>\r\n<!-- bghaber-yaz\u0131-sonu -->\r\n<ins class=\"adsbygoogle\"\r\n     style=\"display:block\"\r\n     data-ad-client=\"ca-pub-6203283170189293\"\r\n     data-ad-slot=\"4222328180\"\r\n     data-ad-format=\"auto\"\r\n     data-full-width-responsive=\"true\"><\/ins>\r\n<script>\r\n     (adsbygoogle = window.adsbygoogle || []).push({});\r\n<\/script><\/div><br style=\"clear: both; display: block; float: none;\"\/>","protected":false},"excerpt":{"rendered":"<p>Podkrepa Emek Konfederasyonu binas\u0131nda ger\u00e7ekle\u015ftirilen sosyal dampingle ba\u015f edilmesi ve \u00f6nemli \u00f6l\u00e7\u00fcde gelirlerin art\u0131r\u0131lmas\u0131na ili\u015fkin uluslararas\u0131 konferansta \u00c7al\u0131\u015fma ve Sosyal Politika Bakanl\u0131\u011f\u0131n\u0131n ve Bulgaristan\u2019da sendikal<\/p>\n","protected":false},"author":29,"featured_media":26866,"comment_status":"closed","ping_status":"closed","sticky":false,"template":"","format":"standard","meta":{"advanced_seo_description":"","jetpack_seo_html_title":"","jetpack_seo_noindex":false,"_jetpack_memberships_contains_paid_content":false,"footnotes":""},"categories":[5],"tags":[],"class_list":["post-27050","post","type-post","status-publish","format-standard","has-post-thumbnail","hentry","category-yasam"],"jetpack_featured_media_url":"https:\/\/i0.wp.com\/www.bghaber.org\/bghaber\/wp-content\/uploads\/2018\/02\/insaat-isci.jpg?fit=738%2C512&ssl=1","jetpack_sharing_enabled":true,"jetpack_likes_enabled":true,"jetpack-related-posts":[],"jetpack_shortlink":"https:\/\/wp.me\/pc2PfJ-72i","_links":{"self":[{"href":"https:\/\/www.bghaber.org\/bghaber\/wp-json\/wp\/v2\/posts\/27050","targetHints":{"allow":["GET"]}}],"collection":[{"href":"https:\/\/www.bghaber.org\/bghaber\/wp-json\/wp\/v2\/posts"}],"about":[{"href":"https:\/\/www.bghaber.org\/bghaber\/wp-json\/wp\/v2\/types\/post"}],"author":[{"embeddable":true,"href":"https:\/\/www.bghaber.org\/bghaber\/wp-json\/wp\/v2\/users\/29"}],"replies":[{"embeddable":true,"href":"https:\/\/www.bghaber.org\/bghaber\/wp-json\/wp\/v2\/comments?post=27050"}],"version-history":[{"count":0,"href":"https:\/\/www.bghaber.org\/bghaber\/wp-json\/wp\/v2\/posts\/27050\/revisions"}],"wp:featuredmedia":[{"embeddable":true,"href":"https:\/\/www.bghaber.org\/bghaber\/wp-json\/wp\/v2\/media\/26866"}],"wp:attachment":[{"href":"https:\/\/www.bghaber.org\/bghaber\/wp-json\/wp\/v2\/media?parent=27050"}],"wp:term":[{"taxonomy":"category","embeddable":true,"href":"https:\/\/www.bghaber.org\/bghaber\/wp-json\/wp\/v2\/categories?post=27050"},{"taxonomy":"post_tag","embeddable":true,"href":"https:\/\/www.bghaber.org\/bghaber\/wp-json\/wp\/v2\/tags?post=27050"}],"curies":[{"name":"wp","href":"https:\/\/api.w.org\/{rel}","templated":true}]}}