{"id":27047,"date":"2018-02-10T11:03:32","date_gmt":"2018-02-10T08:03:32","guid":{"rendered":"http:\/\/www.bghaber.org\/bghaber\/?p=27047"},"modified":"2019-07-07T22:52:53","modified_gmt":"2019-07-07T20:52:53","slug":"bulgaristanda-bizans-donemi-tavuskusu-mozaigi-bulundu","status":"publish","type":"post","link":"https:\/\/www.bghaber.org\/bghaber\/bulgaristanda-bizans-donemi-tavuskusu-mozaigi-bulundu\/","title":{"rendered":"Bulgaristan\u2019da Bizans D\u00f6nemi Tavusku\u015fu Mozai\u011fi Bulundu"},"content":{"rendered":"<p>Bulgaristan\u2019da, Balkanlardaki en b\u00fcy\u00fck erken H\u0131ristiyanl\u0131k d\u00f6nemi kilisesi olan B\u00fcy\u00fck Bazilika\u2019da,\u00a0Aziz Peter\u2019i tasvir etti\u011fine inan\u0131lan bir Orta\u00e7a\u011f duvar resminin par\u00e7as\u0131 bulundu.<\/p>\n<p>Bulgaristan\u2019\u0131n Filibe \u015fehrindeki B\u00fcy\u00fck Bazilika alan\u0131nda \u00e7al\u0131\u015fan arkeologlar,\u00a0Aziz Peter\u2019i tasvir etti\u011fine inan\u0131lan bir Orta\u00e7a\u011f duvar resminin par\u00e7as\u0131n\u0131 ortaya \u00e7\u0131kard\u0131lar.<\/p>\n<p>Bulunan duvar resmi par\u00e7as\u0131n\u0131n, 13. \u2013 14. y\u00fczy\u0131llara ait oldu\u011fu tahmin ediliyor. Bulgular, Maria Louisa ve III. \u00c7ar Boris bulvarlar\u0131n\u0131n kesi\u015fti\u011fi noktadaki kentin Roma Katolik kilisesinden \u00e7ok uzak olmayan, hen\u00fcz ke\u015ffedilmemi\u015f kuzey k\u00f6\u015fesinde ortaya \u00e7\u0131kt\u0131.<\/p>\n<p>Bulgaristan haber sitesinde ge\u00e7en habere g\u00f6re, Filibe\u2019de her biri bir Konstantinopolis ustas\u0131n\u0131n eseri oldu\u011fu d\u00fc\u015f\u00fcn\u00fclen, \u00e7ok hassas ve ustaca i\u015flenmi\u015f iki resimsel katman bulundu.<\/p>\n<p>\u00d6ren yerinde \u00e7al\u0131\u015fan arkeologlar bu durumun, kilisenin Anhtik \u00c7a\u011f\u2019da ve Orta \u00c7a\u011f\u2019da b\u00fcy\u00fck \u00f6nem ta\u015f\u0131d\u0131\u011f\u0131n\u0131 kan\u0131tlad\u0131\u011f\u0131n\u0131 belirtiyor.<\/p><div id=\"bghab-1557879433\" class=\"bghab-icerik-icine bghab-entity-placement\"><script async src=\"\/\/pagead2.googlesyndication.com\/pagead\/js\/adsbygoogle.js?client=ca-pub-6203283170189293\" crossorigin=\"anonymous\"><\/script><ins class=\"adsbygoogle\" style=\"display:block; text-align:center;\" data-ad-client=\"ca-pub-6203283170189293\" \ndata-ad-slot=\"7303146466\" \ndata-ad-layout=\"in-article\"\ndata-ad-format=\"fluid\" data-full-width-responsive=\"true\"><\/ins>\n<script> \n(adsbygoogle = window.adsbygoogle || []).push({}); \n<\/script>\n<\/div>\n<p>Arkeologlar duvar resminin yak\u0131nlar\u0131nda, ba\u011f\u0131\u015f yapt\u0131\u011f\u0131 d\u00fc\u015f\u00fcn\u00fclen Avram isminin belirgin oldu\u011fu bir yaz\u0131t buldu. Yaz\u0131t\u0131n Bizans Grek\u00e7esi dilinde yaz\u0131ld\u0131\u011f\u0131 ortaya \u00e7\u0131kt\u0131.<\/p>\n<p>S\u00f6z konusu Orta\u00e7a\u011f kilisesinin, yak\u0131ndaki bir nekropole hizmet etti\u011fi d\u00fc\u015f\u00fcn\u00fcl\u00fcyor. Bu nekropol, 10. \u2013 11. y\u00fczy\u0131lda kurulmu\u015ftu. Kaz\u0131 ba\u015fkan\u0131 Zheni Tankova, arkeolojik alan\u0131n, do\u011fru tarihleme imk\u00e2n\u0131 sa\u011flayacak kadar yeterli veriye sahip oldu\u011funu s\u00f6yl\u00fcyor.<\/p>\n<p>Tankova, Episcopal Bazilikas\u0131\u2019nda bulunan Orta\u00e7a\u011f fresklerinin son derece de\u011ferli oldu\u011funu ve bu durumun b\u00f6lgeyi daha da \u00f6nemli ve \u00e7ok boyutlu k\u0131ld\u0131\u011f\u0131n\u0131 s\u00f6yl\u00fcyor.<\/p>\n<p>\u0130badet evinin ana giri\u015findeki lobide,\u00a0etkileyici ve \u00e7ok renkli tavus ku\u015fu da dahil olmak \u00fczere,\u00a0\u00e7ok say\u0131da g\u00fczel ku\u015fun tasvir edildi\u011fi bir mozaik de bulunanlar aras\u0131nda.<\/p>\n<p>&nbsp;<\/p><div id=\"bghab-1804211222\" class=\"bghab-icerik-icine-10-paragraf bghab-entity-placement\"><script async src=\"\/\/pagead2.googlesyndication.com\/pagead\/js\/adsbygoogle.js?client=ca-pub-6203283170189293\" crossorigin=\"anonymous\"><\/script><ins class=\"adsbygoogle\" style=\"display:block; text-align:center;\" data-ad-client=\"ca-pub-6203283170189293\" \ndata-ad-slot=\"7303146466\" \ndata-ad-layout=\"in-article\"\ndata-ad-format=\"fluid\" data-full-width-responsive=\"true\"><\/ins>\n<script> \n(adsbygoogle = window.adsbygoogle || []).push({}); \n<\/script>\n<\/div>\n<p>&nbsp;<\/p>\n<p>Dilara U\u00e7ar,\u00a0Arkeofili<\/p>\n<div id=\"bghab-705957583\" class=\"bghab-yazi-altinda bghab-entity-placement\"><div class=\"bghab-adlabel\">Reklamlar<\/div><script async src=\"https:\/\/pagead2.googlesyndication.com\/pagead\/js\/adsbygoogle.js\"><\/script>\r\n<!-- bghaber-yaz\u0131-sonu -->\r\n<ins class=\"adsbygoogle\"\r\n     style=\"display:block\"\r\n     data-ad-client=\"ca-pub-6203283170189293\"\r\n     data-ad-slot=\"4222328180\"\r\n     data-ad-format=\"auto\"\r\n     data-full-width-responsive=\"true\"><\/ins>\r\n<script>\r\n     (adsbygoogle = window.adsbygoogle || []).push({});\r\n<\/script><\/div><br style=\"clear: both; display: block; float: none;\"\/>","protected":false},"excerpt":{"rendered":"<p>Bulgaristan\u2019da, Balkanlardaki en b\u00fcy\u00fck erken H\u0131ristiyanl\u0131k d\u00f6nemi kilisesi olan B\u00fcy\u00fck Bazilika\u2019da,\u00a0Aziz Peter\u2019i tasvir etti\u011fine inan\u0131lan bir Orta\u00e7a\u011f duvar resminin par\u00e7as\u0131 bulundu. Bulgaristan\u2019\u0131n Filibe \u015fehrindeki B\u00fcy\u00fck<\/p>\n","protected":false},"author":29,"featured_media":27048,"comment_status":"closed","ping_status":"closed","sticky":false,"template":"","format":"standard","meta":{"advanced_seo_description":"","jetpack_seo_html_title":"","jetpack_seo_noindex":false,"_jetpack_memberships_contains_paid_content":false,"footnotes":""},"categories":[1,10],"tags":[],"class_list":["post-27047","post","type-post","status-publish","format-standard","has-post-thumbnail","hentry","category-haberler","category-kultur-sanat"],"jetpack_featured_media_url":"https:\/\/i0.wp.com\/www.bghaber.org\/bghaber\/wp-content\/uploads\/2018\/02\/bulgaristanda-bizans-doneminden-tavuskusu-mozaigi.jpg?fit=750%2C404&ssl=1","jetpack_sharing_enabled":true,"jetpack_likes_enabled":true,"jetpack-related-posts":[],"jetpack_shortlink":"https:\/\/wp.me\/pc2PfJ-72f","_links":{"self":[{"href":"https:\/\/www.bghaber.org\/bghaber\/wp-json\/wp\/v2\/posts\/27047","targetHints":{"allow":["GET"]}}],"collection":[{"href":"https:\/\/www.bghaber.org\/bghaber\/wp-json\/wp\/v2\/posts"}],"about":[{"href":"https:\/\/www.bghaber.org\/bghaber\/wp-json\/wp\/v2\/types\/post"}],"author":[{"embeddable":true,"href":"https:\/\/www.bghaber.org\/bghaber\/wp-json\/wp\/v2\/users\/29"}],"replies":[{"embeddable":true,"href":"https:\/\/www.bghaber.org\/bghaber\/wp-json\/wp\/v2\/comments?post=27047"}],"version-history":[{"count":0,"href":"https:\/\/www.bghaber.org\/bghaber\/wp-json\/wp\/v2\/posts\/27047\/revisions"}],"wp:featuredmedia":[{"embeddable":true,"href":"https:\/\/www.bghaber.org\/bghaber\/wp-json\/wp\/v2\/media\/27048"}],"wp:attachment":[{"href":"https:\/\/www.bghaber.org\/bghaber\/wp-json\/wp\/v2\/media?parent=27047"}],"wp:term":[{"taxonomy":"category","embeddable":true,"href":"https:\/\/www.bghaber.org\/bghaber\/wp-json\/wp\/v2\/categories?post=27047"},{"taxonomy":"post_tag","embeddable":true,"href":"https:\/\/www.bghaber.org\/bghaber\/wp-json\/wp\/v2\/tags?post=27047"}],"curies":[{"name":"wp","href":"https:\/\/api.w.org\/{rel}","templated":true}]}}