{"id":27044,"date":"2018-02-09T12:03:08","date_gmt":"2018-02-09T09:03:08","guid":{"rendered":"http:\/\/www.bghaber.org\/bghaber\/?p=27044"},"modified":"2019-07-07T22:52:53","modified_gmt":"2019-07-07T20:52:53","slug":"camilerimize-bulgar-zulmu","status":"publish","type":"post","link":"https:\/\/www.bghaber.org\/bghaber\/camilerimize-bulgar-zulmu\/","title":{"rendered":"Camilerimize Bulgar zulm\u00fc"},"content":{"rendered":"<p>Bulgaristan, kendi topraklar\u0131 i\u00e7inde yer alan 27 Osmanl\u0131 camisinin restorasyonuna izin vermiyor. Ecdad yadig\u00e2rlar\u0131 virane h\u00e2lde.<\/p>\n<p>\u0130stanbul Balat\u2019taki, Bulgar Ortodokslar i\u00e7in tarih\u00ee \u00f6nem ta\u015f\u0131yan Demir Kilise \u201cSveti Stefan\u201d Cumhurba\u015fkan\u0131 Erdo\u011fan ve Bulgaristan Ba\u015fbakan\u0131 Borisov\u2019un kat\u0131l\u0131mlar\u0131yla ge\u00e7ti\u011fimiz ay ibadete a\u00e7\u0131ld\u0131. T\u00fcrkiye\u2019nin din\u00ee mek\u00e2nlara bu kadar \u00f6nem g\u00f6sterirken, medeniyetin be\u015fi\u011fi denilen Avrupa Birli\u011fi\u2019nin (AB) \u00fcyesi Bulgaristan\u2019da 27 Osmanl\u0131 camisi \u00e2deta \u00e7\u00fcr\u00fcmeye terk edildi. Bunun en elim \u00f6rnekleri ise, \u00fclkenin g\u00fcneybat\u0131s\u0131nda yer alan K\u00fcstendil kentinde 1531 y\u0131l\u0131nda in\u015fa edilen Fatih Sultan Mehmed Camii, Gotze Del\u00e7ev\u2019deki Karaca Pa\u015fa ve Razgrad\u2019da bulunan Pargal\u0131 \u0130brahim Pa\u015fa Camii.<\/p>\n<p>Bulgar y\u00f6netimi, minaresi bulunmad\u0131\u011f\u0131 ve \u00e7evresinde arkeolojik alan oldu\u011fu bahanesiyle tarihsel an\u0131t ilan edilen camilerin y\u0131llard\u0131r restorasyonuna izni vermiyor. Bu sebeple bak\u0131m g\u00f6rmeyen camilerin minareleri \u00e7\u00f6km\u00fc\u015f, kap\u0131lar\u0131 ve duvarlar\u0131 y\u0131k\u0131lm\u0131\u015f durumda. Resm\u00ee makamlara kar\u015f\u0131 hukuki m\u00fccadele veren Bulgaristan M\u00fcsl\u00fcmanlar\u0131 Ba\u015fm\u00fcft\u00fcl\u00fc\u011f\u00fc, camilerin \u201ck\u00fclt\u00fcrel an\u0131t\u201d ilan edilmesi sebebiyle ibadete kapal\u0131 tutuldu\u011funu belirtiyor. Fatih Sultan Mehmed Camii\u2019nin restorasyonuna 30 y\u0131ld\u0131r izin verilmedi\u011fini dile getiren Sofya B\u00f6lge M\u00fcft\u00fcs\u00fc Mustafa \u0130zbi\u015ftali, \u015f\u00f6yle diyor: \u00c7\u00fcr\u00fck tahta kaplamal\u0131 minaresinden akan ya\u011fmur sular\u0131, g\u00f6vdesinin \u00e7\u00f6k\u00fc\u015f\u00fcn\u00fc h\u0131zland\u0131r\u0131yor. Cami kubbesindeki kur\u015fun kaplamalar y\u0131llar \u00f6nce s\u00f6k\u00fclerek hurdac\u0131lara sat\u0131lm\u0131\u015f. Cami i\u00e7inde de\u011feri bi\u00e7ilmez eski hal\u0131lar da sat\u0131l\u0131p kaybolmu\u015f. Belediye y\u00f6netimi, K\u00fcstendil\u2019deki M\u00fcsl\u00fcmanlar\u0131n izlerini silmek i\u00e7in her t\u00fcrl\u00fc \u00e7abay\u0131 g\u00f6steriyor.<\/p>\n<p><strong>Irk\u00e7\u0131lar\u0131n hedefinde<\/strong><br \/>\nBulgaristan\u2019\u0131n Gotze Del\u00e7ev \u015fehrinde 4 bin M\u00fcsl\u00fcman, 100 ki\u015filik bir mescidde namaz k\u0131lmak zorunda kal\u0131yor. B\u00f6lgede 1400\u2019l\u00fc y\u0131llarda in\u015fa edilen Karaca Pa\u015fa Camii\u2019nin kubbesi 2011\u2019de \u00e7\u00f6kmesinin ard\u0131ndan bak\u0131ms\u0131zl\u0131k sebebiyle \u00e7\u00fcr\u00fcmeye terk edildi. Cami, zaman zaman da \u0131rk\u00e7\u0131 sald\u0131r\u0131lar\u0131n hedefi oluyor.<\/p>\n<p>&nbsp;<\/p><div id=\"bghab-2710823827\" class=\"bghab-icerik-icine bghab-entity-placement\"><script async src=\"\/\/pagead2.googlesyndication.com\/pagead\/js\/adsbygoogle.js?client=ca-pub-6203283170189293\" crossorigin=\"anonymous\"><\/script><ins class=\"adsbygoogle\" style=\"display:block; text-align:center;\" data-ad-client=\"ca-pub-6203283170189293\" \ndata-ad-slot=\"7303146466\" \ndata-ad-layout=\"in-article\"\ndata-ad-format=\"fluid\" data-full-width-responsive=\"true\"><\/ins>\n<script> \n(adsbygoogle = window.adsbygoogle || []).push({}); \n<\/script>\n<\/div>\n<p>&nbsp;<\/p>\n<p>T\u00fcrkiye Gazetesi<\/p>\n<div id=\"bghab-1962032969\" class=\"bghab-yazi-altinda bghab-entity-placement\"><div class=\"bghab-adlabel\">Reklamlar<\/div><script async src=\"https:\/\/pagead2.googlesyndication.com\/pagead\/js\/adsbygoogle.js\"><\/script>\r\n<!-- bghaber-yaz\u0131-sonu -->\r\n<ins class=\"adsbygoogle\"\r\n     style=\"display:block\"\r\n     data-ad-client=\"ca-pub-6203283170189293\"\r\n     data-ad-slot=\"4222328180\"\r\n     data-ad-format=\"auto\"\r\n     data-full-width-responsive=\"true\"><\/ins>\r\n<script>\r\n     (adsbygoogle = window.adsbygoogle || []).push({});\r\n<\/script><\/div><br style=\"clear: both; display: block; float: none;\"\/>","protected":false},"excerpt":{"rendered":"<p>Bulgaristan, kendi topraklar\u0131 i\u00e7inde yer alan 27 Osmanl\u0131 camisinin restorasyonuna izin vermiyor. Ecdad yadig\u00e2rlar\u0131 virane h\u00e2lde. \u0130stanbul Balat\u2019taki, Bulgar Ortodokslar i\u00e7in tarih\u00ee \u00f6nem ta\u015f\u0131yan Demir<\/p>\n","protected":false},"author":29,"featured_media":27045,"comment_status":"closed","ping_status":"closed","sticky":false,"template":"","format":"standard","meta":{"advanced_seo_description":"","jetpack_seo_html_title":"","jetpack_seo_noindex":false,"_jetpack_memberships_contains_paid_content":false,"footnotes":""},"categories":[1,10],"tags":[],"class_list":["post-27044","post","type-post","status-publish","format-standard","has-post-thumbnail","hentry","category-haberler","category-kultur-sanat"],"jetpack_featured_media_url":"https:\/\/i0.wp.com\/www.bghaber.org\/bghaber\/wp-content\/uploads\/2018\/02\/camilerimize-bulgar-zulmu.png?fit=640%2C352&ssl=1","jetpack_sharing_enabled":true,"jetpack_likes_enabled":true,"jetpack-related-posts":[],"jetpack_shortlink":"https:\/\/wp.me\/pc2PfJ-72c","_links":{"self":[{"href":"https:\/\/www.bghaber.org\/bghaber\/wp-json\/wp\/v2\/posts\/27044","targetHints":{"allow":["GET"]}}],"collection":[{"href":"https:\/\/www.bghaber.org\/bghaber\/wp-json\/wp\/v2\/posts"}],"about":[{"href":"https:\/\/www.bghaber.org\/bghaber\/wp-json\/wp\/v2\/types\/post"}],"author":[{"embeddable":true,"href":"https:\/\/www.bghaber.org\/bghaber\/wp-json\/wp\/v2\/users\/29"}],"replies":[{"embeddable":true,"href":"https:\/\/www.bghaber.org\/bghaber\/wp-json\/wp\/v2\/comments?post=27044"}],"version-history":[{"count":0,"href":"https:\/\/www.bghaber.org\/bghaber\/wp-json\/wp\/v2\/posts\/27044\/revisions"}],"wp:featuredmedia":[{"embeddable":true,"href":"https:\/\/www.bghaber.org\/bghaber\/wp-json\/wp\/v2\/media\/27045"}],"wp:attachment":[{"href":"https:\/\/www.bghaber.org\/bghaber\/wp-json\/wp\/v2\/media?parent=27044"}],"wp:term":[{"taxonomy":"category","embeddable":true,"href":"https:\/\/www.bghaber.org\/bghaber\/wp-json\/wp\/v2\/categories?post=27044"},{"taxonomy":"post_tag","embeddable":true,"href":"https:\/\/www.bghaber.org\/bghaber\/wp-json\/wp\/v2\/tags?post=27044"}],"curies":[{"name":"wp","href":"https:\/\/api.w.org\/{rel}","templated":true}]}}