{"id":27035,"date":"2018-02-09T11:29:43","date_gmt":"2018-02-09T08:29:43","guid":{"rendered":"http:\/\/www.bghaber.org\/bghaber\/?p=27035"},"modified":"2019-07-07T22:53:56","modified_gmt":"2019-07-07T20:53:56","slug":"bulgaristanda-koyleri-gezerek-yun-corap-topladi","status":"publish","type":"post","link":"https:\/\/www.bghaber.org\/bghaber\/bulgaristanda-koyleri-gezerek-yun-corap-topladi\/","title":{"rendered":"Bulgaristan&#8217;da k\u00f6yleri gezerek y\u00fcn \u00e7orap toplad\u0131"},"content":{"rendered":"<p>Antalya&#8217;da ya\u015fayan Japon Yazar \u0130kumi Nonaka&#8217;n\u0131n y\u00fcn \u00e7orap merak\u0131, rengarenk bir koleksiyon oldu.<\/p>\n<p>T\u00fcrk k\u00fclt\u00fcr\u00fc \u00fczerine ara\u015ft\u0131rmalar yapan ve bu konuda farkl\u0131 kaynaklarda yaz\u0131lar\u0131 bulunan \u0130kumi Nonaka, 25 y\u0131l \u00f6nce geldi\u011fi T\u00fcrkiye&#8217;de hayran kald\u0131\u011f\u0131 Antalya&#8217;ya yerle\u015fti.<\/p>\n<p>Ara\u015ft\u0131rmalar\u0131n\u0131 s\u00fcrd\u00fcren Nonaka bir yandan da merak sard\u0131\u011f\u0131 el i\u015fi i\u011fne oyalarla ilgili T\u00fcrkiye&#8217;nin \u00f6ne \u00e7\u0131kan \u015fehirlerini dola\u015ft\u0131. Nonaka, t\u00fcm inceliklerini \u00f6\u011frendi\u011fi i\u011fne oya \u00fczerine yazd\u0131\u011f\u0131 Japonca kitab\u0131 yay\u0131nlad\u0131.<\/p>\n<p>T\u00fcrk el sanatlar\u0131yla ilgili \u00e7al\u0131\u015fmalar\u0131n\u0131 devam ettiren Nonaka, i\u011fne oya kitab\u0131n\u0131 haz\u0131rlarken daha \u00e7ok k\u00f6y ve kasabalarda sand\u0131klarda \u00f6zenle sand\u0131klarda sakland\u0131\u011f\u0131n\u0131 g\u00f6rd\u00fc\u011f\u00fc binbir \u00e7e\u015fit i\u015flemeli y\u00fcn \u00e7oraplar\u0131 toplamaya ba\u015flad\u0131.<\/p>\n<p>Nonaka, Antalya, Adana, Mersin, Kahramanmara\u015f, Diyarbak\u0131r, Trabzon, Rize, Ankara, \u0130zmir, Konya, Aksaray, Hatay ba\u015fta olmak \u00fczere T\u00fcrkiye&#8217;nin bir\u00e7ok y\u00f6resinden toplad\u0131\u011f\u0131 bu \u00e7oraplar\u0131 700 par\u00e7al\u0131k bir koleksiyon haline getirdi.<\/p><div id=\"bghab-4121186609\" class=\"bghab-icerik-icine bghab-entity-placement\"><script async src=\"\/\/pagead2.googlesyndication.com\/pagead\/js\/adsbygoogle.js?client=ca-pub-6203283170189293\" crossorigin=\"anonymous\"><\/script><ins class=\"adsbygoogle\" style=\"display:block; text-align:center;\" data-ad-client=\"ca-pub-6203283170189293\" \ndata-ad-slot=\"7303146466\" \ndata-ad-layout=\"in-article\"\ndata-ad-format=\"fluid\" data-full-width-responsive=\"true\"><\/ins>\n<script> \n(adsbygoogle = window.adsbygoogle || []).push({}); \n<\/script>\n<\/div>\n<p>\u0130yi T\u00fcrk\u00e7e konu\u015fan ve y\u00fcn \u00e7orap ilgisinin zaman i\u00e7inde kendisi i\u00e7in bir tutkuya d\u00f6n\u00fc\u015ft\u00fc\u011f\u00fcn\u00fc s\u00f6yleyen Nonaka, AA muhabirine yapt\u0131\u011f\u0131 a\u00e7\u0131klamada, i\u011fne oya kitab\u0131 i\u00e7in yapt\u0131\u011f\u0131 gezilerde bu merak\u0131n ortaya \u00e7\u0131kt\u0131\u011f\u0131n\u0131 anlatt\u0131.<\/p>\n<p>&#8211; Sand\u0131kta saklanmalar\u0131 \u00e7ok etkileyici<\/p>\n<p>K\u00f6y ve kasaba gezilerinde kad\u0131nlar\u0131n bu \u00e7oraplar\u0131 \u00f6zenle sand\u0131klarda saklanmas\u0131n\u0131n kendisini \u00e7ok etkiledi\u011fini belirten Nonaka, \u015funlar\u0131 dile getirdi:<\/p>\n<p>&#8220;\u00c7oraplar\u0131n t\u0131pk\u0131 i\u011fne oyalarda oldu\u011fu gibi her y\u00f6reye g\u00f6re farkl\u0131 desen ve \u015fekillerde i\u015flendi\u011fini fark ettim. \u00c7oraplar\u0131n da o b\u00f6lgenin veya \u00e7orab\u0131 \u00f6ren ki\u015finin psikolojik durumunu yans\u0131tan semboller i\u00e7erdi\u011fini \u00f6\u011frendim. \u00d6rne\u011fin bir ki\u015finin \u00e7orab\u0131ndan, hangi k\u00f6yden, kasabadan geldi\u011fi anla\u015f\u0131labiliyor. Bu durum beni daha \u00e7ok merakland\u0131rd\u0131. \u00c7oraplardaki motifleri de ara\u015ft\u0131rmaya ba\u015flad\u0131m.&#8221;<\/p>\n<p>Aya\u011f\u0131 so\u011fuktan koruma amac\u0131yla giyilen \u00e7oraplar\u0131n \u00fczerindeki sembollerin hal\u0131 ve kilimlere dokunan kurt ba\u015f\u0131, kartal gibi desenlerle ayn\u0131 oldu\u011funa dikkati \u00e7eken Nonaka, &#8220;\u00d6rne\u011fin bir k\u00f6yde deprem ya\u015fanm\u0131\u015fsa onun ac\u0131s\u0131n\u0131 yans\u0131tan motifleri \u00e7oraplara i\u015flemi\u015fler. Bu \u00e7oraplar\u0131 g\u00f6r\u00fcnce o b\u00f6lge insan\u0131n ne ya\u015fad\u0131\u011f\u0131n\u0131 neler hissetti\u011fini anlayabiliyorum.&#8221; ifadesini kulland\u0131.<\/p><div id=\"bghab-1661116860\" class=\"bghab-icerik-icine-10-paragraf bghab-entity-placement\"><script async src=\"\/\/pagead2.googlesyndication.com\/pagead\/js\/adsbygoogle.js?client=ca-pub-6203283170189293\" crossorigin=\"anonymous\"><\/script><ins class=\"adsbygoogle\" style=\"display:block; text-align:center;\" data-ad-client=\"ca-pub-6203283170189293\" \ndata-ad-slot=\"7303146466\" \ndata-ad-layout=\"in-article\"\ndata-ad-format=\"fluid\" data-full-width-responsive=\"true\"><\/ins>\n<script> \n(adsbygoogle = window.adsbygoogle || []).push({}); \n<\/script>\n<\/div>\n<p>Birbirinden farkl\u0131 700&#8217;e yak\u0131n y\u00fcn ve \u00e7e\u015fitli iplerden yap\u0131lm\u0131\u015f \u00e7orab\u0131 bulundu\u011funu belirten Nonaka, <em>&#8220;Sadece T\u00fcrkiye&#8217;de de\u011fil, bu \u00e7orap k\u00fclt\u00fcr\u00fcn\u00fcn yo\u011fun oldu\u011fu Bulgaristan da k\u00f6yleri gezerek T\u00fcrk kad\u0131nlar\u0131n\u0131n \u00f6rd\u00fc\u011f\u00fc \u00e7oraplar\u0131 toplad\u0131m.&#8221;<\/em> dedi.<\/p>\n<p>\u00c7oraplar\u0131n \u00fczerindeki motiflerin anlamlar\u0131 hakk\u0131nda da bilgi veren Nonaka, renkli ve desenli \u00e7oraplar\u0131 kad\u0131nlar ve gen\u00e7 k\u0131zlar\u0131n, beyaz \u00e7oraplar\u0131 ise erkeklerin giydi\u011fini belirtti.<\/p>\n<p>Ara\u015ft\u0131rmalar\u0131na g\u00f6re ilk \u00e7orab\u0131n Arap Yar\u0131madas\u0131&#8217;nda giyildi\u011fini belirledi\u011fini ifade eden Nonaka, bunun T\u00fcrkiye&#8217;de de \u00e7ok eskiye dayand\u0131\u011f\u0131n\u0131 kaydetti. Nonaka, \u015funlar\u0131 s\u00f6yledi:<\/p>\n<p><em>&#8220;Ancak benim toplayabildi\u011fim ve g\u00f6rebildiklerimin en eskisi 1930&#8217;lara ait. \u015eu anda belki \u00e7ok az bir b\u00f6lgede y\u00fcn \u00e7orap \u00f6r\u00fcp giyen vard\u0131r. Ger\u00e7ek anlamda 1960&#8217;larda bu i\u015flemelerin de sona erdi\u011fini anl\u0131yoruz. O tarihte bile tek t\u00fck, art\u0131k \u015fu anda ne \u00f6ren var ne de giyen.&#8221;<\/em><\/p>\n<p>&#8211; Japon kad\u0131nlara da tan\u0131t\u0131yor<\/p><div id=\"bghab-3668828253\" class=\"bghab-icerik-icine-15-paragraf bghab-entity-placement\"><script async src=\"\/\/pagead2.googlesyndication.com\/pagead\/js\/adsbygoogle.js?client=ca-pub-6203283170189293\" crossorigin=\"anonymous\"><\/script><ins class=\"adsbygoogle\" style=\"display:block; text-align:center;\" data-ad-client=\"ca-pub-6203283170189293\" \ndata-ad-slot=\"7303146466\" \ndata-ad-layout=\"in-article\"\ndata-ad-format=\"fluid\" data-full-width-responsive=\"true\"><\/ins>\n<script> \n(adsbygoogle = window.adsbygoogle || []).push({}); \n<\/script>\n<\/div>\n<p>T\u00fcrkiye&#8217;deki eski \u00e7orap k\u00fclt\u00fcr\u00fcn\u00fc Japonya&#8217;da da tan\u0131tt\u0131\u011f\u0131n\u0131 anlatan Nonaka,<em> &#8220;Japon kad\u0131nlar da benim ya\u015f ku\u015fa\u011f\u0131m tabii, k\u0131\u015f d\u00f6nemlerinde y\u00fcn \u00e7orap \u00f6r\u00fcyorlar. Japon k\u00fclt\u00fcr\u00fcnde de \u00e7orap \u00f6nemli. Japon kad\u0131nlara, T\u00fcrkiye&#8217;deki hemcinslerinin ya\u015fam tarz\u0131n\u0131 tan\u0131t\u0131yorum, bu yaz bu konuda bir de seminer verece\u011fim.&#8221;<\/em> dedi.<\/p>\n<p>Nonaka, \u00e7orap toplad\u0131\u011f\u0131n\u0131 duyan T\u00fcrk arkada\u015flar\u0131n\u0131n ilk \u00f6nce \u015fa\u015f\u0131rd\u0131\u011f\u0131n\u0131 ancak \u00e7oraplar\u0131 koruyup saklad\u0131\u011f\u0131 i\u00e7in kendisine te\u015fekk\u00fcr ettiklerini de vurgulad\u0131.<\/p>\n<p>Koleksiyonunu sergilemeyi planlad\u0131\u011f\u0131n\u0131 da belirten Nonaka, y\u00fcn \u00e7orab\u0131n yerini patiklerin ald\u0131\u011f\u0131n\u0131, bunlar\u0131 da Japonya&#8217;da tan\u0131tt\u0131\u011f\u0131n\u0131 dile getirdi.<\/p>\n<p>&nbsp;<\/p>\n<p>AA<\/p><div id=\"bghab-2808759612\" class=\"bghab-icerik-icine-20-paragraf bghab-entity-placement\"><script async src=\"\/\/pagead2.googlesyndication.com\/pagead\/js\/adsbygoogle.js?client=ca-pub-6203283170189293\" crossorigin=\"anonymous\"><\/script><ins class=\"adsbygoogle\" style=\"display:block; text-align:center;\" data-ad-client=\"ca-pub-6203283170189293\" \ndata-ad-slot=\"7303146466\" \ndata-ad-layout=\"in-article\"\ndata-ad-format=\"fluid\" data-full-width-responsive=\"true\"><\/ins>\n<script> \n(adsbygoogle = window.adsbygoogle || []).push({}); \n<\/script>\n<\/div>\n<p>&nbsp;<\/p>\n<p>&nbsp;<\/p>\n<div id=\"bghab-4173458136\" class=\"bghab-yazi-altinda bghab-entity-placement\"><div class=\"bghab-adlabel\">Reklamlar<\/div><script async src=\"https:\/\/pagead2.googlesyndication.com\/pagead\/js\/adsbygoogle.js\"><\/script>\r\n<!-- bghaber-yaz\u0131-sonu -->\r\n<ins class=\"adsbygoogle\"\r\n     style=\"display:block\"\r\n     data-ad-client=\"ca-pub-6203283170189293\"\r\n     data-ad-slot=\"4222328180\"\r\n     data-ad-format=\"auto\"\r\n     data-full-width-responsive=\"true\"><\/ins>\r\n<script>\r\n     (adsbygoogle = window.adsbygoogle || []).push({});\r\n<\/script><\/div><br style=\"clear: both; display: block; float: none;\"\/>","protected":false},"excerpt":{"rendered":"<p>Antalya&#8217;da ya\u015fayan Japon Yazar \u0130kumi Nonaka&#8217;n\u0131n y\u00fcn \u00e7orap merak\u0131, rengarenk bir koleksiyon oldu. T\u00fcrk k\u00fclt\u00fcr\u00fc \u00fczerine ara\u015ft\u0131rmalar yapan ve bu konuda farkl\u0131 kaynaklarda yaz\u0131lar\u0131 bulunan<\/p>\n","protected":false},"author":29,"featured_media":27036,"comment_status":"closed","ping_status":"closed","sticky":false,"template":"","format":"standard","meta":{"advanced_seo_description":"","jetpack_seo_html_title":"","jetpack_seo_noindex":false,"_jetpack_memberships_contains_paid_content":false,"footnotes":""},"categories":[10],"tags":[],"class_list":["post-27035","post","type-post","status-publish","format-standard","has-post-thumbnail","hentry","category-kultur-sanat"],"jetpack_featured_media_url":"https:\/\/i0.wp.com\/www.bghaber.org\/bghaber\/wp-content\/uploads\/2018\/02\/japon-yazarin-yun-corap-koleksiyonu.jpeg?fit=606%2C304&ssl=1","jetpack_sharing_enabled":true,"jetpack_likes_enabled":true,"jetpack-related-posts":[],"jetpack_shortlink":"https:\/\/wp.me\/pc2PfJ-723","_links":{"self":[{"href":"https:\/\/www.bghaber.org\/bghaber\/wp-json\/wp\/v2\/posts\/27035","targetHints":{"allow":["GET"]}}],"collection":[{"href":"https:\/\/www.bghaber.org\/bghaber\/wp-json\/wp\/v2\/posts"}],"about":[{"href":"https:\/\/www.bghaber.org\/bghaber\/wp-json\/wp\/v2\/types\/post"}],"author":[{"embeddable":true,"href":"https:\/\/www.bghaber.org\/bghaber\/wp-json\/wp\/v2\/users\/29"}],"replies":[{"embeddable":true,"href":"https:\/\/www.bghaber.org\/bghaber\/wp-json\/wp\/v2\/comments?post=27035"}],"version-history":[{"count":0,"href":"https:\/\/www.bghaber.org\/bghaber\/wp-json\/wp\/v2\/posts\/27035\/revisions"}],"wp:featuredmedia":[{"embeddable":true,"href":"https:\/\/www.bghaber.org\/bghaber\/wp-json\/wp\/v2\/media\/27036"}],"wp:attachment":[{"href":"https:\/\/www.bghaber.org\/bghaber\/wp-json\/wp\/v2\/media?parent=27035"}],"wp:term":[{"taxonomy":"category","embeddable":true,"href":"https:\/\/www.bghaber.org\/bghaber\/wp-json\/wp\/v2\/categories?post=27035"},{"taxonomy":"post_tag","embeddable":true,"href":"https:\/\/www.bghaber.org\/bghaber\/wp-json\/wp\/v2\/tags?post=27035"}],"curies":[{"name":"wp","href":"https:\/\/api.w.org\/{rel}","templated":true}]}}