{"id":27032,"date":"2018-02-09T11:23:46","date_gmt":"2018-02-09T08:23:46","guid":{"rendered":"http:\/\/www.bghaber.org\/bghaber\/?p=27032"},"modified":"2019-07-07T22:53:56","modified_gmt":"2019-07-07T20:53:56","slug":"madalya-avcisi-serkant-aydogmus-bulgaristanda","status":"publish","type":"post","link":"https:\/\/www.bghaber.org\/bghaber\/madalya-avcisi-serkant-aydogmus-bulgaristanda\/","title":{"rendered":"Madalya avc\u0131s\u0131 Serkant Aydo\u011fmu\u015f Bulgaristan&#8217;da"},"content":{"rendered":"<p>\u0130zmirlilerin yak\u0131ndan tan\u0131d\u0131\u011f\u0131 kuaf\u00f6r Serkant Aydo\u011fmu\u015f, Bulgaristan\u2019\u0131n ba\u015fkenti Sofya\u2019da d\u00fczenlenen ve 27 \u00fclkenin kat\u0131ld\u0131\u011f\u0131 \u201cHair Fashion Show\u201d da \u201cCMC CAT T\u00fcrkiye Kuaf\u00f6rler Milli Tak\u0131m\u0131\u201d\u00a0\u00a0ile birinci oldu.<\/p>\n<p>Bireysel kategoride ise bayanlar topuzunda 3. c\u00fcl\u00fc\u011f\u00fc elde eden Serkant Aydo\u011fmu\u015f, Milli Tak\u0131m ad\u0131na \u0130zmir\u2019den tek ba\u015f\u0131na kat\u0131ld\u0131\u011f\u0131n\u0131 belirterek \u201c\u0130zmirlilerin ad\u0131n\u0131 duyurdu\u011fum i\u00e7in \u00e7ok mutluyum. Hedefim daha bir\u00e7ok madalya ve kupay\u0131 \u0130zmir\u2019e kazand\u0131rmak diye konu\u015ftu.<\/p>\n<p>Kazand\u0131\u011f\u0131 kupa ve madalyalar masaya s\u0131\u011fmad\u0131<\/p>\n<p>30 y\u0131ldan bu yana kuaf\u00f6rl\u00fckle u\u011fra\u015fan \u0130zmirli Serkant Aydo\u011fmu\u015f, en son kat\u0131ld\u0131\u011f\u0131 yar\u0131\u015fman\u0131n d\u0131\u015f\u0131nda \u015fimdiye kadar d\u00fcnyan\u0131n \u00e7e\u015fitli \u00fclkelerinde kat\u0131ld\u0131\u011f\u0131 yar\u0131\u015fmalarda 3 d\u00fcnya \u015fampiyonlu\u011fu ve bir kez de d\u00fcnya 3.l\u00fc\u011f\u00fc elde etti. Say\u0131s\u0131z madalya ve plaketlere sahip olan Serkant Aydo\u011fmu\u015f, milli tak\u0131m olarak 2018 y\u0131l\u0131nda da hedefe ula\u015facaklar\u0131n\u0131 ifade etti.<\/p>\n<p>2018 y\u0131l\u0131 sa\u00e7lar\u0131yla bilgi verdi<\/p><div id=\"bghab-4078623176\" class=\"bghab-icerik-icine bghab-entity-placement\"><script async src=\"\/\/pagead2.googlesyndication.com\/pagead\/js\/adsbygoogle.js?client=ca-pub-6203283170189293\" crossorigin=\"anonymous\"><\/script><ins class=\"adsbygoogle\" style=\"display:block; text-align:center;\" data-ad-client=\"ca-pub-6203283170189293\" \ndata-ad-slot=\"7303146466\" \ndata-ad-layout=\"in-article\"\ndata-ad-format=\"fluid\" data-full-width-responsive=\"true\"><\/ins>\n<script> \n(adsbygoogle = window.adsbygoogle || []).push({}); \n<\/script>\n<\/div>\n<p>T\u00fcrkiye\u2019n\u0131n yak\u0131ndan tan\u0131d\u0131\u011f\u0131 Kibariye,Burcu G\u00fcne\u015f gibi sanat\u00e7\u0131lar\u0131nda \u0130zmir\u2019de kuaf\u00f6rl\u00fc\u011f\u00fcn\u00fc yapan Serkant Aydo\u011fmu\u015f, 2018 sa\u00e7lar\u0131 hakk\u0131nda da bilgi verdi. Bu y\u0131l k\u0131sa, k\u00fct, kahk\u00fcle dayal\u0131 modellerin g\u00f6zde olaca\u011f\u0131n\u0131 belirten Aydo\u011fmu\u015f, \u201cOkyanus, holografik,mat,bordo, g\u00f6kku\u015fa\u011f\u0131 renklerini de sa\u00e7larda g\u00f6rmemiz m\u00fcmk\u00fcn. Ama ben her zaman y\u00fcz tipinize uygun sa\u00e7 kesim modellerini \u00f6neriyorum\u201d diye konu\u015ftu.<\/p>\n<p>&nbsp;<\/p>\n<p>&nbsp;<\/p>\n<p>Medya Ege<\/p>\n<div id=\"bghab-4266048280\" class=\"bghab-yazi-altinda bghab-entity-placement\"><div class=\"bghab-adlabel\">Reklamlar<\/div><script async src=\"https:\/\/pagead2.googlesyndication.com\/pagead\/js\/adsbygoogle.js\"><\/script>\r\n<!-- bghaber-yaz\u0131-sonu -->\r\n<ins class=\"adsbygoogle\"\r\n     style=\"display:block\"\r\n     data-ad-client=\"ca-pub-6203283170189293\"\r\n     data-ad-slot=\"4222328180\"\r\n     data-ad-format=\"auto\"\r\n     data-full-width-responsive=\"true\"><\/ins>\r\n<script>\r\n     (adsbygoogle = window.adsbygoogle || []).push({});\r\n<\/script><\/div><br style=\"clear: both; display: block; float: none;\"\/>","protected":false},"excerpt":{"rendered":"<p>\u0130zmirlilerin yak\u0131ndan tan\u0131d\u0131\u011f\u0131 kuaf\u00f6r Serkant Aydo\u011fmu\u015f, Bulgaristan\u2019\u0131n ba\u015fkenti Sofya\u2019da d\u00fczenlenen ve 27 \u00fclkenin kat\u0131ld\u0131\u011f\u0131 \u201cHair Fashion Show\u201d da \u201cCMC CAT T\u00fcrkiye Kuaf\u00f6rler Milli Tak\u0131m\u0131\u201d\u00a0\u00a0ile birinci<\/p>\n","protected":false},"author":29,"featured_media":27033,"comment_status":"closed","ping_status":"closed","sticky":false,"template":"","format":"standard","meta":{"advanced_seo_description":"","jetpack_seo_html_title":"","jetpack_seo_noindex":false,"_jetpack_memberships_contains_paid_content":false,"footnotes":""},"categories":[1,10],"tags":[],"class_list":["post-27032","post","type-post","status-publish","format-standard","has-post-thumbnail","hentry","category-haberler","category-kultur-sanat"],"jetpack_featured_media_url":"https:\/\/i0.wp.com\/www.bghaber.org\/bghaber\/wp-content\/uploads\/2018\/02\/serkant-aydogmus-bulgaristanda.jpg?fit=670%2C335&ssl=1","jetpack_sharing_enabled":true,"jetpack_likes_enabled":true,"jetpack-related-posts":[],"jetpack_shortlink":"https:\/\/wp.me\/pc2PfJ-720","_links":{"self":[{"href":"https:\/\/www.bghaber.org\/bghaber\/wp-json\/wp\/v2\/posts\/27032","targetHints":{"allow":["GET"]}}],"collection":[{"href":"https:\/\/www.bghaber.org\/bghaber\/wp-json\/wp\/v2\/posts"}],"about":[{"href":"https:\/\/www.bghaber.org\/bghaber\/wp-json\/wp\/v2\/types\/post"}],"author":[{"embeddable":true,"href":"https:\/\/www.bghaber.org\/bghaber\/wp-json\/wp\/v2\/users\/29"}],"replies":[{"embeddable":true,"href":"https:\/\/www.bghaber.org\/bghaber\/wp-json\/wp\/v2\/comments?post=27032"}],"version-history":[{"count":0,"href":"https:\/\/www.bghaber.org\/bghaber\/wp-json\/wp\/v2\/posts\/27032\/revisions"}],"wp:featuredmedia":[{"embeddable":true,"href":"https:\/\/www.bghaber.org\/bghaber\/wp-json\/wp\/v2\/media\/27033"}],"wp:attachment":[{"href":"https:\/\/www.bghaber.org\/bghaber\/wp-json\/wp\/v2\/media?parent=27032"}],"wp:term":[{"taxonomy":"category","embeddable":true,"href":"https:\/\/www.bghaber.org\/bghaber\/wp-json\/wp\/v2\/categories?post=27032"},{"taxonomy":"post_tag","embeddable":true,"href":"https:\/\/www.bghaber.org\/bghaber\/wp-json\/wp\/v2\/tags?post=27032"}],"curies":[{"name":"wp","href":"https:\/\/api.w.org\/{rel}","templated":true}]}}