{"id":27029,"date":"2018-02-09T11:21:14","date_gmt":"2018-02-09T08:21:14","guid":{"rendered":"http:\/\/www.bghaber.org\/bghaber\/?p=27029"},"modified":"2019-07-07T22:53:56","modified_gmt":"2019-07-07T20:53:56","slug":"tursab-temsilcileri-bulgaristanda","status":"publish","type":"post","link":"https:\/\/www.bghaber.org\/bghaber\/tursab-temsilcileri-bulgaristanda\/","title":{"rendered":"T\u00dcRSAB temsilcileri Bulgaristan&#8217;da"},"content":{"rendered":"<div>T\u00fcrk Hava Yollar\u0131 (THY), T\u00fcrkiye Seyahat Acentalar\u0131 Birli\u011fi (T\u00dcRSAB) temsilcilerini, Bulgar meslekta\u015flar\u0131yla \u00e7al\u0131\u015fma toplant\u0131s\u0131nda bulu\u015fturdu.<\/div>\n<div><\/div>\n<div>Ba\u015fkent Sofya&#8217;da yap\u0131lan \u00e7al\u0131\u015fma toplant\u0131s\u0131na T\u00fcrkiye&#8217;nin Sofya B\u00fcy\u00fckel\u00e7isi Hasan Ulusoy, T\u00dcRSAB Kurumsal ve Uluslararas\u0131 \u0130li\u015fkiler Direkt\u00f6r\u00fc Ela Atakan, THY Bulgaristan M\u00fcd\u00fcr\u00fc Mehmet G\u00fcrkaynak ve sekt\u00f6rden 20&#8217;den fazla turizm acente temsilcisi kat\u0131ld\u0131.<\/div>\n<div><\/div>\n<div>Etkinli\u011fin a\u00e7\u0131l\u0131\u015f\u0131ndan sonra AA muhabirine a\u00e7\u0131klama yapan Ulusoy, &#8220;Turizm acentelerine bakt\u0131\u011f\u0131m\u0131zda, ben onlar\u0131, ili\u015fkileri, halklar\u0131 bir araya getiren k\u00f6pr\u00fc in\u015faat\u00e7\u0131lar\u0131 olarak da g\u00f6r\u00fcyorum.&#8221; dedi.<\/div>\n<div><\/div>\n<div>Ulusoy, T\u00fcrkiye ile Bulgaristan aras\u0131ndaki yak\u0131n ba\u011flara i\u015faret ederek, &#8220;Kom\u015fu \u00fclke olarak iki halk aras\u0131ndaki anlay\u0131\u015f turistik faaliyetlerle birlikte g\u00fc\u00e7lendiriliyor.&#8221; diye konu\u015ftu.<\/div>\n<div><\/div>\n<div>T\u00fcrklerin Bulgaristan&#8217;a gelen turist say\u0131s\u0131 bak\u0131m\u0131ndan 3. s\u0131rada yer ald\u0131\u011f\u0131na i\u015faret eden Ulusoy, Bulgar vatanda\u015flar\u0131n\u0131 da T\u00fcrkiye&#8217;yi \u00f6nemli bir turistik destinasyon olarak g\u00f6rd\u00fcklerini belirtti. Ulusoy, T\u00fcrk B\u00fcy\u00fckel\u00e7ili\u011fi ve K\u00fclt\u00fcr ve Turizm M\u00fc\u015favirli\u011finin bu gibi giri\u015fimlere gelecekte de destek vermeyi s\u00fcrd\u00fcrece\u011fini s\u00f6zlerine ekledi.<\/div>\n<div><\/div>\n<div>T\u00dcRSAB Kurumsal ve Uluslararas\u0131 \u0130li\u015fkiler Direkt\u00f6r\u00fc Atakan da 10 senedir THY, K\u00fclt\u00fcr ve Turizm Bakanl\u0131\u011f\u0131 ile i\u015fbirli\u011fi yaparak T\u00fcrkiye turizminin tan\u0131t\u0131m\u0131n\u0131 ger\u00e7ekle\u015ftirdi\u011fi s\u00f6yledi. Yurt d\u0131\u015f\u0131na turist g\u00f6t\u00fcren seyahat acenteleri ile T\u00fcrkiye&#8217;ye turist getiren acenteleri bulu\u015fturduklar\u0131n\u0131 anlatan Atakan, &#8220;Bizim buradaki en b\u00fcy\u00fck amac\u0131m\u0131z \u00fclkemizi tan\u0131tmakt\u0131r.&#8221; dedi.<\/div>\n<div><\/div>\n<div>THY Bulgaristan M\u00fcd\u00fcr\u00fc G\u00fcrkaynak da Bulgaristan ve T\u00fcrkiye&#8217;nin senelerdir yan yana ya\u015fayan iki kom\u015fu oldu\u011funa i\u015faret ederek, &#8220;2017 senesi verilerinde Bulgaristan&#8217;a gelen turist say\u0131s\u0131na bakt\u0131\u011f\u0131m\u0131zda T\u00fcrkiye 1. s\u0131rada. Ayn\u0131 \u015fekilde biz de Bulgar turistleri T\u00fcrkiye&#8217;de a\u011f\u0131rlamak istiyoruz. Bu nedenle detayl\u0131 T\u00fcrkiye tan\u0131t\u0131m\u0131na girdik.&#8221; ifadesini kulland\u0131.<\/div>\n<div><\/div>\n<div>G\u00fcrkaynak, haftada Sofya&#8217;dan 18, Varna&#8217;dan da 7 u\u00e7u\u015fla Bulgar turistleri T\u00fcrkiye&#8217;nin b\u00fct\u00fcn turistik merkezlerine ta\u015f\u0131mak istediklerini dile getirdi.<\/div>\n<div><\/div>\n<div>Organizasyonda, Edirne Belediyesi ad\u0131na yap\u0131lan sunumda da Bulgaristan s\u0131n\u0131r\u0131na yak\u0131n \u015fehrin turistik, k\u00fclt\u00fcrel ve tarihi \u00f6zellikleri anlat\u0131ld\u0131.<\/div>\n<div><\/div>\n<div>Toplant\u0131n\u0131n devam\u0131nda T\u00dcRSAB temsilcileri, Bulgar meslekta\u015flar\u0131 ile g\u00f6r\u00fc\u015fmeler yaparak, kar\u015f\u0131l\u0131kl\u0131 i\u015fbirli\u011fi alan\u0131nda yeni hedefler belirledi.<\/div>\n<div><\/div>\n<div><\/div>\n<div>AA<\/div>\n<div id=\"bghab-3320642878\" class=\"bghab-yazi-altinda bghab-entity-placement\"><div class=\"bghab-adlabel\">Reklamlar<\/div><script async src=\"https:\/\/pagead2.googlesyndication.com\/pagead\/js\/adsbygoogle.js\"><\/script>\r\n<!-- bghaber-yaz\u0131-sonu -->\r\n<ins class=\"adsbygoogle\"\r\n     style=\"display:block\"\r\n     data-ad-client=\"ca-pub-6203283170189293\"\r\n     data-ad-slot=\"4222328180\"\r\n     data-ad-format=\"auto\"\r\n     data-full-width-responsive=\"true\"><\/ins>\r\n<script>\r\n     (adsbygoogle = window.adsbygoogle || []).push({});\r\n<\/script><\/div><br style=\"clear: both; display: block; float: none;\"\/>","protected":false},"excerpt":{"rendered":"<p>T\u00fcrk Hava Yollar\u0131 (THY), T\u00fcrkiye Seyahat Acentalar\u0131 Birli\u011fi (T\u00dcRSAB) temsilcilerini, Bulgar meslekta\u015flar\u0131yla \u00e7al\u0131\u015fma toplant\u0131s\u0131nda bulu\u015fturdu. Ba\u015fkent Sofya&#8217;da yap\u0131lan \u00e7al\u0131\u015fma toplant\u0131s\u0131na T\u00fcrkiye&#8217;nin Sofya B\u00fcy\u00fckel\u00e7isi Hasan Ulusoy,<\/p>\n","protected":false},"author":29,"featured_media":27030,"comment_status":"closed","ping_status":"closed","sticky":false,"template":"","format":"standard","meta":{"advanced_seo_description":"","jetpack_seo_html_title":"","jetpack_seo_noindex":false,"_jetpack_memberships_contains_paid_content":false,"footnotes":""},"categories":[1,4],"tags":[],"class_list":["post-27029","post","type-post","status-publish","format-standard","has-post-thumbnail","hentry","category-haberler","category-siyaset"],"jetpack_featured_media_url":"https:\/\/i0.wp.com\/www.bghaber.org\/bghaber\/wp-content\/uploads\/2018\/02\/tursab-temsilcileri-bulgaristanda.jpg?fit=1280%2C960&ssl=1","jetpack_sharing_enabled":true,"jetpack_likes_enabled":true,"jetpack-related-posts":[],"jetpack_shortlink":"https:\/\/wp.me\/pc2PfJ-71X","_links":{"self":[{"href":"https:\/\/www.bghaber.org\/bghaber\/wp-json\/wp\/v2\/posts\/27029","targetHints":{"allow":["GET"]}}],"collection":[{"href":"https:\/\/www.bghaber.org\/bghaber\/wp-json\/wp\/v2\/posts"}],"about":[{"href":"https:\/\/www.bghaber.org\/bghaber\/wp-json\/wp\/v2\/types\/post"}],"author":[{"embeddable":true,"href":"https:\/\/www.bghaber.org\/bghaber\/wp-json\/wp\/v2\/users\/29"}],"replies":[{"embeddable":true,"href":"https:\/\/www.bghaber.org\/bghaber\/wp-json\/wp\/v2\/comments?post=27029"}],"version-history":[{"count":0,"href":"https:\/\/www.bghaber.org\/bghaber\/wp-json\/wp\/v2\/posts\/27029\/revisions"}],"wp:featuredmedia":[{"embeddable":true,"href":"https:\/\/www.bghaber.org\/bghaber\/wp-json\/wp\/v2\/media\/27030"}],"wp:attachment":[{"href":"https:\/\/www.bghaber.org\/bghaber\/wp-json\/wp\/v2\/media?parent=27029"}],"wp:term":[{"taxonomy":"category","embeddable":true,"href":"https:\/\/www.bghaber.org\/bghaber\/wp-json\/wp\/v2\/categories?post=27029"},{"taxonomy":"post_tag","embeddable":true,"href":"https:\/\/www.bghaber.org\/bghaber\/wp-json\/wp\/v2\/tags?post=27029"}],"curies":[{"name":"wp","href":"https:\/\/api.w.org\/{rel}","templated":true}]}}