{"id":27027,"date":"2018-02-09T10:45:25","date_gmt":"2018-02-09T07:45:25","guid":{"rendered":"http:\/\/www.bghaber.org\/bghaber\/?p=27027"},"modified":"2019-07-07T22:53:56","modified_gmt":"2019-07-07T20:53:56","slug":"mevzuatta-gecen-engelli-kelimesi-ozurlu-olarak-degistirildi","status":"publish","type":"post","link":"https:\/\/www.bghaber.org\/bghaber\/mevzuatta-gecen-engelli-kelimesi-ozurlu-olarak-degistirildi\/","title":{"rendered":"Mevzuatta ge\u00e7en \u201cengelli\u201d kelimesi &#8220;\u00f6z\u00fcrl\u00fc&#8221; olarak de\u011fi\u015ftirildi"},"content":{"rendered":"<p>Parlamento, t\u00fcm mevzuatta ge\u00e7en &#8220;engelli\u201d kelimesini &#8220;\u00f6z\u00fcrl\u00fc&#8221; olarak de\u011fi\u015ftirdi. Meclis Genel Kurulunda g\u00f6r\u00fc\u015fmelerin ard\u0131ndan ikinci okumada yap\u0131lan oylama sonucunda kabul edilen Devlet \u00dccretleri Hakk\u0131nda Yasas\u0131\u2019nda de\u011fi\u015fiklik yap\u0131lmas\u0131na ili\u015fkin yasa tasar\u0131s\u0131n\u0131n kabul edilmesiyle daha 8 yasada de\u011fi\u015fiklik yap\u0131ld\u0131.<\/p>\n<p>Yasa tasar\u0131s\u0131n\u0131 Meclise sunan Bulgaristan Sosyalist Partisi (BSP) Koalisyonu milletvekili Mihail Hristov ve Krum Zarkov, \u201cGerek\u00e7e\u201d b\u00f6l\u00fcm\u00fcnde,\u201d Bu de\u011fi\u015fiklik, Bulgaristan&#8217;da engellilerin kar\u015f\u0131la\u015ft\u0131\u011f\u0131 zorluklar\u0131 \u00e7\u00f6zmeyecek, ancak bu onlar\u0131n sosyal i\u00e7ermesine ve tam bir vatanda\u015f olarak kendilerini ger\u00e7ekle\u015ftirmelerine y\u00f6nelik bir ad\u0131md\u0131r\u201d diye ileri s\u00fcrd\u00fcler.<\/p>\n<p>De\u011fi\u015fikli\u011fin yapaca\u011f\u0131 etkinin de\u011ferlendirmesinde \u201cengelli\u201d kavram\u0131n\u0131n Bulgar mevzuat\u0131ndan silinmesiyle \u00f6z\u00fcrl\u00fc ki\u015filer hakk\u0131nda \u201cbeceriksiz, ge\u00e7ersiz ve i\u015fe yaramayan&#8221; tarz\u0131nda kal\u0131p d\u00fc\u015f\u00fcncelerin \u00fcstesinden gelmeye yard\u0131mc\u0131 olunaca\u011f\u0131 belirtildi.<\/p>\n<p>Zarkov, de\u011fi\u015fikliklerin amac\u0131n\u0131n ilk \u00f6nce mevzuattaki terminolojinin e\u015fitlendirilmesi, yani sadece \u201c\u00f6z\u00fcrl\u00fc\u201d kelimesinin kullan\u0131lmas\u0131 oldu\u011funu ve ikinci olarak bu ki\u015filer hakk\u0131nda &#8220;beceriksiz, ya da bir i\u015fe yaramayan&#8221; \u015feklindeki basmakal\u0131p d\u00fc\u015f\u00fcnceyi ortadan kald\u0131rmaya y\u00f6nelik bir ad\u0131m at\u0131lmas\u0131 oldu\u011funu a\u00e7\u0131klad\u0131.<\/p>\n<p>De\u011fi\u015flik yap\u0131lan yasalar\u0131n biri demiryolu ta\u015f\u0131mac\u0131l\u0131\u011f\u0131 hakk\u0131ndakidir. \u00d6z\u00fcrl\u00fc ki\u015filer dahi bir s\u00fcr\u00fc ki\u015fiye y\u00f6nelik \u00fccretsiz seyahat tazminat\u0131n\u0131 d\u00fczenleyen metinler s\u00f6z konusudur. Bulgaristan Devlet Demiryollar\u0131 (BDZ) internet sitesinde yer alan bilgilere g\u00f6re engellilik oran\u0131 y\u00fczde 71 ve \u00fcst\u00fc olan ki\u015filerin bir y\u0131l i\u00e7inde iki tane \u00fccretsiz seyahat hakk\u0131 var.<\/p><div id=\"bghab-1374552484\" class=\"bghab-icerik-icine bghab-entity-placement\"><script async src=\"\/\/pagead2.googlesyndication.com\/pagead\/js\/adsbygoogle.js?client=ca-pub-6203283170189293\" crossorigin=\"anonymous\"><\/script><ins class=\"adsbygoogle\" style=\"display:block; text-align:center;\" data-ad-client=\"ca-pub-6203283170189293\" \ndata-ad-slot=\"7303146466\" \ndata-ad-layout=\"in-article\"\ndata-ad-format=\"fluid\" data-full-width-responsive=\"true\"><\/ins>\n<script> \n(adsbygoogle = window.adsbygoogle || []).push({}); \n<\/script>\n<\/div>\n<p>De\u011fi\u015fiklikler ayn\u0131 zamanda, \u00f6z\u00fcr oran\u0131 y\u00fcksek olan ki\u015filer i\u00e7in park kartlar\u0131n\u0131n t\u00fcr\u00fcn\u00fc a\u00e7\u0131klayan Karayollar\u0131 Trafik Yasas\u0131\u2019ndaki bir uygulamayla ilgilidir. Bu kartlarda \u015fimdiye kadar &#8220;engelli i\u015fareti&#8221; ad\u0131 verilen tekerlekli sandalyede oturan bir \u00f6z\u00fcrl\u00fcn\u00fcn i\u015fareti bulunuyor ve bundan sonra bu i\u015faret \u201c\u00f6z\u00fcrl\u00fc i\u015fareti\u201d olarak an\u0131lacakt\u0131r.<\/p>\n<p>\u00d6z\u00fcrl\u00fcler taraf\u0131ndan kullan\u0131lacak bir kentsel \u00e7evrenin in\u015fas\u0131 i\u00e7in yap\u0131lan a\u00e7\u0131klamalarda, Mekansal Planlama Yasas\u0131 ve Sofya B\u00fcy\u00fck\u015fehir Belediyesi Planlama ve \u0130mar Yasas\u0131\u2019nda kullan\u0131lan &#8220;engelliler\u201d kelimesi &#8220;\u00f6z\u00fcrl\u00fcler&#8221; olarak de\u011fi\u015ftirildi.<\/p>\n<p>Y\u00fcksek E\u011fitim Yasas\u0131\u2019nda belirtilen \u00f6z\u00fcrl\u00fc ki\u015filerin \u00fcniversitelere kabul edilmesini kolayla\u015ft\u0131ran kurallarla ilgili k\u0131sm\u0131nda kullan\u0131lan \u201cengelliler\u201d kelimesi de siliniyor. Bu kelime, Sa\u011fl\u0131k Sigortas\u0131 Yasas\u0131, Hayvanlar\u0131 Koruma Yasas\u0131, Avc\u0131l\u0131k ve Av Hayvanlar\u0131 Koruma Yasas\u0131 ve Veteriner Hizmetleri Yasas\u0131\u2019nda da \u201c\u00f6z\u00fcrl\u00fcler\u201d olarak de\u011fi\u015ftirildi.<\/p>\n<p>&nbsp;<\/p>\n<p>K\u0131rcaali Haber<\/p><div id=\"bghab-1642680981\" class=\"bghab-icerik-icine-10-paragraf bghab-entity-placement\"><script async src=\"\/\/pagead2.googlesyndication.com\/pagead\/js\/adsbygoogle.js?client=ca-pub-6203283170189293\" crossorigin=\"anonymous\"><\/script><ins class=\"adsbygoogle\" style=\"display:block; text-align:center;\" data-ad-client=\"ca-pub-6203283170189293\" \ndata-ad-slot=\"7303146466\" \ndata-ad-layout=\"in-article\"\ndata-ad-format=\"fluid\" data-full-width-responsive=\"true\"><\/ins>\n<script> \n(adsbygoogle = window.adsbygoogle || []).push({}); \n<\/script>\n<\/div>\n<div id=\"bghab-1096394028\" class=\"bghab-yazi-altinda bghab-entity-placement\"><div class=\"bghab-adlabel\">Reklamlar<\/div><script async src=\"https:\/\/pagead2.googlesyndication.com\/pagead\/js\/adsbygoogle.js\"><\/script>\r\n<!-- bghaber-yaz\u0131-sonu -->\r\n<ins class=\"adsbygoogle\"\r\n     style=\"display:block\"\r\n     data-ad-client=\"ca-pub-6203283170189293\"\r\n     data-ad-slot=\"4222328180\"\r\n     data-ad-format=\"auto\"\r\n     data-full-width-responsive=\"true\"><\/ins>\r\n<script>\r\n     (adsbygoogle = window.adsbygoogle || []).push({});\r\n<\/script><\/div><br style=\"clear: both; display: block; float: none;\"\/>","protected":false},"excerpt":{"rendered":"<p>Parlamento, t\u00fcm mevzuatta ge\u00e7en &#8220;engelli\u201d kelimesini &#8220;\u00f6z\u00fcrl\u00fc&#8221; olarak de\u011fi\u015ftirdi. Meclis Genel Kurulunda g\u00f6r\u00fc\u015fmelerin ard\u0131ndan ikinci okumada yap\u0131lan oylama sonucunda kabul edilen Devlet \u00dccretleri Hakk\u0131nda Yasas\u0131\u2019nda<\/p>\n","protected":false},"author":29,"featured_media":24797,"comment_status":"closed","ping_status":"closed","sticky":false,"template":"","format":"standard","meta":{"advanced_seo_description":"","jetpack_seo_html_title":"","jetpack_seo_noindex":false,"_jetpack_memberships_contains_paid_content":false,"footnotes":""},"categories":[5],"tags":[],"class_list":["post-27027","post","type-post","status-publish","format-standard","has-post-thumbnail","hentry","category-yasam"],"jetpack_featured_media_url":"https:\/\/i0.wp.com\/www.bghaber.org\/bghaber\/wp-content\/uploads\/2017\/11\/gorme-engelli.jpg?fit=788%2C442&ssl=1","jetpack_sharing_enabled":true,"jetpack_likes_enabled":true,"jetpack-related-posts":[],"jetpack_shortlink":"https:\/\/wp.me\/pc2PfJ-71V","_links":{"self":[{"href":"https:\/\/www.bghaber.org\/bghaber\/wp-json\/wp\/v2\/posts\/27027","targetHints":{"allow":["GET"]}}],"collection":[{"href":"https:\/\/www.bghaber.org\/bghaber\/wp-json\/wp\/v2\/posts"}],"about":[{"href":"https:\/\/www.bghaber.org\/bghaber\/wp-json\/wp\/v2\/types\/post"}],"author":[{"embeddable":true,"href":"https:\/\/www.bghaber.org\/bghaber\/wp-json\/wp\/v2\/users\/29"}],"replies":[{"embeddable":true,"href":"https:\/\/www.bghaber.org\/bghaber\/wp-json\/wp\/v2\/comments?post=27027"}],"version-history":[{"count":0,"href":"https:\/\/www.bghaber.org\/bghaber\/wp-json\/wp\/v2\/posts\/27027\/revisions"}],"wp:featuredmedia":[{"embeddable":true,"href":"https:\/\/www.bghaber.org\/bghaber\/wp-json\/wp\/v2\/media\/24797"}],"wp:attachment":[{"href":"https:\/\/www.bghaber.org\/bghaber\/wp-json\/wp\/v2\/media?parent=27027"}],"wp:term":[{"taxonomy":"category","embeddable":true,"href":"https:\/\/www.bghaber.org\/bghaber\/wp-json\/wp\/v2\/categories?post=27027"},{"taxonomy":"post_tag","embeddable":true,"href":"https:\/\/www.bghaber.org\/bghaber\/wp-json\/wp\/v2\/tags?post=27027"}],"curies":[{"name":"wp","href":"https:\/\/api.w.org\/{rel}","templated":true}]}}