{"id":27025,"date":"2018-02-09T10:42:32","date_gmt":"2018-02-09T07:42:32","guid":{"rendered":"http:\/\/www.bghaber.org\/bghaber\/?p=27025"},"modified":"2019-07-07T22:53:56","modified_gmt":"2019-07-07T20:53:56","slug":"uretimini-bulgaristana-tasiyacak-kuresel-bir-otomobil-ureticisi-aranacak","status":"publish","type":"post","link":"https:\/\/www.bghaber.org\/bghaber\/uretimini-bulgaristana-tasiyacak-kuresel-bir-otomobil-ureticisi-aranacak\/","title":{"rendered":"\u00dcretimini Bulgaristan&#8217;a ta\u015f\u0131yacak k\u00fcresel bir otomobil \u00fcreticisi aranacak"},"content":{"rendered":"<p>Eski Cumhurba\u015fkan\u0131 Rosen Plevneliev\u2019in y\u00f6netiminde yer ald\u0131\u011f\u0131 The Automotive Cluster Bulgaria taraf\u0131ndan d\u00fczenlenen \u201cOtomotiv Sanayi Ara\u015ft\u0131rmas\u0131 2017\u201d konulu konferansla ilgili yapt\u0131\u011f\u0131 bas\u0131n a\u00e7\u0131klamas\u0131nda Ekonomi Bakanl\u0131\u011f\u0131, bu y\u0131l Plevneliev ve Ekonomi Bakan\u0131 Emil Karanikolov&#8217;un da kat\u0131laca\u011f\u0131 bir heyetin, Avrupa&#8217;n\u0131n \u00e7e\u015fitli \u00fclkelerinde ve Avrupa d\u0131\u015f\u0131ndaki pazarlarda t\u00fcm \u00fcretimini Bulgaristan&#8217;a ta\u015f\u0131yacak k\u00fcresel bir otomobil \u00fcreticisi aramak i\u00e7in tura \u00e7\u0131kaca\u011f\u0131n\u0131 bildirdi.<\/p>\n<p>Konferansta yapt\u0131\u011f\u0131 konu\u015fmada Bakan Karanikolov, \u201cOtomotiv sekt\u00f6r\u00fcn\u00fcn br\u00fct katma de\u011fer i\u00e7indeki pay\u0131 y\u00fczde 3,6&#8217;d\u0131r ve son 10 y\u0131lda 4 kattan fazla artm\u0131\u015ft\u0131r. Bu sekt\u00f6rde faaliyet g\u00f6steren \u015firketlerin say\u0131s\u0131 130&#8217;un \u00fczerindedir ve onlar, 30 000&#8217;den fazla ki\u015fiye i\u015f imkan\u0131 sa\u011flamaktad\u0131r\u201d diye bildirdi.<\/p>\n<p>Bakan, \u201c2010 y\u0131l\u0131nda kaydedilen y\u00fczde 60&#8217;l\u0131k bir rekor b\u00fcy\u00fcme ile ihracat da art\u0131yor, 2014 ve 2015 verileri, b\u00fcy\u00fcme e\u011filiminin s\u0131ras\u0131yla y\u00fczde 17 ve y\u00fczde 16 oran\u0131yla korundu\u011funu g\u00f6stermektedir\u201d diye belirtti.<\/p>\n<p>Karanikolov, \u201c\u00dclkede otomotiv end\u00fcstrisi i\u00e7in uzman yeti\u015ftiren 17 y\u00fcksekokul, 103 meslek lisesi, 1 \u00f6zel kolej ve meslek b\u00f6l\u00fcmleri olan 5 genel lise okulu bulunmaktad\u0131r\u201d diye s\u00f6zlerine ekledi. Bakan\u2019\u0131n ifadelerine g\u00f6re 2005 y\u0131l\u0131ndan bu yana Yat\u0131r\u0131m Te\u015fvik Yasas\u0131 kapsam\u0131nda otomotiv end\u00fcstrisinde faaliyet g\u00f6steren \u015firketlere toplam 20 A S\u0131n\u0131f Yat\u0131r\u0131m sertifikas\u0131 verildi. Bu \u015firketlerin toplam 797, 543 milyon leva de\u011ferindeki yat\u0131r\u0131m projeleriyle 12 664 ki\u015filiye istihdam sa\u011fland\u0131.<\/p>\n<p>&nbsp;<\/p><div id=\"bghab-1578582523\" class=\"bghab-icerik-icine bghab-entity-placement\"><script async src=\"\/\/pagead2.googlesyndication.com\/pagead\/js\/adsbygoogle.js?client=ca-pub-6203283170189293\" crossorigin=\"anonymous\"><\/script><ins class=\"adsbygoogle\" style=\"display:block; text-align:center;\" data-ad-client=\"ca-pub-6203283170189293\" \ndata-ad-slot=\"7303146466\" \ndata-ad-layout=\"in-article\"\ndata-ad-format=\"fluid\" data-full-width-responsive=\"true\"><\/ins>\n<script> \n(adsbygoogle = window.adsbygoogle || []).push({}); \n<\/script>\n<\/div>\n<p>K\u0131rcaali Haber<\/p>\n<div id=\"bghab-1112855930\" class=\"bghab-yazi-altinda bghab-entity-placement\"><div class=\"bghab-adlabel\">Reklamlar<\/div><script async src=\"https:\/\/pagead2.googlesyndication.com\/pagead\/js\/adsbygoogle.js\"><\/script>\r\n<!-- bghaber-yaz\u0131-sonu -->\r\n<ins class=\"adsbygoogle\"\r\n     style=\"display:block\"\r\n     data-ad-client=\"ca-pub-6203283170189293\"\r\n     data-ad-slot=\"4222328180\"\r\n     data-ad-format=\"auto\"\r\n     data-full-width-responsive=\"true\"><\/ins>\r\n<script>\r\n     (adsbygoogle = window.adsbygoogle || []).push({});\r\n<\/script><\/div><br style=\"clear: both; display: block; float: none;\"\/>","protected":false},"excerpt":{"rendered":"<p>Eski Cumhurba\u015fkan\u0131 Rosen Plevneliev\u2019in y\u00f6netiminde yer ald\u0131\u011f\u0131 The Automotive Cluster Bulgaria taraf\u0131ndan d\u00fczenlenen \u201cOtomotiv Sanayi Ara\u015ft\u0131rmas\u0131 2017\u201d konulu konferansla ilgili yapt\u0131\u011f\u0131 bas\u0131n a\u00e7\u0131klamas\u0131nda Ekonomi Bakanl\u0131\u011f\u0131,<\/p>\n","protected":false},"author":29,"featured_media":5823,"comment_status":"closed","ping_status":"closed","sticky":false,"template":"","format":"standard","meta":{"advanced_seo_description":"","jetpack_seo_html_title":"","jetpack_seo_noindex":false,"_jetpack_memberships_contains_paid_content":false,"footnotes":""},"categories":[9,1],"tags":[],"class_list":["post-27025","post","type-post","status-publish","format-standard","has-post-thumbnail","hentry","category-ekonomi","category-haberler"],"jetpack_featured_media_url":"https:\/\/i0.wp.com\/www.bghaber.org\/bghaber\/wp-content\/uploads\/2013\/09\/bulgaristan-cumhurbaskani-plevneliev.jpg?fit=610%2C343&ssl=1","jetpack_sharing_enabled":true,"jetpack_likes_enabled":true,"jetpack-related-posts":[],"jetpack_shortlink":"https:\/\/wp.me\/pc2PfJ-71T","_links":{"self":[{"href":"https:\/\/www.bghaber.org\/bghaber\/wp-json\/wp\/v2\/posts\/27025","targetHints":{"allow":["GET"]}}],"collection":[{"href":"https:\/\/www.bghaber.org\/bghaber\/wp-json\/wp\/v2\/posts"}],"about":[{"href":"https:\/\/www.bghaber.org\/bghaber\/wp-json\/wp\/v2\/types\/post"}],"author":[{"embeddable":true,"href":"https:\/\/www.bghaber.org\/bghaber\/wp-json\/wp\/v2\/users\/29"}],"replies":[{"embeddable":true,"href":"https:\/\/www.bghaber.org\/bghaber\/wp-json\/wp\/v2\/comments?post=27025"}],"version-history":[{"count":0,"href":"https:\/\/www.bghaber.org\/bghaber\/wp-json\/wp\/v2\/posts\/27025\/revisions"}],"wp:featuredmedia":[{"embeddable":true,"href":"https:\/\/www.bghaber.org\/bghaber\/wp-json\/wp\/v2\/media\/5823"}],"wp:attachment":[{"href":"https:\/\/www.bghaber.org\/bghaber\/wp-json\/wp\/v2\/media?parent=27025"}],"wp:term":[{"taxonomy":"category","embeddable":true,"href":"https:\/\/www.bghaber.org\/bghaber\/wp-json\/wp\/v2\/categories?post=27025"},{"taxonomy":"post_tag","embeddable":true,"href":"https:\/\/www.bghaber.org\/bghaber\/wp-json\/wp\/v2\/tags?post=27025"}],"curies":[{"name":"wp","href":"https:\/\/api.w.org\/{rel}","templated":true}]}}