{"id":27023,"date":"2018-02-09T09:57:38","date_gmt":"2018-02-09T06:57:38","guid":{"rendered":"http:\/\/www.bghaber.org\/bghaber\/?p=27023"},"modified":"2019-07-07T22:53:56","modified_gmt":"2019-07-07T20:53:56","slug":"tutun-urunlerinin-imalati-yuzde-10-dustu","status":"publish","type":"post","link":"https:\/\/www.bghaber.org\/bghaber\/tutun-urunlerinin-imalati-yuzde-10-dustu\/","title":{"rendered":"T\u00fct\u00fcn \u00fcr\u00fcnlerinin imalat\u0131 y\u00fczde 10 d\u00fc\u015ft\u00fc"},"content":{"rendered":"<p>Ulusal \u0130statistik Enstit\u00fcs\u00fc (NS\u0130) verilerine g\u00f6re Kas\u0131m ay\u0131nda sanayi \u00fcretimi, bir \u00f6nceki y\u0131la g\u00f6re y\u00fczde 2 oran\u0131nda artt\u0131. Veriler, sigara \u00fcretiminin hem y\u0131ll\u0131k, hem de ayl\u0131k bazda iki basamakl\u0131 say\u0131 azald\u0131\u011f\u0131n\u0131 g\u00f6steriyor. Ge\u00e7en hafta a\u00e7\u0131klanan \u00e7e\u015fitli kurulu\u015flar\u0131n verilerine g\u00f6re ka\u00e7ak sigaran\u0131n sat\u0131\u015f\u0131n\u0131n son y\u0131llarda belirgin bir \u015fekilde darald\u0131\u011f\u0131 bildirildi.<\/p>\n<p>\u0130statistiklere g\u00f6re Kas\u0131m ay\u0131nda y\u0131ll\u0131k bazda t\u00fct\u00fcn \u00fcr\u00fcnleri \u00fcretimi y\u00fczde 35,8 oran\u0131nda azald\u0131 ve \u00f6nceki aya g\u00f6re yakla\u015f\u0131k y\u00fczde 10 d\u00fc\u015f\u00fc\u015f kaydetti.<\/p>\n<p>Bulgartabac Holding, 2017 y\u0131l\u0131nda ticari markalar\u0131n\u0131 British American Tobacco&#8217;ya satt\u0131. S\u00f6zle\u015fmeye g\u00f6re, al\u0131c\u0131 \u015firket, Blagoevgrad BT \u015eirketi\u2019nde sat\u0131n ald\u0131\u011f\u0131 markalar\u0131n \u00fcretimine ili\u015fkin iki y\u0131ll\u0131k s\u00f6zle\u015fme, yani en ge\u00e7 Nisan 2019&#8217;a kadar \u00fcretime ili\u015fkin s\u00f6zle\u015fme imzalad\u0131. O tarihten sonra markalar muhtemelen b\u00f6lgedeki \u015firketin di\u011fer sigara \u00fcretim tesislerinde \u00fcretilecek. Bu arada Aral\u0131k ay\u0131nda Blagoevgrad BT \u015eirketi\u2019nde toplu i\u015f\u00e7i \u00e7\u0131kart\u0131lmas\u0131na ba\u015fland\u0131\u011f\u0131 anla\u015f\u0131ld\u0131.<\/p>\n<p><b>Metal ve kimyasal maddelerin \u00fcretimi art\u0131yor<\/b><\/p>\n<p>Y\u0131ll\u0131k bazda metal ve kimyasal maddelerin \u00fcretiminde y\u00fczde 5, 2 oran\u0131nda art\u0131\u015f, imalat sanayide y\u00fczde 5,2 oran\u0131nda ve elektrik, \u0131s\u0131 enerjisi, do\u011falgaz \u00fcretimi ve da\u011f\u0131t\u0131m\u0131nda y\u00fczde 5, 1 oran\u0131nda d\u00fc\u015f\u00fck kaydedildi.<\/p><div id=\"bghab-3844867871\" class=\"bghab-icerik-icine bghab-entity-placement\"><script async src=\"\/\/pagead2.googlesyndication.com\/pagead\/js\/adsbygoogle.js?client=ca-pub-6203283170189293\" crossorigin=\"anonymous\"><\/script><ins class=\"adsbygoogle\" style=\"display:block; text-align:center;\" data-ad-client=\"ca-pub-6203283170189293\" \ndata-ad-slot=\"7303146466\" \ndata-ad-layout=\"in-article\"\ndata-ad-format=\"fluid\" data-full-width-responsive=\"true\"><\/ins>\n<script> \n(adsbygoogle = window.adsbygoogle || []).push({}); \n<\/script>\n<\/div>\n<p>Y\u0131l i\u00e7inde imalat sanayi sekt\u00f6r\u00fcnde bir \u00f6nceki y\u0131la g\u00f6re daha belirgin bir art\u0131\u015f kaydedildi. \u0130malat sanayi sekt\u00f6r\u00fcnde temel metal \u00fcretiminde y\u00fczde 26 oran\u0131nda, kimyasal \u00fcr\u00fcn imalat\u0131nda y\u00fczde 24, 2 oran\u0131nda, ila\u00e7 maddeleri ve \u00fcr\u00fcnleri \u00fcretiminde y\u00fczde 19, 4 oran\u0131nda ve bilgisayar ve haberle\u015fme te\u00e7hizat\u0131, elektronik ve optik \u00fcr\u00fcn \u00fcretiminde y\u00fczde 16, 3 oran\u0131nda art\u0131\u015f kaydedildi.<\/p>\n<p>T\u00fct\u00fcn \u00fcr\u00fcnlerinin imalat\u0131nda y\u00fczde 35, 8, makine ve te\u00e7hizat hari\u00e7 metal \u00fcr\u00fcnleri imalat\u0131nda y\u00fczde 12, 7, ka\u011f\u0131t ve karton, ka\u011f\u0131t ve karton \u00fcr\u00fcnleri \u00fcretiminde y\u00fczde 8, 6, i\u00e7ecek \u00fcretiminde ise y\u00fczde 6, 1 oran\u0131nda azalma kaydedildi.<\/p>\n<p>Aral\u0131k 2017&#8217;de bir \u00f6nceki aya g\u00f6re imalat sanayinde y\u00fczde 1,5 ve madencilik sanayinde y\u00fczde 0,7 oran\u0131nda art\u0131\u015f kaydedilirken elektrik ve \u0131s\u0131 enerjisi ve gaz \u00fcretiminde ise y\u00fczde 0,2 oran\u0131nda d\u00fc\u015f\u00fc\u015f kaydedildi.<\/p>\n<p>Ayl\u0131k bazda imalat sanayinde daha belirgin bir art\u0131\u015f, y\u00fczde 9,9 oranla mobilya imalat\u0131nda, y\u00fczde 9,0 oranla makine ve te\u00e7hizatlar\u0131na onar\u0131m\u0131 ve montaj\u0131, y\u00fczde 7,7 oranla deri i\u015fleme; ayakkab\u0131 ve di\u011fer deri e\u015fyalar imalat\u0131nda ve y\u00fczde 4,7 oranla mobilya hari\u00e7 kereste ve bunlar\u0131n mamulleri imalat\u0131nda g\u00f6r\u00fcld\u00fc.<\/p>\n<p>Otomobil hari\u00e7 ta\u015f\u0131t \u00fcretiminde y\u00fczde 20,5 oran\u0131nda, t\u00fct\u00fcn \u00fcr\u00fcnleri \u00fcretiminde y\u00fczde 10,9 oran\u0131nda, ka\u011f\u0131t ve karton, ka\u011f\u0131t ve karton \u00fcr\u00fcnleri \u00fcretiminde y\u00fczde 6,6 oran\u0131nda ve bilgisayar ve haberle\u015fme te\u00e7hizat\u0131, elektronik ve optik \u00fcr\u00fcn \u00fcretiminde y\u00fczde 5,4 oran\u0131nda d\u00fc\u015f\u00fc\u015f kaydedildi.<\/p><div id=\"bghab-1303036966\" class=\"bghab-icerik-icine-10-paragraf bghab-entity-placement\"><script async src=\"\/\/pagead2.googlesyndication.com\/pagead\/js\/adsbygoogle.js?client=ca-pub-6203283170189293\" crossorigin=\"anonymous\"><\/script><ins class=\"adsbygoogle\" style=\"display:block; text-align:center;\" data-ad-client=\"ca-pub-6203283170189293\" \ndata-ad-slot=\"7303146466\" \ndata-ad-layout=\"in-article\"\ndata-ad-format=\"fluid\" data-full-width-responsive=\"true\"><\/ins>\n<script> \n(adsbygoogle = window.adsbygoogle || []).push({}); \n<\/script>\n<\/div>\n<p>&nbsp;<\/p>\n<p>K\u0131rcaali Haber<\/p>\n<div id=\"bghab-3554668732\" class=\"bghab-yazi-altinda bghab-entity-placement\"><div class=\"bghab-adlabel\">Reklamlar<\/div><script async src=\"https:\/\/pagead2.googlesyndication.com\/pagead\/js\/adsbygoogle.js\"><\/script>\r\n<!-- bghaber-yaz\u0131-sonu -->\r\n<ins class=\"adsbygoogle\"\r\n     style=\"display:block\"\r\n     data-ad-client=\"ca-pub-6203283170189293\"\r\n     data-ad-slot=\"4222328180\"\r\n     data-ad-format=\"auto\"\r\n     data-full-width-responsive=\"true\"><\/ins>\r\n<script>\r\n     (adsbygoogle = window.adsbygoogle || []).push({});\r\n<\/script><\/div><br style=\"clear: both; display: block; float: none;\"\/>","protected":false},"excerpt":{"rendered":"<p>Ulusal \u0130statistik Enstit\u00fcs\u00fc (NS\u0130) verilerine g\u00f6re Kas\u0131m ay\u0131nda sanayi \u00fcretimi, bir \u00f6nceki y\u0131la g\u00f6re y\u00fczde 2 oran\u0131nda artt\u0131. Veriler, sigara \u00fcretiminin hem y\u0131ll\u0131k, hem de<\/p>\n","protected":false},"author":29,"featured_media":5175,"comment_status":"closed","ping_status":"closed","sticky":false,"template":"","format":"standard","meta":{"advanced_seo_description":"","jetpack_seo_html_title":"","jetpack_seo_noindex":false,"_jetpack_memberships_contains_paid_content":false,"footnotes":""},"categories":[9,1],"tags":[],"class_list":["post-27023","post","type-post","status-publish","format-standard","has-post-thumbnail","hentry","category-ekonomi","category-haberler"],"jetpack_featured_media_url":"https:\/\/i0.wp.com\/www.bghaber.org\/bghaber\/wp-content\/uploads\/2013\/08\/tutun.jpg?fit=400%2C299&ssl=1","jetpack_sharing_enabled":true,"jetpack_likes_enabled":true,"jetpack-related-posts":[],"jetpack_shortlink":"https:\/\/wp.me\/pc2PfJ-71R","_links":{"self":[{"href":"https:\/\/www.bghaber.org\/bghaber\/wp-json\/wp\/v2\/posts\/27023","targetHints":{"allow":["GET"]}}],"collection":[{"href":"https:\/\/www.bghaber.org\/bghaber\/wp-json\/wp\/v2\/posts"}],"about":[{"href":"https:\/\/www.bghaber.org\/bghaber\/wp-json\/wp\/v2\/types\/post"}],"author":[{"embeddable":true,"href":"https:\/\/www.bghaber.org\/bghaber\/wp-json\/wp\/v2\/users\/29"}],"replies":[{"embeddable":true,"href":"https:\/\/www.bghaber.org\/bghaber\/wp-json\/wp\/v2\/comments?post=27023"}],"version-history":[{"count":0,"href":"https:\/\/www.bghaber.org\/bghaber\/wp-json\/wp\/v2\/posts\/27023\/revisions"}],"wp:featuredmedia":[{"embeddable":true,"href":"https:\/\/www.bghaber.org\/bghaber\/wp-json\/wp\/v2\/media\/5175"}],"wp:attachment":[{"href":"https:\/\/www.bghaber.org\/bghaber\/wp-json\/wp\/v2\/media?parent=27023"}],"wp:term":[{"taxonomy":"category","embeddable":true,"href":"https:\/\/www.bghaber.org\/bghaber\/wp-json\/wp\/v2\/categories?post=27023"},{"taxonomy":"post_tag","embeddable":true,"href":"https:\/\/www.bghaber.org\/bghaber\/wp-json\/wp\/v2\/tags?post=27023"}],"curies":[{"name":"wp","href":"https:\/\/api.w.org\/{rel}","templated":true}]}}