{"id":27021,"date":"2018-02-09T09:54:32","date_gmt":"2018-02-09T06:54:32","guid":{"rendered":"http:\/\/www.bghaber.org\/bghaber\/?p=27021"},"modified":"2019-07-07T22:53:56","modified_gmt":"2019-07-07T20:53:56","slug":"cekyali-petr-kellner-telenor-bulgariayi-satin-alacak","status":"publish","type":"post","link":"https:\/\/www.bghaber.org\/bghaber\/cekyali-petr-kellner-telenor-bulgariayi-satin-alacak\/","title":{"rendered":"\u00c7ekyal\u0131 Petr Kellner, Telenor Bulgaria\u2019y\u0131 sat\u0131n alacak"},"content":{"rendered":"<p>Capital gazetesinin haberine g\u00f6re Telenor Bulgaria \u015eirketi\u2019ni \u00c7ekya\u2019n\u0131n en zengin adam\u0131 Petr Kellner taraf\u0131ndan sat\u0131n alacak.<\/p>\n<p>\u015eu anda s\u00f6zle\u015fme \u00f6ncesi g\u00f6r\u00fc\u015fmeler ve elde edilecek i\u015fletmenin ilave olarak mali durumunun incelenmesi s\u00fcr\u00fcyor. M\u00fczakerelerin Nisan ay\u0131 sonuna kadar tamamlanmas\u0131 bekleniyor ve daha sonra d\u00fczenleyici makamlardan izin al\u0131nd\u0131ktan sonra \u015firket sahibi y\u0131l\u0131n ortas\u0131na do\u011fru de\u011fi\u015febilir.<\/p>\n<p>Petr Kellner, Telenor Bulgaria \u015eirketi\u2019nden ba\u015fka PFF \u015eirketler Grubu arac\u0131l\u0131\u011f\u0131yla Norve\u00e7li Telekom operat\u00f6r\u00fc Telenor\u2019un S\u0131rbistan ve Karada\u011f&#8217;da faaliyet g\u00f6steren \u015firketlerini de sat\u0131n alacak. Telenor\u2019un Macaristan\u2019daki \u015firketinin Kellner taraf\u0131ndan sat\u0131n alaca\u011f\u0131na dair bilgi do\u011frulanmad\u0131.<\/p>\n<p>16 milyar dolar servete sahip Kellner, Orta ve Do\u011fu Avrupa&#8217;da en zengin adam olarak tan\u0131mlan\u0131yor. Kellner\u2019e ait PPF Group, bankac\u0131l\u0131k, finans hizmetleri, sigorta, biyoteknoloji, tar\u0131m ve emlak gibi sekt\u00f6rlerde 35 milyar avronun \u00fczerindeki varl\u0131klar\u0131n\u0131 y\u00f6netiyor. Petr Kellner, telekom\u00fcnikasyon sekt\u00f6r\u00fcnde de deneyime sahip oldu. Kellner, \u00c7ekya\u2019n\u0131n ikinci b\u00fcy\u00fck operat\u00f6r\u00fcn\u00fcn % 80&#8217;inden fazlas\u0131n\u0131 ve Slovakya&#8217;n\u0131n \u00fc\u00e7\u00fcnc\u00fc b\u00fcy\u00fck operat\u00f6r\u00fcn\u00fc elinde bulunduruyor. Her iki \u00fclkede faaliyet g\u00f6steren telekom\u00fcnikasyon \u015firketlerinin abone say\u0131s\u0131 toplam 7 milyondan fazlad\u0131r.<\/p>\n<p>&nbsp;<\/p><div id=\"bghab-2957926874\" class=\"bghab-icerik-icine bghab-entity-placement\"><script async src=\"\/\/pagead2.googlesyndication.com\/pagead\/js\/adsbygoogle.js?client=ca-pub-6203283170189293\" crossorigin=\"anonymous\"><\/script><ins class=\"adsbygoogle\" style=\"display:block; text-align:center;\" data-ad-client=\"ca-pub-6203283170189293\" \ndata-ad-slot=\"7303146466\" \ndata-ad-layout=\"in-article\"\ndata-ad-format=\"fluid\" data-full-width-responsive=\"true\"><\/ins>\n<script> \n(adsbygoogle = window.adsbygoogle || []).push({}); \n<\/script>\n<\/div>\n<p>K\u0131rcaali Haber<\/p>\n<div id=\"bghab-3100904302\" class=\"bghab-yazi-altinda bghab-entity-placement\"><div class=\"bghab-adlabel\">Reklamlar<\/div><script async src=\"https:\/\/pagead2.googlesyndication.com\/pagead\/js\/adsbygoogle.js\"><\/script>\r\n<!-- bghaber-yaz\u0131-sonu -->\r\n<ins class=\"adsbygoogle\"\r\n     style=\"display:block\"\r\n     data-ad-client=\"ca-pub-6203283170189293\"\r\n     data-ad-slot=\"4222328180\"\r\n     data-ad-format=\"auto\"\r\n     data-full-width-responsive=\"true\"><\/ins>\r\n<script>\r\n     (adsbygoogle = window.adsbygoogle || []).push({});\r\n<\/script><\/div><br style=\"clear: both; display: block; float: none;\"\/>","protected":false},"excerpt":{"rendered":"<p>Capital gazetesinin haberine g\u00f6re Telenor Bulgaria \u015eirketi\u2019ni \u00c7ekya\u2019n\u0131n en zengin adam\u0131 Petr Kellner taraf\u0131ndan sat\u0131n alacak. \u015eu anda s\u00f6zle\u015fme \u00f6ncesi g\u00f6r\u00fc\u015fmeler ve elde edilecek i\u015fletmenin<\/p>\n","protected":false},"author":29,"featured_media":26331,"comment_status":"closed","ping_status":"closed","sticky":false,"template":"","format":"standard","meta":{"advanced_seo_description":"","jetpack_seo_html_title":"","jetpack_seo_noindex":false,"_jetpack_memberships_contains_paid_content":false,"footnotes":""},"categories":[9,1],"tags":[],"class_list":["post-27021","post","type-post","status-publish","format-standard","has-post-thumbnail","hentry","category-ekonomi","category-haberler"],"jetpack_featured_media_url":"https:\/\/i0.wp.com\/www.bghaber.org\/bghaber\/wp-content\/uploads\/2018\/01\/telenor-bulgaria.jpg?fit=780%2C490&ssl=1","jetpack_sharing_enabled":true,"jetpack_likes_enabled":true,"jetpack-related-posts":[],"jetpack_shortlink":"https:\/\/wp.me\/pc2PfJ-71P","_links":{"self":[{"href":"https:\/\/www.bghaber.org\/bghaber\/wp-json\/wp\/v2\/posts\/27021","targetHints":{"allow":["GET"]}}],"collection":[{"href":"https:\/\/www.bghaber.org\/bghaber\/wp-json\/wp\/v2\/posts"}],"about":[{"href":"https:\/\/www.bghaber.org\/bghaber\/wp-json\/wp\/v2\/types\/post"}],"author":[{"embeddable":true,"href":"https:\/\/www.bghaber.org\/bghaber\/wp-json\/wp\/v2\/users\/29"}],"replies":[{"embeddable":true,"href":"https:\/\/www.bghaber.org\/bghaber\/wp-json\/wp\/v2\/comments?post=27021"}],"version-history":[{"count":0,"href":"https:\/\/www.bghaber.org\/bghaber\/wp-json\/wp\/v2\/posts\/27021\/revisions"}],"wp:featuredmedia":[{"embeddable":true,"href":"https:\/\/www.bghaber.org\/bghaber\/wp-json\/wp\/v2\/media\/26331"}],"wp:attachment":[{"href":"https:\/\/www.bghaber.org\/bghaber\/wp-json\/wp\/v2\/media?parent=27021"}],"wp:term":[{"taxonomy":"category","embeddable":true,"href":"https:\/\/www.bghaber.org\/bghaber\/wp-json\/wp\/v2\/categories?post=27021"},{"taxonomy":"post_tag","embeddable":true,"href":"https:\/\/www.bghaber.org\/bghaber\/wp-json\/wp\/v2\/tags?post=27021"}],"curies":[{"name":"wp","href":"https:\/\/api.w.org\/{rel}","templated":true}]}}