{"id":27016,"date":"2018-02-09T09:45:23","date_gmt":"2018-02-09T06:45:23","guid":{"rendered":"http:\/\/www.bghaber.org\/bghaber\/?p=27016"},"modified":"2019-07-07T22:53:57","modified_gmt":"2019-07-07T20:53:57","slug":"buyuk-sehirlerde-yasayanlarin-ucte-biri-yoksul","status":"publish","type":"post","link":"https:\/\/www.bghaber.org\/bghaber\/buyuk-sehirlerde-yasayanlarin-ucte-biri-yoksul\/","title":{"rendered":"B\u00fcy\u00fck \u015fehirlerde ya\u015fayanlar\u0131n \u00fc\u00e7te biri yoksul&#8230;"},"content":{"rendered":"<p>Avrupa Birli\u011fi (AB) \u0130statistik Ofisi (Eurostat) verilerine g\u00f6re Bulgaristan\u2019\u0131n b\u00fcy\u00fck \u015fehirlerinde ya\u015fayan vatanda\u015flar\u0131n \u00fc\u00e7te biri (% 31,1), yoksulluk ve sosyal d\u0131\u015flanma riski alt\u0131nda bulunuyor.<\/p>\n<p>Bu veriler, Bulgaristan&#8217;daki k\u0131rsal alanlar i\u00e7in daha olumsuz \u2013 orada n\u00fcfusun % 53, 8&#8217;i ve k\u00fc\u00e7\u00fck kasabalarda ya\u015fayanlar\u0131n % 38, 9&#8217;u b\u00f6yle bir risk alt\u0131ndad\u0131r.<\/p>\n<p>AB \u00fclkelerine gelince bu rakamlar sadece Yunanistan\u2019da b\u00fcy\u00fck \u015fehir sakinleri i\u00e7in daha y\u00fcksektir (% 33,6). Onu \u0130talya (% 30, 3) ve Bel\u00e7ika (% 29, 3) izledi.<\/p>\n<p>Ancak, k\u0131rsal alanlarda yoksulluk riski alt\u0131nda olunmas\u0131 bak\u0131m\u0131ndan Bulgaristan, AB&#8217;de birinci s\u0131rada yer al\u0131yor.<\/p>\n<p>Yoksulluk veya sosyal d\u0131\u015flanma riski alt\u0131ndaki insanlar \u00fc\u00e7 durumdan birinde ya\u015f\u0131yor: parasal yoksulluk riski, ciddi maddi yoksunluk, d\u00fc\u015f\u00fck gelirli hane halk\u0131 ferdi.<\/p><div id=\"bghab-710125366\" class=\"bghab-icerik-icine bghab-entity-placement\"><script async src=\"\/\/pagead2.googlesyndication.com\/pagead\/js\/adsbygoogle.js?client=ca-pub-6203283170189293\" crossorigin=\"anonymous\"><\/script><ins class=\"adsbygoogle\" style=\"display:block; text-align:center;\" data-ad-client=\"ca-pub-6203283170189293\" \ndata-ad-slot=\"7303146466\" \ndata-ad-layout=\"in-article\"\ndata-ad-format=\"fluid\" data-full-width-responsive=\"true\"><\/ins>\n<script> \n(adsbygoogle = window.adsbygoogle || []).push({}); \n<\/script>\n<\/div>\n<p>Genel olarak 2016 y\u0131l\u0131nda AB n\u00fcfusunun % 41,2&#8217;si b\u00fcy\u00fck \u015fehirlerde,% 30,6&#8217;s\u0131 k\u00fc\u00e7\u00fck \u015fehir ve banliy\u00f6lerde, kalan% 28,2&#8217;si ise k\u0131rsal alanlarda ya\u015famaktad\u0131r.<\/p>\n<p>2016 y\u0131l\u0131nda AB&#8217;deki b\u00fcy\u00fck \u015fehirlerde ya\u015fayan her d\u00f6rt sakinden nerdeyse biri (% 23, 6) yoksulluk ve sosyal d\u0131\u015flanma riski ta\u015f\u0131yordu. Bu oran, k\u0131rsal alanlarda (% 25, 5) risk alt\u0131ndaki ki\u015filere g\u00f6re daha d\u00fc\u015f\u00fck seviyede ve k\u00fc\u00e7\u00fck kasaba ve banliy\u00f6lerde (% 21, 6) risk alt\u0131ndaki ki\u015filere g\u00f6re daha y\u00fcksek seviyededir.<\/p>\n<p>AB&#8217;de b\u00f6yle bir risk alt\u0131ndaki n\u00fcfus son y\u0131llarda hafif\u00e7e artmaktad\u0131r. B\u00fcy\u00fck \u015fehirlerin sakinlerinde bu oran 2010&#8217;da % 22, 7&#8217;den 2016&#8217;da % 23, 6&#8217;ya y\u00fckseldi. Banliy\u00f6 ve k\u00fc\u00e7\u00fck kasabalar\u0131n sakinlerinde ise risk oran\u0131nda art\u0131\u015f 2010&#8217;da % 20, 3 iken 2016&#8217;da % 21, 6&#8217;ya y\u00fckseldi.<\/p>\n<p>AB&#8217;nin k\u0131rsal alanlar\u0131nda bunun tersi do\u011fru &#8211; yoksulluk riski 2010 y\u0131l\u0131nda n\u00fcfusun % 29&#8217;unu, alt\u0131 y\u0131l sonra % 25,5&#8217;ini etkiliyor. Bu e\u011filimler, farkl\u0131 \u00fcye devletlerde de\u011fi\u015fmektedir.<\/p>\n<p>B\u00fcy\u00fck \u015fehir sakinlerinde yoksulluk ve sosyal d\u0131\u015flanma riski en d\u00fc\u015f\u00fck seviyede Slovakya (% 13) ve \u00c7ek Cumhuriyeti\u2019ndedir (% 13,8), bunu Polonya (% 16,2) ve Finlandiya (% 17,2) izlemektedir.<\/p><div id=\"bghab-2958176289\" class=\"bghab-icerik-icine-10-paragraf bghab-entity-placement\"><script async src=\"\/\/pagead2.googlesyndication.com\/pagead\/js\/adsbygoogle.js?client=ca-pub-6203283170189293\" crossorigin=\"anonymous\"><\/script><ins class=\"adsbygoogle\" style=\"display:block; text-align:center;\" data-ad-client=\"ca-pub-6203283170189293\" \ndata-ad-slot=\"7303146466\" \ndata-ad-layout=\"in-article\"\ndata-ad-format=\"fluid\" data-full-width-responsive=\"true\"><\/ins>\n<script> \n(adsbygoogle = window.adsbygoogle || []).push({}); \n<\/script>\n<\/div>\n<p>&nbsp;<\/p>\n<p>K\u0131rcaali Haber<\/p>\n<div id=\"bghab-1024946489\" class=\"bghab-yazi-altinda bghab-entity-placement\"><div class=\"bghab-adlabel\">Reklamlar<\/div><script async src=\"https:\/\/pagead2.googlesyndication.com\/pagead\/js\/adsbygoogle.js\"><\/script>\r\n<!-- bghaber-yaz\u0131-sonu -->\r\n<ins class=\"adsbygoogle\"\r\n     style=\"display:block\"\r\n     data-ad-client=\"ca-pub-6203283170189293\"\r\n     data-ad-slot=\"4222328180\"\r\n     data-ad-format=\"auto\"\r\n     data-full-width-responsive=\"true\"><\/ins>\r\n<script>\r\n     (adsbygoogle = window.adsbygoogle || []).push({});\r\n<\/script><\/div><br style=\"clear: both; display: block; float: none;\"\/>","protected":false},"excerpt":{"rendered":"<p>Avrupa Birli\u011fi (AB) \u0130statistik Ofisi (Eurostat) verilerine g\u00f6re Bulgaristan\u2019\u0131n b\u00fcy\u00fck \u015fehirlerinde ya\u015fayan vatanda\u015flar\u0131n \u00fc\u00e7te biri (% 31,1), yoksulluk ve sosyal d\u0131\u015flanma riski alt\u0131nda bulunuyor. Bu<\/p>\n","protected":false},"author":29,"featured_media":26182,"comment_status":"closed","ping_status":"closed","sticky":false,"template":"","format":"standard","meta":{"advanced_seo_description":"","jetpack_seo_html_title":"","jetpack_seo_noindex":false,"_jetpack_memberships_contains_paid_content":false,"footnotes":""},"categories":[5],"tags":[],"class_list":["post-27016","post","type-post","status-publish","format-standard","has-post-thumbnail","hentry","category-yasam"],"jetpack_featured_media_url":"https:\/\/i0.wp.com\/www.bghaber.org\/bghaber\/wp-content\/uploads\/2018\/01\/istihdam-seferberlig.jpg?fit=750%2C420&ssl=1","jetpack_sharing_enabled":true,"jetpack_likes_enabled":true,"jetpack-related-posts":[],"jetpack_shortlink":"https:\/\/wp.me\/pc2PfJ-71K","_links":{"self":[{"href":"https:\/\/www.bghaber.org\/bghaber\/wp-json\/wp\/v2\/posts\/27016","targetHints":{"allow":["GET"]}}],"collection":[{"href":"https:\/\/www.bghaber.org\/bghaber\/wp-json\/wp\/v2\/posts"}],"about":[{"href":"https:\/\/www.bghaber.org\/bghaber\/wp-json\/wp\/v2\/types\/post"}],"author":[{"embeddable":true,"href":"https:\/\/www.bghaber.org\/bghaber\/wp-json\/wp\/v2\/users\/29"}],"replies":[{"embeddable":true,"href":"https:\/\/www.bghaber.org\/bghaber\/wp-json\/wp\/v2\/comments?post=27016"}],"version-history":[{"count":0,"href":"https:\/\/www.bghaber.org\/bghaber\/wp-json\/wp\/v2\/posts\/27016\/revisions"}],"wp:featuredmedia":[{"embeddable":true,"href":"https:\/\/www.bghaber.org\/bghaber\/wp-json\/wp\/v2\/media\/26182"}],"wp:attachment":[{"href":"https:\/\/www.bghaber.org\/bghaber\/wp-json\/wp\/v2\/media?parent=27016"}],"wp:term":[{"taxonomy":"category","embeddable":true,"href":"https:\/\/www.bghaber.org\/bghaber\/wp-json\/wp\/v2\/categories?post=27016"},{"taxonomy":"post_tag","embeddable":true,"href":"https:\/\/www.bghaber.org\/bghaber\/wp-json\/wp\/v2\/tags?post=27016"}],"curies":[{"name":"wp","href":"https:\/\/api.w.org\/{rel}","templated":true}]}}