{"id":26993,"date":"2018-02-08T21:08:18","date_gmt":"2018-02-08T18:08:18","guid":{"rendered":"http:\/\/www.bghaber.org\/bghaber\/?p=26993"},"modified":"2018-02-09T12:00:39","modified_gmt":"2018-02-09T09:00:39","slug":"sultan-2-abdulhamid-hanin-vefatinin-100-yili","status":"publish","type":"post","link":"https:\/\/www.bghaber.org\/bghaber\/sultan-2-abdulhamid-hanin-vefatinin-100-yili\/","title":{"rendered":"Sultan 2. Abd\u00fclhamid Han&#8217;\u0131n vefat\u0131n\u0131n 100. y\u0131l\u0131"},"content":{"rendered":"<div class=\"lead\">\n<p class=\"selectionShareable\">\u0130BB K\u00fclt\u00fcr A\u015e taraf\u0131ndan Sultan 2. Abd\u00fclhamid Han&#8217;\u0131n vefat\u0131n\u0131n 100. y\u0131l\u0131 dolay\u0131s\u0131yla etkinlik d\u00fczenlendi.<\/p>\n<p class=\"selectionShareable\"><strong><img data-recalc-dims=\"1\" loading=\"lazy\" decoding=\"async\" class=\"\" src=\"https:\/\/i0.wp.com\/aa.com.tr\/uploads\/Contents\/2018\/02\/08\/thumbs_b_c_070af5e05e96ac1f357ea7b7302c071a.jpg?resize=555%2C312\" alt=\"Sultan 2. Abd\u00fclhamid Han'\u0131n vefat\u0131n\u0131n 100. y\u0131l\u0131 etkinli\u011fi \" width=\"555\" height=\"312\" \/>\u0130stanbul B\u00fcy\u00fck\u015fehir Belediyesi K\u00fclt\u00fcr A\u015e<\/strong>\u00a0taraf\u0131ndan\u00a0<strong>Sultan 2. Abd\u00fclhamid Han<\/strong>&#8216;\u0131n vefat\u0131n\u0131n 100. y\u0131l d\u00f6n\u00fcm\u00fc an\u0131s\u0131na etkinlik d\u00fczenlendi.<\/p>\n<p class=\"selectionShareable\">Osmanl\u0131 Ar\u015fivi Daire Ba\u015fkanl\u0131\u011f\u0131 Konferans Salonunda d\u00fczenlenen etkinlik, Kuran&#8217;\u0131 Kerim tilavetiyle ba\u015flad\u0131.<\/p>\n<p class=\"selectionShareable\">Fransa, \u0130ngiltere, Almanya, L\u00fcbnan, Suudi Arabistan, Avusturya ve Meksika&#8217;dan yakla\u015f\u0131k 52 hanedan \u00fcyesinin kat\u0131ld\u0131\u011f\u0131 etkinlikte, &#8221;Sultan 2. Abd\u00fclhamid Han\u2019\u0131n Dersaadeti&#8221; belgesel g\u00f6sterimi kat\u0131l\u0131mc\u0131lara izletildi.<\/p>\n<p class=\"selectionShareable\">\u0130BB K\u00fclt\u00fcr A\u015e Genel M\u00fcd\u00fcr\u00fc Kemal Kaptaner, etkinli\u011fin a\u00e7\u0131l\u0131\u015f\u0131nda yapt\u0131\u011f\u0131 konu\u015fmada, 33 y\u0131l Osmanl\u0131 \u0130mparatorlu\u011funa h\u00fck\u00fcmdar olan Sultan 2. Abd\u00fclhamid Han&#8217;\u0131n d\u00fcnya siyaset tarihine damga vuran m\u00fcmtaz devlet adamlar\u0131n\u0131n ba\u015f\u0131nda geldi\u011fini s\u00f6yledi.<\/p><div id=\"bghab-2513535056\" class=\"bghab-icerik-icine bghab-entity-placement\"><script async src=\"\/\/pagead2.googlesyndication.com\/pagead\/js\/adsbygoogle.js?client=ca-pub-6203283170189293\" crossorigin=\"anonymous\"><\/script><ins class=\"adsbygoogle\" style=\"display:block; text-align:center;\" data-ad-client=\"ca-pub-6203283170189293\" \ndata-ad-slot=\"7303146466\" \ndata-ad-layout=\"in-article\"\ndata-ad-format=\"fluid\" data-full-width-responsive=\"true\"><\/ins>\n<script> \n(adsbygoogle = window.adsbygoogle || []).push({}); \n<\/script>\n<\/div>\n<p class=\"selectionShareable\">Abd\u00fclhamid Han&#8217;\u0131n D\u00fcvel-i Muazzama&#8217;yla \u00e7etin bir m\u00fccadele ge\u00e7irdi\u011fini belirten Kaptaner, &#8221;Rusya Yunan Sava\u015flar\u0131 ile birlikte \u015eark Meselesi&#8217;nin uzant\u0131s\u0131 i\u00e7 ve d\u0131\u015fta meydana gelen bir \u00e7ok darbeye ra\u011fmen o devletini ayakta tutmay\u0131 ba\u015farm\u0131\u015f bir h\u00fck\u00fcmdard\u0131r. Hakk\u0131nda yap\u0131lan laf\u0131 g\u00fczaf tart\u0131\u015fmalar y\u00fcz\u00fcnden Sultan&#8217;\u0131n ger\u00e7ek kimli\u011fiyle tan\u0131mak ve tan\u0131tmak uzun y\u0131llar m\u00fcmk\u00fcn olmam\u0131\u015ft\u0131r ama son y\u0131llarda gen\u00e7 nesiller kendisini tan\u0131maya ba\u015flad\u0131lar.&#8221; diye konu\u015ftu.<\/p>\n<h3>&#8220;\u0130yili\u011fin kar\u015f\u0131l\u0131\u011f\u0131 yaln\u0131z iyilik de\u011fildir&#8221;<\/h3>\n<p class=\"selectionShareable\">Kaptaner, Abd\u00fclhamid Han&#8217;\u0131n siyasi tart\u0131\u015fmalardan ziyade \u00fclkenin kalk\u0131nmas\u0131n\u0131 \u00f6n plana \u00e7\u0131karmak istedi\u011fini vurgulayarak, &#8221;B\u00fct\u00fcn reform \u00e7abalar\u0131yla \u00e7a\u011fda\u015f medeniyeti yakalamaya \u00e7al\u0131\u015fm\u0131\u015ft\u0131r. Ortaya koydu\u011fu eser ve projeler \u00f6yle m\u00fcthi\u015f olmu\u015ftur ki, zaman\u0131n \u00f6tesine ge\u00e7erek, milletleri ve devletleri hala heyecanland\u0131ran, hislendiren tarihi bir \u015fuur ve kimli\u011fin v\u00fccuda getirmi\u015ftir. Abd\u00fclhamid Han, her zaman ileri hamlelere taraftar olmu\u015ftur. A\u00e7t\u0131\u011f\u0131 okullar, kurdu\u011fu fabrikalar ve i\u015fletmeler, yapt\u0131rd\u0131\u011f\u0131 kara ve demir yollar\u0131 Devlet-i Aliyye&#8217;ye ger\u00e7ek manada \u00e7a\u011fda\u015f medeniyeti getirmi\u015ftir. Ke\u015fif ve geli\u015fmeleri yak\u0131ndan takip etmi\u015ftir. Modern kurumlar\u0131 h\u0131zl\u0131 bir \u015fekilde hizmete sokmu\u015ftur. Devlet-i Aliyye d\u00fc\u015fmanlar\u0131 Sultan Abd\u00fclhamid&#8217;i g\u00f6zden d\u00fc\u015f\u00fcrmek i\u00e7in her t\u00fcrl\u00fc iftira ve k\u00f6t\u00fcleme kampanyalar\u0131 yaparlarken, onun \u00e7o\u011fu \u015fahsi paras\u0131ndan olmak \u00fczere cami, mescit, medrese, hastane, mektep, \u00e7e\u015fme, k\u00f6pr\u00fc gibi toplam bin 552 eser yapt\u0131rd\u0131\u011f\u0131n\u0131 g\u00f6r\u00fcyoruz.&#8221; dedi.<\/p>\n<p><strong><img data-recalc-dims=\"1\" loading=\"lazy\" decoding=\"async\" class=\"aligncenter\" src=\"https:\/\/i0.wp.com\/www.bghaber.org\/bghaber\/wp-content\/uploads\/2018\/02\/abdulhhm.jpg?resize=640%2C987\" width=\"640\" height=\"987\" \/><\/strong><\/p>\n<p><strong>2. Abd\u00fclhamid Han&#8217;\u0131n 4. ku\u015fak torunlar\u0131ndan Jamil Adra ile birlikte<\/strong><\/p>\n<p class=\"selectionShareable\">2. Abd\u00fclhamid Han&#8217;\u0131n 4. ku\u015fak torunlar\u0131ndan Jamil Adra da toplant\u0131n\u0131n Cumhurba\u015fkan\u0131 Recep Tayyip Erdo\u011fan&#8217;\u0131n iste\u011fi, iradesi, kararl\u0131l\u0131\u011f\u0131 ve himayesi sayesinde ger\u00e7ekle\u015fti\u011fini belirterek Adra, &#8221;Kendisine i\u00e7tenlikle te\u015fekk\u00fcr ediyorum. Bir ayeti kerime &#8216;\u0130yili\u011fin kar\u015f\u0131l\u0131\u011f\u0131 yaln\u0131z iyilik de\u011fildir.&#8217; diyoruz ve ger\u00e7ekleri oldu\u011fu gibi y\u00fcksek sesle s\u00f6yleyeyim. Say\u0131n Cumhurba\u015fkan\u0131m\u0131z, kar\u015f\u0131l\u0131kl\u0131 bir g\u00fcven ortam\u0131 i\u00e7erisinde 15 y\u0131ldan uzun zamand\u0131r daima Osmanl\u0131 ailesinin T\u00fcrkiye&#8217;yle yak\u0131nla\u015fmas\u0131 i\u00e7in \u00e7al\u0131\u015ft\u0131. Bunu asla unutmayaca\u011f\u0131z.&#8221; ifadelerini kulland\u0131.<\/p>\n<p class=\"selectionShareable\">Sultan Abd\u00fclhamid Han&#8217;\u0131n 4. ku\u015fak torunlar\u0131ndan Nurhan Osmano\u011flu ise Cumhurba\u015fkan\u0131 Recep Tayyip Erdo\u011fan&#8217;\u0131n Osmanl\u0131 tarihine ve \u00f6zellikle Sultan 2. Abd\u00fclhamid Han&#8217;a g\u00f6stermi\u015f oldu\u011fu yak\u0131n alakan\u0131n, yeni nesillerin tarihine sahip \u00e7\u0131kmas\u0131 hususunda \u00f6rnek oldu\u011funun alt\u0131n\u0131 \u00e7izdi.<\/p><div id=\"bghab-1504822854\" class=\"bghab-icerik-icine-10-paragraf bghab-entity-placement\"><script async src=\"\/\/pagead2.googlesyndication.com\/pagead\/js\/adsbygoogle.js?client=ca-pub-6203283170189293\" crossorigin=\"anonymous\"><\/script><ins class=\"adsbygoogle\" style=\"display:block; text-align:center;\" data-ad-client=\"ca-pub-6203283170189293\" \ndata-ad-slot=\"7303146466\" \ndata-ad-layout=\"in-article\"\ndata-ad-format=\"fluid\" data-full-width-responsive=\"true\"><\/ins>\n<script> \n(adsbygoogle = window.adsbygoogle || []).push({}); \n<\/script>\n<\/div>\n<p><img data-recalc-dims=\"1\" loading=\"lazy\" decoding=\"async\" class=\"aligncenter\" src=\"https:\/\/i0.wp.com\/www.bghaber.org\/bghaber\/wp-content\/uploads\/2018\/02\/td-gazt.jpg?resize=570%2C1014\" width=\"570\" height=\"1014\" \/><\/p>\n<p>&#8221;Sultan 2. Abd\u00fclhamid Han\u2019\u0131n Dersaadeti&#8221; konulu konferans yap\u0131ld\u0131.<\/p>\n<p>Sultan 2. Abd\u00fclhamid Han\u2019\u0131n Dersaadeti Konferans\u0131<\/p>\n<p>\u0130stanbul B\u00fcy\u00fck\u015fehir Belediyesi K\u00fclt\u00fcr A\u015e taraf\u0131ndan Sultan 2. Abd\u00fclhamid Han&#8217;\u0131n vefat\u0131n\u0131n 100. y\u0131l\u0131 dolay\u0131s\u0131yla d\u00fczenlenen anma etkinlikleri kapsam\u0131nda &#8221;Sultan 2. Abd\u00fclhamid Han\u2019\u0131n Dersaadeti&#8221; konulu konferans yap\u0131ld\u0131. \u0130stanbul \u00dcniversitesi (\u0130\u00dc) Edebiyat Fak\u00fcltesi Tarih B\u00f6l\u00fcm\u00fc \u00d6\u011fretim \u00dcyesi Prof. Dr. Cezmi Eraslan, konferansta konu\u015fma yapt\u0131.<\/p>\n<hr \/>\n<p><img data-recalc-dims=\"1\" loading=\"lazy\" decoding=\"async\" class=\"aligncenter\" src=\"https:\/\/i0.wp.com\/imgz.star.com.tr\/star_yerelhaber\/data\/resim\/b\/20180208_2_28599008_30576950_High.jpg?resize=407%2C271\" width=\"407\" height=\"271\" \/><\/p>\n<p>Sultan 2. Abd\u00fclhamid Han\u2019\u0131n Dersaadeti Konferans\u0131<\/p>\n<p>\u0130stanbul B\u00fcy\u00fck\u015fehir Belediyesi K\u00fclt\u00fcr A\u015e taraf\u0131ndan Sultan 2. Abd\u00fclhamid Han&#8217;\u0131n vefat\u0131n\u0131n 100. y\u0131l\u0131 dolay\u0131s\u0131yla d\u00fczenlenen anma etkinlikleri kapsam\u0131nda &#8221;Sultan 2. Abd\u00fclhamid Han\u2019\u0131n Dersaadeti&#8221; konulu konferans yap\u0131ld\u0131. Prof. Dr. Vahdettin Engin (ortada) moderat\u00f6rl\u00fc\u011f\u00fcnde ger\u00e7ekle\u015ftirilen konferansta, \u0130stanbul \u0130l Milli E\u011fitim M\u00fcd\u00fcr\u00fc \u00d6mer Faruk Yelkenci (solda), \u0130stanbul \u00dcniversitesi (\u0130\u00dc) Edebiyat Fak\u00fcltesi Tarih B\u00f6l\u00fcm\u00fc \u00d6\u011fretim \u00dcyesi Prof. Dr. Cezmi Eraslan (sol 2), \u0130\u00dc Cerrahpa\u015fa T\u0131p Fak\u00fcltesi \u00d6\u011fretim \u00dcyesi Prof. Dr. Hatice Nil Sar\u0131(sa\u011f 2) ve T\u00fcrkiye An\u0131t \u00c7evre De\u011ferlerini Koruma Vakf\u0131 (TA\u00c7) Ba\u015fkan\u0131 Dr. Sinan Genim (sa\u011fda) konu\u015fma yapt\u0131.<\/p><div id=\"bghab-501137641\" class=\"bghab-icerik-icine-15-paragraf bghab-entity-placement\"><script async src=\"\/\/pagead2.googlesyndication.com\/pagead\/js\/adsbygoogle.js?client=ca-pub-6203283170189293\" crossorigin=\"anonymous\"><\/script><ins class=\"adsbygoogle\" style=\"display:block; text-align:center;\" data-ad-client=\"ca-pub-6203283170189293\" \ndata-ad-slot=\"7303146466\" \ndata-ad-layout=\"in-article\"\ndata-ad-format=\"fluid\" data-full-width-responsive=\"true\"><\/ins>\n<script> \n(adsbygoogle = window.adsbygoogle || []).push({}); \n<\/script>\n<\/div>\n<hr \/>\n<p><img data-recalc-dims=\"1\" loading=\"lazy\" decoding=\"async\" class=\"alignleft\" src=\"https:\/\/i0.wp.com\/imgz.star.com.tr\/star_yerelhaber\/data\/resim\/b\/20180208_2_28599008_30576949_High.jpg?resize=171%2C121\" width=\"171\" height=\"121\" \/><\/p>\n<p>Sultan 2. Abd\u00fclhamid Han\u2019\u0131n Dersaadeti Konferans\u0131<\/p>\n<p>\u0130stanbul B\u00fcy\u00fck\u015fehir Belediyesi K\u00fclt\u00fcr A\u015e taraf\u0131ndan Sultan 2. Abd\u00fclhamid Han&#8217;\u0131n vefat\u0131n\u0131n 100. y\u0131l\u0131 dolay\u0131s\u0131yla d\u00fczenlenen anma etkinlikleri kapsam\u0131nda &#8221;Sultan 2. Abd\u00fclhamid Han\u2019\u0131n Dersaadeti&#8221; konulu konferans yap\u0131ld\u0131. \u0130stanbul \u00dcniversitesi Cerrahpa\u015fa T\u0131p Fak\u00fcltesi \u00d6\u011fretim \u00dcyesi Prof. Dr. Hatice Nil Sar\u0131, konferansta Abd\u00fclhamit Han&#8217;\u0131n sa\u011fl\u0131k politikalar\u0131yla ilgili konu\u015fma yapt\u0131.<\/p>\n<\/div>\n<div id=\"bghab-2376664253\" class=\"bghab-yazi-altinda bghab-entity-placement\"><script async src=\"https:\/\/pagead2.googlesyndication.com\/pagead\/js\/adsbygoogle.js\"><\/script>\r\n<!-- bghaber-yaz\u0131-sonu -->\r\n<ins class=\"adsbygoogle\"\r\n     style=\"display:block\"\r\n     data-ad-client=\"ca-pub-6203283170189293\"\r\n     data-ad-slot=\"4222328180\"\r\n     data-ad-format=\"auto\"\r\n     data-full-width-responsive=\"true\"><\/ins>\r\n<script>\r\n     (adsbygoogle = window.adsbygoogle || []).push({});\r\n<\/script><\/div><br style=\"clear: both; display: block; float: none;\"\/>","protected":false},"excerpt":{"rendered":"<p>\u0130BB K\u00fclt\u00fcr A\u015e taraf\u0131ndan Sultan 2. Abd\u00fclhamid Han&#8217;\u0131n vefat\u0131n\u0131n 100. y\u0131l\u0131 dolay\u0131s\u0131yla etkinlik d\u00fczenlendi. \u0130stanbul B\u00fcy\u00fck\u015fehir Belediyesi K\u00fclt\u00fcr A\u015e\u00a0taraf\u0131ndan\u00a0Sultan 2. Abd\u00fclhamid Han&#8216;\u0131n vefat\u0131n\u0131n 100. y\u0131l<\/p>\n","protected":false},"author":13,"featured_media":26780,"comment_status":"closed","ping_status":"closed","sticky":false,"template":"","format":"standard","meta":{"advanced_seo_description":"","jetpack_seo_html_title":"","jetpack_seo_noindex":false,"jetpack_seo_schema_type":"","_jetpack_newsletter_access":"","_jetpack_dont_email_post_to_subs":false,"_jetpack_newsletter_tier_id":0,"_jetpack_memberships_contains_paywalled_content":false,"_jetpack_feature_clip_id":0,"_jetpack_memberships_contains_paid_content":false,"footnotes":"","jetpack_post_was_ever_published":false},"categories":[10],"tags":[],"class_list":["post-26993","post","type-post","status-publish","format-standard","has-post-thumbnail","hentry","category-kultur-sanat"],"jetpack_sharing_enabled":true,"jetpack_likes_enabled":true,"jetpack-related-posts":[],"jetpack_shortlink":"https:\/\/wp.me\/pc2PfJ-71n","jetpack_featured_media_url":"https:\/\/i0.wp.com\/www.bghaber.org\/bghaber\/wp-content\/uploads\/2018\/02\/abdulhamit-foto-maraton.jpg?fit=780%2C345&ssl=1","_links":{"self":[{"href":"https:\/\/www.bghaber.org\/bghaber\/wp-json\/wp\/v2\/posts\/26993","targetHints":{"allow":["GET"]}}],"collection":[{"href":"https:\/\/www.bghaber.org\/bghaber\/wp-json\/wp\/v2\/posts"}],"about":[{"href":"https:\/\/www.bghaber.org\/bghaber\/wp-json\/wp\/v2\/types\/post"}],"author":[{"embeddable":true,"href":"https:\/\/www.bghaber.org\/bghaber\/wp-json\/wp\/v2\/users\/13"}],"replies":[{"embeddable":true,"href":"https:\/\/www.bghaber.org\/bghaber\/wp-json\/wp\/v2\/comments?post=26993"}],"version-history":[{"count":0,"href":"https:\/\/www.bghaber.org\/bghaber\/wp-json\/wp\/v2\/posts\/26993\/revisions"}],"wp:featuredmedia":[{"embeddable":true,"href":"https:\/\/www.bghaber.org\/bghaber\/wp-json\/wp\/v2\/media\/26780"}],"wp:attachment":[{"href":"https:\/\/www.bghaber.org\/bghaber\/wp-json\/wp\/v2\/media?parent=26993"}],"wp:term":[{"taxonomy":"category","embeddable":true,"href":"https:\/\/www.bghaber.org\/bghaber\/wp-json\/wp\/v2\/categories?post=26993"},{"taxonomy":"post_tag","embeddable":true,"href":"https:\/\/www.bghaber.org\/bghaber\/wp-json\/wp\/v2\/tags?post=26993"}],"curies":[{"name":"wp","href":"https:\/\/api.w.org\/{rel}","templated":true}]}}