{"id":26989,"date":"2018-02-08T20:34:16","date_gmt":"2018-02-08T17:34:16","guid":{"rendered":"http:\/\/www.bghaber.org\/bghaber\/?p=26989"},"modified":"2018-02-11T20:02:05","modified_gmt":"2018-02-11T17:02:05","slug":"bulgaristan-sevgisi","status":"publish","type":"post","link":"https:\/\/www.bghaber.org\/bghaber\/bulgaristan-sevgisi\/","title":{"rendered":"Bulgaristan Balkan Sevgisi"},"content":{"rendered":"<p><img data-recalc-dims=\"1\" loading=\"lazy\" decoding=\"async\" class=\"alignleft\" src=\"https:\/\/i0.wp.com\/www.bghaber.org\/bghaber\/wp-content\/uploads\/2018\/02\/Elif-Gunes.jpg?resize=167%2C227\" width=\"167\" height=\"227\" \/>Tarih: 06. 02. 2018<\/p>\n<p>Yazan: Elif G\u00fcne\u015f<\/p>\n<p>Konu:\u00a0 <strong>Ad\u0131m ad\u0131m Bulgaristan<\/strong><\/p>\n<p>Bulgaristan T\u00fcrkleri K\u00fclt\u00fcr ve Hizmet Derne\u011fi (BULT\u00dcRK) y\u00f6netimi \u015eubat 2018\u2019in ba\u015f\u0131nda bir memleket ziyareti ger\u00e7ekle\u015ftirdik. Ziyaretimizin amac\u0131 yaln\u0131z memleket havas\u0131 koklamak, Avrupa Konseyi 6 ayl\u0131k y\u00f6netim d\u00f6neminde siyasi durum de\u011ferlendirmesi yapmak, yeniden ye\u015feren T\u00fcrk dernek\u00e7ileriyle ha\u015f\u0131r ne\u015fir olmak de\u011fil, bir de g\u00f6revine yeni atanan Say\u0131n Sofya B\u00fcy\u00fckel\u00e7imiz Hasan Ulusoy&#8217;a iki \u00fclke ve t\u00fcm Bulgar ve T\u00fckler i\u00e7in ba\u015far\u0131l\u0131 bir misyon dilemekti.<\/p>\n<p><strong>Biz \u0130stanbul\u2019dan 8 ki\u015filik bir heyet olarak yola \u00e7\u0131karken, radyo gece b\u00fcltenleri, Yunan Adalar\u0131na b\u00fcy\u00fck say\u0131da feribot yana\u015ft\u0131\u011f\u0131n\u0131 ve Makedonya\u2019ya \u201cMakedonya\u201d denmesini kabul etmeyen Yunanlar\u0131 Atina\u2019ya ta\u015f\u0131d\u0131\u011f\u0131n\u0131 haber veriyordu.<\/strong><\/p><div id=\"bghab-4028325577\" class=\"bghab-icerik-icine bghab-entity-placement\"><script async src=\"\/\/pagead2.googlesyndication.com\/pagead\/js\/adsbygoogle.js?client=ca-pub-6203283170189293\" crossorigin=\"anonymous\"><\/script><ins class=\"adsbygoogle\" style=\"display:block; text-align:center;\" data-ad-client=\"ca-pub-6203283170189293\" \ndata-ad-slot=\"7303146466\" \ndata-ad-layout=\"in-article\"\ndata-ad-format=\"fluid\" data-full-width-responsive=\"true\"><\/ins>\n<script> \n(adsbygoogle = window.adsbygoogle || []).push({}); \n<\/script>\n<\/div>\n<p>Benim baba taraf\u0131m (Plovdiv) Filibe&#8217;li oldu\u011fundan, soy k\u00f6klerimin de bu \u015fehrin kabristanl\u0131\u011f\u0131nda yatt\u0131\u011f\u0131n\u0131 iyi bildi\u011fimden, bizim evde hep ikide bir a\u00e7\u0131lan Filibe konusunu, bu kadim \u015fehrin 5 tepesinden biri olan N\u00f6bet Tepe ta\u015f\u0131na s\u0131rt dayam\u0131\u015f \u00e7ardakl\u0131 evimizin avlusundaki dev kestane alt\u0131nda gecelerce s\u00fcren sohbetleri gazete ve kitaplardan bilgilerle hep beslemeye \u00e7al\u0131\u015ft\u0131m.<\/p>\n<p>\u0130\u015fte bu defa da, iki y\u00f6nl\u00fc ana yolun tabelalar\u0131nda \u00f6nce Bulgaristan sonra da Haskovo ve ard\u0131ndan da Plovdiv-Filibe belirince y\u00fcre\u011fim yine hoplad\u0131 ve sabah\u0131n erken saatinde, arka koltukta uyuyan arkada\u015flar\u0131m\u0131n gibi biraz kestirmek akl\u0131m\u0131n ucundan bile ge\u00e7medi. Trakya tepsi gibi\u2026<\/p>\n<p>\u201cBult\u00fcrk\u201d Ba\u015fkan Yard\u0131mc\u0131s\u0131 \u015eakir ARSLANTA\u015e&#8217;\u0131n o\u011flu Berk karde\u015fim \u015fof\u00f6r koltu\u011funda. Arkam\u0131zda a\u011farmaya \u00e7al\u0131\u015fan sabah\u0131n ilk \u0131\u015f\u0131klar\u0131ndan ka\u00e7\u0131yormu\u015f gibi karanl\u0131\u011f\u0131 alabildi\u011fine deliyor. Asfalta serpi\u015fmi\u015f gece ya\u011fmuru \u015fak\u0131yor.<\/p>\n<p>Ben ise g\u00f6zlerimi yummu\u015f, tarihin karanl\u0131\u011f\u0131nda, 5.2 milyon kilometre karelik bir \u0130mparatorluk kuran, bir tarihsel liderin kimli\u011fi, \u015fan\u0131 \u015f\u00f6hreti \u00fcst\u00fcne (ad\u0131 ile ilgili kavga), 2\u00a0300 y\u0131l sonra bug\u00fcn de yeniden alabildi\u011fine k\u0131z\u0131\u015fan,\u00a0 200 bin Yunan\u0131 ba\u015fkent Atina\u2019ya toplayan Aleksand\u0131r Makedonski\u2019yi ar\u0131yorum. Roma\u2019n\u0131n bir \u015fehir devlet oldu\u011funu herkes bilir. O, \u00f6teki \u015fehir devletlerini sava\u015flarda yenerek b\u00fcy\u00fck bir imparatorlu\u011fu kurabilmi\u015ftir. Bu dev imparatorlu\u011fun i\u00e7inde bulunan, g\u00fcn\u00fcm\u00fcz Makedonya\u2019s\u0131n\u0131n ad\u0131 o zamanlar E m a t i y a imi\u015f.\u00a0 Gen\u00e7 Al. Makedonski\u2019yi babas\u0131 II. Filip\u2019in yerine tahta \u00e7\u0131karan, bug\u00fcnk\u00fc Yunanistan Topraklar\u0131nda bulunan ve 2 \u015fehir devlet olan Tebai ve Atina\u2019y\u0131 sava\u015fta yerle bir edip ele ge\u00e7irmesi ve ard\u0131ndan Makedon devletini di\u011fer Yunan \u015fehir devletlerine kar\u015f\u0131 \u00fcst\u00fcn k\u0131lmas\u0131 olmu\u015ftur. II. Filip Yunanlara boyun e\u011fdiren ve Balkan Yar\u0131madas\u0131nda en g\u00fc\u00e7l\u00fc monar\u015fiyi kuran h\u00fck\u00fcmdard\u0131r. Babas\u0131n\u0131n taht\u0131na oturduktan sonra o\u011flu Aleksand\u0131r \u2018\u0131n Fars imparatorlu\u011funu dize getirmesi ise, onu d\u00fcnya lideri yapm\u0131\u015f, Do\u011fu ile Bat\u0131 d\u00fcnyas\u0131n\u0131 birle\u015ftirmesine, Do\u011fu ile Bat\u0131 uygarl\u0131\u011f\u0131n\u0131n kayna\u015fmas\u0131 yolunu a\u00e7mas\u0131na \u0131\u015f\u0131k vermi\u015ftir.<\/p>\n<p><strong><img data-recalc-dims=\"1\" decoding=\"async\" class=\"alignleft\" src=\"https:\/\/i0.wp.com\/www.bghaber.org\/bghaber\/wp-content\/uploads\/2018\/02\/elif-gunes2.jpg?w=640\" \/>Geli\u015fmeler b\u00f6yle olsa da M.\u00d6. 168\u2019de Pidna Sava\u015f\u0131ndan sonra Makedonya oldu\u011fu gibi yine Roma \u0130mparatorlu\u011fu s\u0131n\u0131rlar\u0131 i\u00e7ine al\u0131nm\u0131\u015ft\u0131r.<\/strong><\/p><div id=\"bghab-730159094\" class=\"bghab-icerik-icine-10-paragraf bghab-entity-placement\"><script async src=\"\/\/pagead2.googlesyndication.com\/pagead\/js\/adsbygoogle.js?client=ca-pub-6203283170189293\" crossorigin=\"anonymous\"><\/script><ins class=\"adsbygoogle\" style=\"display:block; text-align:center;\" data-ad-client=\"ca-pub-6203283170189293\" \ndata-ad-slot=\"7303146466\" \ndata-ad-layout=\"in-article\"\ndata-ad-format=\"fluid\" data-full-width-responsive=\"true\"><\/ins>\n<script> \n(adsbygoogle = window.adsbygoogle || []).push({}); \n<\/script>\n<\/div>\n<p>G\u00fcn\u00fcm\u00fczde Makedonya dendi\u011finde Balkan Yar\u0131madas\u0131n\u0131n g\u00f6be\u011finde bir co\u011frafi b\u00f6lgeyi d\u00fc\u015f\u00fcnsek de,\u00a0 <strong>\u201ceski Makedonya\u201d<\/strong> dendi\u011finde M.\u00d6. 148 Roma \u0130mparatorlu\u011fu, M.S. 395 Do\u011fu Roma \u0130mparatorlu\u011fu\u2019nun (Bizans) bir eyaletini, VI. Ve VII. Y\u00fczy\u0131llarda bu topraklara \u0130slav boylar\u0131n yerle\u015fmi\u015f. 670 \u2013 675 y\u0131llar\u0131 aras\u0131nda b\u00f6lge merkezindeki Manast\u0131ra Bulgar h\u00fck\u00fcmdar\u0131 Kuber\u2019in pos atm\u0131\u015f. IX. Yy.\u2019da Makedon topraklar\u0131n\u0131n Birinci Bulgar \u00c7arl\u0131\u011f\u0131 s\u0131n\u0131rlar\u0131na kay\u0131lm\u0131\u015f. 971 y\u0131l\u0131nda Bulgar \u00c7arl\u0131\u011f\u0131n\u0131n do\u011fu eyaletlerinin Bizans egemenli\u011fine kat\u0131lmas\u0131ndan sonra, Bulgar devlet merkezi Makedonya\u2019ya kaym\u0131\u015ft\u0131r.<\/p>\n<p>1018\u2019de bu b\u00f6lge b\u00fct\u00fcn\u00fcyle Bizans\u2019\u0131n eline ge\u00e7ince Ba\u015fkenti Ohri\u2019ye \u00e7eken Kaloyan (1197\u20131207) ve II. \u0130van Asen (1218 \u2013 1241) \u00a0Bulgar \u00e7arlar\u0131 taraf\u0131ndan Bizans boyunduru\u011fundan kurtar\u0131lmay\u0131 ba\u015farm\u0131\u015ft\u0131r. Makedon topraklar\u0131, (1331 -1355) y\u0131llar\u0131 aras\u0131nda h\u00fckmeden Kral Du\u015fan zaman\u0131nda S\u0131rbistan&#8217;a ba\u011flanm\u0131\u015f, 1389 Kosova Sava\u015f\u0131ndan sonra da Osmanl\u0131ya kat\u0131lm\u0131\u015ft\u0131r.<\/p>\n<p>Olaya Bulgar tarih\u00e7iler a\u00e7\u0131s\u0131ndan bakt\u0131\u011f\u0131m\u0131zda, b\u00f6lgede ya\u015fayan \u0130slavlar Hristiyanl\u0131\u011f\u0131 Bulgar \u00c7ar\u0131 I. Boris (864 \u2013 889) devrinde kabul etmi\u015ftir. Bulgar ve Makedon halk\u0131 Rum Ortodoks Kilisesi\u2019ne kar\u015f\u0131 ortak sava\u015f vermi\u015ftir. Osmanl\u0131 Sultan\u0131 bir fetvas\u0131yla 1872\u2019de Yunan Papazlar bu topraklardan kovarken, Do\u011fu Ortodoks Hristiyan Kilisesi \u00e7anlar\u0131 \u00e7almaya ba\u015flam\u0131\u015ft\u0131r.<\/p>\n<p>Makedonlar\u0131n milli ba\u011f\u0131ms\u0131zl\u0131k k\u0131v\u0131lc\u0131mlar\u0131 ilk kez 1878\u2019de, g\u00fcn\u00fcm\u00fcz Bulgaristan topraklar\u0131ndaki Kresna ve Razlog Ayaklanmas\u0131nda \u00e7akarken, hemen ard\u0131ndan g\u00fcn\u00fcm\u00fczde T\u00fcrk ve M\u00fcsl\u00fcman d\u00fc\u015fman\u0131 Bulgar milliyet\u00e7ili\u011fi\u2019ni \u015fiddetle k\u00f6r\u00fckleyen \u0130\u00e7 Makedon Devrim \u00d6rg\u00fct\u00fc (VMRO) 1903\u2019te kurulmu\u015ftur.<\/p>\n<p>1912\u20131913 Balkan Sava\u015f\u0131nda Osmanl\u0131dan kopan Makedonya topraklar\u0131, 1913 B\u00fckre\u015f Antla\u015fmas\u0131yla S\u0131rbistan ve Yunanistan aras\u0131nda payla\u015f\u0131lm\u0131\u015ft\u0131r. 1929\u2019da Yugoslavya\u2019ya ba\u011flanan bu topraklar, \u0130kinci D\u00fcnya Sava\u015f\u0131ndan sonra Yugoslavya Federatif Cumhuriyeti\u2019ne kat\u0131lm\u0131\u015ft\u0131r. Yugoslavya&#8217;n\u0131n da\u011f\u0131lmas\u0131yla, 1991\u2019de \u00f6zerkli\u011fini ve 1993\u2019te Makedonya Cumhuriyeti olarak ba\u011f\u0131ms\u0131zl\u0131\u011f\u0131n\u0131 ilan etmi\u015f, fakat Yunanistan&#8217;\u0131n ad\u0131na itiraz etmesi sonucu, Birle\u015fmi\u015f Milletler taraf\u0131ndan Eski Yugoslav Makedonya Cumhuriyeti ad\u0131yla tan\u0131nm\u0131\u015ft\u0131. Tabii kadim tarihi olan bu halk\u0131n ilk ba\u011f\u0131ms\u0131z devlet s\u0131n\u0131rlar\u0131n\u0131 B\u00fcy\u00fck devletlerce \u00e7izilirken, <strong>\u201cBat\u0131 Trakya\u201d, \u201cEge Trakya\u2019s\u0131\u201d<\/strong> vb. b\u00f6lgeler milli s\u0131n\u0131rlar\u0131ndan k\u0131rp\u0131lm\u0131\u015ft\u0131r.<\/p><div id=\"bghab-4049687276\" class=\"bghab-icerik-icine-15-paragraf bghab-entity-placement\"><script async src=\"\/\/pagead2.googlesyndication.com\/pagead\/js\/adsbygoogle.js?client=ca-pub-6203283170189293\" crossorigin=\"anonymous\"><\/script><ins class=\"adsbygoogle\" style=\"display:block; text-align:center;\" data-ad-client=\"ca-pub-6203283170189293\" \ndata-ad-slot=\"7303146466\" \ndata-ad-layout=\"in-article\"\ndata-ad-format=\"fluid\" data-full-width-responsive=\"true\"><\/ins>\n<script> \n(adsbygoogle = window.adsbygoogle || []).push({}); \n<\/script>\n<\/div>\n<p>Birinci ve \u0130kinci D\u00fcnya Sava\u015f\u0131nda bir Krall\u0131k olan Yunanistan&#8217;\u0131n g\u00f6z\u00fc hep Do\u011fu ve Orta Balkanlar \u00fczerinde olmu\u015f, hatta 1945\u2019te s\u0131n\u0131rlar yeniden \u00e7izilirken Yunanlar Stanimaka (Asenovgrad \u015fehrine kadar Bat\u0131, Orta ve Do\u011fu Rodop b\u00f6lgesini Karadeniz\u2019e Kadar devlet s\u0131n\u0131rlar\u0131na katmak istemi\u015ftir.<\/p>\n<p>Arac\u0131m Filibe (Plovdiv) \u015fehrine girerken dinledi\u011fim sabah haberlerinde Makedonya&#8217;n\u0131n devlet olarak ad\u0131n\u0131 de\u011fi\u015ftirmesi i\u00e7in yap\u0131lacak Atina mitingine 1 milyon ki\u015finin toplanaca\u011f\u0131 bildirildi. Yorumda, \u201cYunanlar\u0131n Makedonya h\u00fckumetine&#8221; kar\u015f\u0131 bask\u0131dan art\u0131k ilk sonu\u00e7lar\u0131 ald\u0131\u011f\u0131, \u00f6nce k\u0131rm\u0131z\u0131 bayra\u011f\u0131n\u0131n sol kenar\u0131ndaki y\u0131ld\u0131z, 1992\u20131995 d\u00f6neminde ayn\u0131 bayra\u011f\u0131n ortas\u0131na konan g\u00fcne\u015f s\u00f6kt\u00fcr\u00fcld\u00fc. Ard\u0131ndan yerine, Aleksand\u0131r Makedonski\u2019nin sanca\u011f\u0131n\u0131n bir ba\u015fka bi\u00e7imi olan, \u00a0daha b\u00fcy\u00fck g\u00fcne\u015fli bir bayrak geldi. S\u0131rada \u00dcsk\u00fcp\u2019\u00fcn \u00d6zg\u00fcrl\u00fck Meydan\u0131ndaki B\u00fcy\u00fck \u0130skender abidesinin y\u0131k\u0131lmas\u0131 gibi istekler var.<\/p>\n<p>Makedonlar da topraklar\u0131ndaki askeri an\u0131tlar\u0131n s\u00f6k\u00fclmesini istiyorlar. Birinci ve \u0130kinci B\u00fcy\u00fck Sava\u015fta Bulgar ordusu Nazilerin deste\u011fiyle Vardar boylar\u0131na ve Ege k\u0131y\u0131lar\u0131na dalm\u0131\u015flard\u0131. Yunan ve S\u0131rp ordular\u0131n\u0131n k\u0131skac\u0131na d\u00fc\u015f\u00fcnce binlerce cesedi arkalar\u0131nda b\u0131rakarak ka\u00e7t\u0131lar. Onlar\u0131 destekleyen Makedonlar da Bulgaristan\u2019a g\u00f6\u00e7 edip yerle\u015ftiler. \u00a0\u00c7at\u0131\u015fma meydan\u0131nda kalan askerlerin an\u0131tlar\u0131 i\u00e7in Makedonlar <strong>\u201conlar istilac\u0131yd\u0131\u201d<\/strong> deyip s\u00f6k\u00fclmelerini istiyorlar. Makedonlar\u0131 <strong>\u201cBulgar k\u00f6kenli\u201d<\/strong> ilan eden Sofya h\u00fckumeti ise, <strong>\u201ciki devlet, tek halk\u201d<\/strong> slogan\u0131n\u0131 ya\u015fatmaya \u00e7al\u0131\u015f\u0131yor. Bu y\u0131l 70 bin Makedon\u2019a Bulgar vatanda\u015fl\u0131\u011f\u0131 verilmi\u015f. 1050 g\u00f6\u00e7\u00fcnden sonra T\u00fcrkiye\u2019ye s\u0131\u011f\u0131nan ve toplam say\u0131lar\u0131 2 milyonu a\u015fan Bulgaristan T\u00fcrkleri\u2019nin (1950\/51 ve 1968\/76) vatanda\u015fl\u0131k haklar\u0131n\u0131n kolayl\u0131k sa\u011flanarak iade edilmesinde ise g\u00fc\u00e7l\u00fckler yarat\u0131yor ve <strong>\u201colmaz\u201d<\/strong> diyor. Bas\u0131na g\u00f6re, <b>\u201cBulgaristan\u2019da bir T\u00fcrk h\u00fckumeti\u00a0kurulmas\u0131ndan korkuluyor.\u201d<\/b><\/p>\n<p>Olay b\u00f6yle iken, Sofya ile \u00dcsk\u00fcp yak\u0131nla\u015fma ar\u0131yor, Makedonya\u2019y\u0131 da i\u00e7ine alan Bat\u0131 Balkanlar\u0131n NATO ve Avrupa Birli\u011fi \u00fcyeli\u011finden hele \u015fu Avrupa Konseyi Ba\u015fkanl\u0131 g\u00fcnlerinde daha da s\u0131k s\u00f6z ediyor. Karadeniz\u2019i Adriyatik Denizine ba\u011flayacak iki y\u00f6nl\u00fc yol ve h\u0131zl\u0131 tren projeleri \u00e7iziyor. Bunlar\u0131n hepsine <strong>\u201cveto\u201d<\/strong> hakk\u0131m\u0131 kullan\u0131r\u0131m diyen Atina h\u00fckumeti ise, Makedonya adl\u0131 bir devlet <strong>\u201cyoktur ve olamaz diyor.\u201d<\/strong><\/p>\n<p><strong>\u00a0\u201cVeto hakk\u0131m\u0131\u201d kullanaca\u011f\u0131m NATO ve Avrupa Birli\u011fi \u00fcyesi olamazs\u0131n\u0131z\u201d diyor. \u00a02018 ba\u015f\u0131nda Selanik ve Atina g\u00f6sterilerinin anlam\u0131 budur, yani payla\u015f\u0131lamayan tarih.<\/strong><\/p><div id=\"bghab-2811220292\" class=\"bghab-icerik-icine-20-paragraf bghab-entity-placement\"><script async src=\"\/\/pagead2.googlesyndication.com\/pagead\/js\/adsbygoogle.js?client=ca-pub-6203283170189293\" crossorigin=\"anonymous\"><\/script><ins class=\"adsbygoogle\" style=\"display:block; text-align:center;\" data-ad-client=\"ca-pub-6203283170189293\" \ndata-ad-slot=\"7303146466\" \ndata-ad-layout=\"in-article\"\ndata-ad-format=\"fluid\" data-full-width-responsive=\"true\"><\/ins>\n<script> \n(adsbygoogle = window.adsbygoogle || []).push({}); \n<\/script>\n<\/div>\n<p>Plovdiv-Filibe&#8217;ye girerken, 1989 g\u00f6\u00e7meni olan \u015eakir Beyden, Makedon Kral\u0131 II. Filip\u2019in k\u00f6r biri oldu\u011funu \u00f6\u011frendim. Bug\u00fcnk\u00fc trajediyi g\u00f6rememi\u015f olabilir diye d\u00fc\u015f\u00fcnd\u00fcm. G\u00fcn\u00fcm\u00fczde Bulgaristan&#8217;\u0131n 2. b\u00fcy\u00fck \u015fehri olan, eskilerde 400 ki\u015finin ya\u015fad\u0131\u011f\u0131 sadece Meri\u00e7 \u0131rma\u011f\u0131n\u0131n 2 yakas\u0131na serilmi\u015f yerle\u015fim yerinde o zamanlar 20 kul\u00fcbeli bir k\u00f6yc\u00fck varm\u0131\u015f. K\u00f6yl\u00fcleri de hen\u00fcz domates, biber, patates ve lahanay\u0131 bilmez, kuzukula\u011f\u0131, dere ve b\u00f6rek otu, bol olan yaban meyvelerini kurutur, \u0131rmaktan bal\u0131k avlayarak, \u00a0nehir boyunca \u00e7eltik yeti\u015ftirmekle ve hayvanc\u0131l\u0131kla ge\u00e7iniyorlarm\u0131\u015f. \u015eehrin temel ta\u015f\u0131n\u0131 atan ve ona kendi ad\u0131n\u0131 veren II. Filip, Milattan \u00f6nceki tarihin en b\u00fcy\u00fck h\u00fck\u00fcmdar\u0131 olmakla fazla \u00f6v\u00fcnemese de \u015fehre kendi izlerini b\u0131rakm\u0131\u015f.<\/p>\n<p>Plovdiv-Filibe&#8217;nin tarihi dokusu \u00e7ok iyi korunmu\u015f. Roma A\u00e7\u0131k hava Tiyatrosunda g\u00fcn\u00fcm\u00fczde de ulusal ve uluslar aras\u0131 yar\u0131\u015fma ve festivaller d\u00fczenleniyor. Hisar Kap\u0131dan ge\u00e7tik, Sahabeddin \u0130maret Cami ile Cuma Cami\u2019yi de g\u00f6rd\u00fck. \u015eehrin i\u00e7indeki 5 tepenin ismi Bulgar isimleriyle de\u011fi\u015ftirilmi\u015f ve <strong>\u201cSaat Tepe\u201d<\/strong> ye bir Rus Askeri <strong>\u201cAlyo\u015fa\u201d<\/strong> an\u0131d\u0131 dikilmi\u015f. Yerli halk bu an\u0131t\u0131n s\u00f6k\u00fclmesini istiyor, \u00e7\u00fcnk\u00fc 20. yy.\u2019da \u015fehre Rus askeri aya\u011f\u0131 basmam\u0131\u015f.<\/p>\n<p>Bir liman \u015fehri olan Burgasa 1944\u2019te giren Rus askerlerinden 20-si ile ellerindeki otomatik silahlarla metil alkol ta\u015f\u0131yan bir sarn\u0131c\u0131 delip \u00e7ok fazla i\u00e7ince hepsi zehirlenerek \u00f6lm\u00fc\u015f ve \u015fehrin merkezine \u201c<strong>Kahraman Rus Askerleri\u201d<\/strong> an\u0131t\u0131 dikilmi\u015f.<\/p>\n<p>Yerliler bu an\u0131t\u0131n da kald\u0131r\u0131lmas\u0131nda direniyor.\u00a0 Plovdiv-Filibe&#8217;deki T\u00fcrk konaklar\u0131 m\u00fcze haline getirilmi\u015f. \u00d6rne\u011fin <strong>\u201cMevlevi Evi\u201d<\/strong> ne <strong>\u201cP\u0131lden kahve ve Restoran\u201d<\/strong> demi\u015fler. Osmanl\u0131 d\u00f6neminden kalan 32 camiden baz\u0131lar ise <strong>\u201clokanta\u201d<\/strong> olarak hizmet veriyor. M\u00fcsl\u00fcmanlar\u0131n ya\u015fad\u0131\u011f\u0131 <strong>\u201c\u015eeker Mahalle\u201d<\/strong> gibi yerle\u015fim yerleri son nefeslerini al\u0131p vermeye devam ederken, <strong>\u201cdemokrasi\u201d<\/strong> y\u0131llar\u0131nda kurulup bi\u00e7imlenen <strong>\u201cYeni Mahale\u201d<\/strong> (&#8220;Stolipenovo\u201d yerle\u015fim yeri kadim \u015fehre yeni renkler kazand\u0131rm\u0131\u015f. Babam\u0131n anlata anlata bitiremedi\u011fi <strong>\u201c\u00e7ardakl\u0131 evimizden\u201d<\/strong> burada bir\u00e7oklar\u0131 ayakta ve \u00f6n ceplerindeki T\u00fcrk simgesi mavi boya, sanki bana da <strong>\u201cho\u015f geldin k\u0131z\u0131m\u201d<\/strong> dediler.<\/p>\n<p>Yunanlar\u0131 birle\u015ftiren, \u0130skenderiye K\u00fct\u00fcphanesini kurduran, Persleri yenen, ordular\u0131yla Hindistan&#8217;\u0131 ezen ve sonunda Babil\u2019de \u00f6len T\u00fcrk Tarihinde B\u00fcy\u00fck \u0130skender ad\u0131yla ge\u00e7en, fakat as\u0131l ismi Aleksand\u0131r Makedonski olan h\u00fck\u00fcmdar bu \u015fehre u\u011framam\u0131\u015f. 20. yy. sava\u015flar\u0131ndan sonra Ege k\u0131y\u0131lar\u0131ndan ve Vardar boylar\u0131ndan Bulgaristan&#8217;a gelen Makedon g\u00f6\u00e7menlerin daha fazlas\u0131 II. Filipin \u015fehrine ve \u015fehri terk edip Anadolu\u2019ya g\u00f6\u00e7 eden M\u00fcsl\u00fcmanlar\u0131n evlerine yerle\u015ftirilmi\u015fler. Bu evlerden birisi bizim evimiz olacak ki, adresler devaml\u0131 de\u011fi\u015fti\u011fi i\u00e7in tarifle bulabilmem adeta imkans\u0131z.<\/p><div id=\"bghab-2170862765\" class=\"bghab-icerik-icine-25-paragraf bghab-entity-placement\"><script async src=\"\/\/pagead2.googlesyndication.com\/pagead\/js\/adsbygoogle.js?client=ca-pub-6203283170189293\" crossorigin=\"anonymous\"><\/script><ins class=\"adsbygoogle\" style=\"display:block; text-align:center;\" data-ad-client=\"ca-pub-6203283170189293\" \ndata-ad-slot=\"7303146466\" \ndata-ad-layout=\"in-article\"\ndata-ad-format=\"fluid\" data-full-width-responsive=\"true\"><\/ins>\n<script> \n(adsbygoogle = window.adsbygoogle || []).push({}); \n<\/script>\n<\/div>\n<p>Filibe\u2019yi terk ederken Meri\u00e7 k\u00f6pr\u00fclerinden ge\u00e7iyoruz. Irmakta akan Rila Da\u011flar\u0131n\u0131n berrak sular\u0131 de\u011fil de, sanki bu \u015fehri terk ederek g\u00f6\u00e7 edenlerin ard\u0131ndan d\u00f6k\u00fclen g\u00f6zya\u015flar\u0131n\u0131 ta\u015f\u0131yor.<\/p>\n<p>\u0130kinci b\u00f6l\u00fcm: Sofya devam edecek.<\/p>\n<div id=\"bghab-873487832\" class=\"bghab-yazi-altinda bghab-entity-placement\"><script async src=\"https:\/\/pagead2.googlesyndication.com\/pagead\/js\/adsbygoogle.js\"><\/script>\r\n<!-- bghaber-yaz\u0131-sonu -->\r\n<ins class=\"adsbygoogle\"\r\n     style=\"display:block\"\r\n     data-ad-client=\"ca-pub-6203283170189293\"\r\n     data-ad-slot=\"4222328180\"\r\n     data-ad-format=\"auto\"\r\n     data-full-width-responsive=\"true\"><\/ins>\r\n<script>\r\n     (adsbygoogle = window.adsbygoogle || []).push({});\r\n<\/script><\/div><br style=\"clear: both; display: block; float: none;\"\/>","protected":false},"excerpt":{"rendered":"<p>Tarih: 06. 02. 2018 Yazan: Elif G\u00fcne\u015f Konu:\u00a0 Ad\u0131m ad\u0131m Bulgaristan Bulgaristan T\u00fcrkleri K\u00fclt\u00fcr ve Hizmet Derne\u011fi (BULT\u00dcRK) y\u00f6netimi \u015eubat 2018\u2019in ba\u015f\u0131nda bir memleket ziyareti<\/p>\n","protected":false},"author":13,"featured_media":26990,"comment_status":"closed","ping_status":"closed","sticky":false,"template":"","format":"standard","meta":{"advanced_seo_description":"","jetpack_seo_html_title":"","jetpack_seo_noindex":false,"jetpack_seo_schema_type":"","_jetpack_newsletter_access":"","_jetpack_dont_email_post_to_subs":false,"_jetpack_newsletter_tier_id":0,"_jetpack_memberships_contains_paywalled_content":false,"_jetpack_feature_clip_id":0,"_jetpack_memberships_contains_paid_content":false,"footnotes":"","jetpack_post_was_ever_published":false},"categories":[6],"tags":[],"class_list":["post-26989","post","type-post","status-publish","format-standard","has-post-thumbnail","hentry","category-yorum"],"jetpack_sharing_enabled":true,"jetpack_likes_enabled":true,"jetpack-related-posts":[],"jetpack_shortlink":"https:\/\/wp.me\/pc2PfJ-71j","jetpack_featured_media_url":"https:\/\/i0.wp.com\/www.bghaber.org\/bghaber\/wp-content\/uploads\/2018\/02\/elif-gunes-e1561133931689.jpg?fit=960%2C960&ssl=1","_links":{"self":[{"href":"https:\/\/www.bghaber.org\/bghaber\/wp-json\/wp\/v2\/posts\/26989","targetHints":{"allow":["GET"]}}],"collection":[{"href":"https:\/\/www.bghaber.org\/bghaber\/wp-json\/wp\/v2\/posts"}],"about":[{"href":"https:\/\/www.bghaber.org\/bghaber\/wp-json\/wp\/v2\/types\/post"}],"author":[{"embeddable":true,"href":"https:\/\/www.bghaber.org\/bghaber\/wp-json\/wp\/v2\/users\/13"}],"replies":[{"embeddable":true,"href":"https:\/\/www.bghaber.org\/bghaber\/wp-json\/wp\/v2\/comments?post=26989"}],"version-history":[{"count":0,"href":"https:\/\/www.bghaber.org\/bghaber\/wp-json\/wp\/v2\/posts\/26989\/revisions"}],"wp:featuredmedia":[{"embeddable":true,"href":"https:\/\/www.bghaber.org\/bghaber\/wp-json\/wp\/v2\/media\/26990"}],"wp:attachment":[{"href":"https:\/\/www.bghaber.org\/bghaber\/wp-json\/wp\/v2\/media?parent=26989"}],"wp:term":[{"taxonomy":"category","embeddable":true,"href":"https:\/\/www.bghaber.org\/bghaber\/wp-json\/wp\/v2\/categories?post=26989"},{"taxonomy":"post_tag","embeddable":true,"href":"https:\/\/www.bghaber.org\/bghaber\/wp-json\/wp\/v2\/tags?post=26989"}],"curies":[{"name":"wp","href":"https:\/\/api.w.org\/{rel}","templated":true}]}}