{"id":26983,"date":"2018-02-08T13:50:05","date_gmt":"2018-02-08T10:50:05","guid":{"rendered":"http:\/\/www.bghaber.org\/bghaber\/?p=26983"},"modified":"2019-07-07T22:53:57","modified_gmt":"2019-07-07T20:53:57","slug":"makedonyanin-isim-gorusmeleri-sofyada","status":"publish","type":"post","link":"https:\/\/www.bghaber.org\/bghaber\/makedonyanin-isim-gorusmeleri-sofyada\/","title":{"rendered":"Makedonya&#8217;n\u0131n isim g\u00f6r\u00fc\u015fmeleri Sofya&#8217;da"},"content":{"rendered":"<p>Independent Balkan News Agency haberine g\u00f6re Makedonya ve Yunanistan D\u0131\u015fi\u015fleri Bakanlar\u0131 Nikola Dimitrov ve Nikos Kodzias, 15 ve 16 \u015eubat g\u00fcnleri Sofya&#8217;da g\u00f6r\u00fc\u015fecekler.<\/p>\n<p>Bu tarihlerde ba\u015fkentte yap\u0131lacak olan AB D\u0131\u015fi\u015fleri bakanlar\u0131n\u0131n gayri resmi toplant\u0131s\u0131n\u0131n kulislerinde Dimitrov ve Kodzias&#8217;\u0131n iki devletin Makedonya&#8217;n\u0131n ismi sorununun \u00e7\u00f6z\u00fcm\u00fc i\u00e7in bundan sonra atacaklar\u0131 ad\u0131mlar\u0131 g\u00f6r\u00fc\u015fmeleri bekleniyor.<\/p>\n<p>G\u00f6r\u00fc\u015fme haberi, \u00dcsk\u00fcp&#8217;\u00fcn ismin bir par\u00e7as\u0131 olarak co\u011frafi tan\u0131m eklenmesini kabul etme karar\u0131na denk geldi.<\/p>\n<p>&nbsp;<\/p>\n<p>BNR<\/p><div id=\"bghab-1875489842\" class=\"bghab-icerik-icine bghab-entity-placement\"><script async src=\"\/\/pagead2.googlesyndication.com\/pagead\/js\/adsbygoogle.js?client=ca-pub-6203283170189293\" crossorigin=\"anonymous\"><\/script><ins class=\"adsbygoogle\" style=\"display:block; text-align:center;\" data-ad-client=\"ca-pub-6203283170189293\" \ndata-ad-slot=\"7303146466\" \ndata-ad-layout=\"in-article\"\ndata-ad-format=\"fluid\" data-full-width-responsive=\"true\"><\/ins>\n<script> \n(adsbygoogle = window.adsbygoogle || []).push({}); \n<\/script>\n<\/div>\n<div id=\"bghab-534161114\" class=\"bghab-yazi-altinda bghab-entity-placement\"><div class=\"bghab-adlabel\">Reklamlar<\/div><script async src=\"https:\/\/pagead2.googlesyndication.com\/pagead\/js\/adsbygoogle.js\"><\/script>\r\n<!-- bghaber-yaz\u0131-sonu -->\r\n<ins class=\"adsbygoogle\"\r\n     style=\"display:block\"\r\n     data-ad-client=\"ca-pub-6203283170189293\"\r\n     data-ad-slot=\"4222328180\"\r\n     data-ad-format=\"auto\"\r\n     data-full-width-responsive=\"true\"><\/ins>\r\n<script>\r\n     (adsbygoogle = window.adsbygoogle || []).push({});\r\n<\/script><\/div><br style=\"clear: both; display: block; float: none;\"\/>","protected":false},"excerpt":{"rendered":"<p>Independent Balkan News Agency haberine g\u00f6re Makedonya ve Yunanistan D\u0131\u015fi\u015fleri Bakanlar\u0131 Nikola Dimitrov ve Nikos Kodzias, 15 ve 16 \u015eubat g\u00fcnleri Sofya&#8217;da g\u00f6r\u00fc\u015fecekler. Bu tarihlerde<\/p>\n","protected":false},"author":29,"featured_media":2701,"comment_status":"closed","ping_status":"closed","sticky":false,"template":"","format":"standard","meta":{"advanced_seo_description":"","jetpack_seo_html_title":"","jetpack_seo_noindex":false,"_jetpack_memberships_contains_paid_content":false,"footnotes":""},"categories":[4],"tags":[],"class_list":["post-26983","post","type-post","status-publish","format-standard","has-post-thumbnail","hentry","category-siyaset"],"jetpack_featured_media_url":"https:\/\/i0.wp.com\/www.bghaber.org\/bghaber\/wp-content\/uploads\/2013\/06\/makedonya.jpg?fit=260%2C194&ssl=1","jetpack_sharing_enabled":true,"jetpack_likes_enabled":true,"jetpack-related-posts":[],"jetpack_shortlink":"https:\/\/wp.me\/pc2PfJ-71d","_links":{"self":[{"href":"https:\/\/www.bghaber.org\/bghaber\/wp-json\/wp\/v2\/posts\/26983","targetHints":{"allow":["GET"]}}],"collection":[{"href":"https:\/\/www.bghaber.org\/bghaber\/wp-json\/wp\/v2\/posts"}],"about":[{"href":"https:\/\/www.bghaber.org\/bghaber\/wp-json\/wp\/v2\/types\/post"}],"author":[{"embeddable":true,"href":"https:\/\/www.bghaber.org\/bghaber\/wp-json\/wp\/v2\/users\/29"}],"replies":[{"embeddable":true,"href":"https:\/\/www.bghaber.org\/bghaber\/wp-json\/wp\/v2\/comments?post=26983"}],"version-history":[{"count":0,"href":"https:\/\/www.bghaber.org\/bghaber\/wp-json\/wp\/v2\/posts\/26983\/revisions"}],"wp:featuredmedia":[{"embeddable":true,"href":"https:\/\/www.bghaber.org\/bghaber\/wp-json\/wp\/v2\/media\/2701"}],"wp:attachment":[{"href":"https:\/\/www.bghaber.org\/bghaber\/wp-json\/wp\/v2\/media?parent=26983"}],"wp:term":[{"taxonomy":"category","embeddable":true,"href":"https:\/\/www.bghaber.org\/bghaber\/wp-json\/wp\/v2\/categories?post=26983"},{"taxonomy":"post_tag","embeddable":true,"href":"https:\/\/www.bghaber.org\/bghaber\/wp-json\/wp\/v2\/tags?post=26983"}],"curies":[{"name":"wp","href":"https:\/\/api.w.org\/{rel}","templated":true}]}}