{"id":26958,"date":"2018-02-08T10:34:22","date_gmt":"2018-02-08T07:34:22","guid":{"rendered":"http:\/\/www.bghaber.org\/bghaber\/?p=26958"},"modified":"2019-07-07T22:53:57","modified_gmt":"2019-07-07T20:53:57","slug":"tarim-arazileri-yasasina-uygulanan-veto-icin-protesto","status":"publish","type":"post","link":"https:\/\/www.bghaber.org\/bghaber\/tarim-arazileri-yasasina-uygulanan-veto-icin-protesto\/","title":{"rendered":"Tar\u0131m arazileri yasas\u0131na uygulanan veto i\u00e7in protesto"},"content":{"rendered":"<p>Vatanda\u015f gruplar\u0131 ve sivil \u00f6rg\u00fctler Parlamento \u00f6n\u00fcnde bug\u00fcn protestolar d\u00fczenlediler.<\/p>\n<p>\u0130ki grubun da memnuniyetsizli\u011fi tar\u0131m\u00a0 arazilerinin in\u015faat i\u00e7in kullan\u0131m\u0131n\u0131 kolayla\u015ft\u0131racak Tar\u0131m arazilerinin korunmas\u0131 Yasas\u0131nda de\u011fi\u015fikliklerle ilgilidir.<\/p>\n<p>Cumhurba\u015fkan\u0131 Rumen Radev g\u00fcnler \u00f6nce de\u011fi\u015fikliklere veto koydu.<\/p>\n<p>&nbsp;<\/p>\n<p>BNR<\/p><div id=\"bghab-1790003680\" class=\"bghab-icerik-icine bghab-entity-placement\"><script async src=\"\/\/pagead2.googlesyndication.com\/pagead\/js\/adsbygoogle.js?client=ca-pub-6203283170189293\" crossorigin=\"anonymous\"><\/script><ins class=\"adsbygoogle\" style=\"display:block; text-align:center;\" data-ad-client=\"ca-pub-6203283170189293\" \ndata-ad-slot=\"7303146466\" \ndata-ad-layout=\"in-article\"\ndata-ad-format=\"fluid\" data-full-width-responsive=\"true\"><\/ins>\n<script> \n(adsbygoogle = window.adsbygoogle || []).push({}); \n<\/script>\n<\/div>\n<div id=\"bghab-1482283821\" class=\"bghab-yazi-altinda bghab-entity-placement\"><div class=\"bghab-adlabel\">Reklamlar<\/div><script async src=\"https:\/\/pagead2.googlesyndication.com\/pagead\/js\/adsbygoogle.js\"><\/script>\r\n<!-- bghaber-yaz\u0131-sonu -->\r\n<ins class=\"adsbygoogle\"\r\n     style=\"display:block\"\r\n     data-ad-client=\"ca-pub-6203283170189293\"\r\n     data-ad-slot=\"4222328180\"\r\n     data-ad-format=\"auto\"\r\n     data-full-width-responsive=\"true\"><\/ins>\r\n<script>\r\n     (adsbygoogle = window.adsbygoogle || []).push({});\r\n<\/script><\/div><br style=\"clear: both; display: block; float: none;\"\/>","protected":false},"excerpt":{"rendered":"<p>Vatanda\u015f gruplar\u0131 ve sivil \u00f6rg\u00fctler Parlamento \u00f6n\u00fcnde bug\u00fcn protestolar d\u00fczenlediler. \u0130ki grubun da memnuniyetsizli\u011fi tar\u0131m\u00a0 arazilerinin in\u015faat i\u00e7in kullan\u0131m\u0131n\u0131 kolayla\u015ft\u0131racak Tar\u0131m arazilerinin korunmas\u0131 Yasas\u0131nda de\u011fi\u015fikliklerle<\/p>\n","protected":false},"author":29,"featured_media":26960,"comment_status":"closed","ping_status":"closed","sticky":false,"template":"","format":"standard","meta":{"advanced_seo_description":"","jetpack_seo_html_title":"","jetpack_seo_noindex":false,"_jetpack_memberships_contains_paid_content":false,"footnotes":""},"categories":[9],"tags":[],"class_list":["post-26958","post","type-post","status-publish","format-standard","has-post-thumbnail","hentry","category-ekonomi"],"jetpack_featured_media_url":"https:\/\/i0.wp.com\/www.bghaber.org\/bghaber\/wp-content\/uploads\/2018\/02\/tar%C4%B1m-arazileri-yasas%C4%B1na-uygulanan-veto-i%C3%A7in-protesto.jpg?fit=610%2C343&ssl=1","jetpack_sharing_enabled":true,"jetpack_likes_enabled":true,"jetpack-related-posts":[],"jetpack_shortlink":"https:\/\/wp.me\/pc2PfJ-70O","_links":{"self":[{"href":"https:\/\/www.bghaber.org\/bghaber\/wp-json\/wp\/v2\/posts\/26958","targetHints":{"allow":["GET"]}}],"collection":[{"href":"https:\/\/www.bghaber.org\/bghaber\/wp-json\/wp\/v2\/posts"}],"about":[{"href":"https:\/\/www.bghaber.org\/bghaber\/wp-json\/wp\/v2\/types\/post"}],"author":[{"embeddable":true,"href":"https:\/\/www.bghaber.org\/bghaber\/wp-json\/wp\/v2\/users\/29"}],"replies":[{"embeddable":true,"href":"https:\/\/www.bghaber.org\/bghaber\/wp-json\/wp\/v2\/comments?post=26958"}],"version-history":[{"count":0,"href":"https:\/\/www.bghaber.org\/bghaber\/wp-json\/wp\/v2\/posts\/26958\/revisions"}],"wp:featuredmedia":[{"embeddable":true,"href":"https:\/\/www.bghaber.org\/bghaber\/wp-json\/wp\/v2\/media\/26960"}],"wp:attachment":[{"href":"https:\/\/www.bghaber.org\/bghaber\/wp-json\/wp\/v2\/media?parent=26958"}],"wp:term":[{"taxonomy":"category","embeddable":true,"href":"https:\/\/www.bghaber.org\/bghaber\/wp-json\/wp\/v2\/categories?post=26958"},{"taxonomy":"post_tag","embeddable":true,"href":"https:\/\/www.bghaber.org\/bghaber\/wp-json\/wp\/v2\/tags?post=26958"}],"curies":[{"name":"wp","href":"https:\/\/api.w.org\/{rel}","templated":true}]}}