{"id":26956,"date":"2018-02-07T23:27:40","date_gmt":"2018-02-07T20:27:40","guid":{"rendered":"http:\/\/www.bghaber.org\/bghaber\/?p=26956"},"modified":"2019-07-07T22:53:57","modified_gmt":"2019-07-07T20:53:57","slug":"borisov-e-devlet-uygulanmasinin-hizlandirma-konusunda-israrci","status":"publish","type":"post","link":"https:\/\/www.bghaber.org\/bghaber\/borisov-e-devlet-uygulanmasinin-hizlandirma-konusunda-israrci\/","title":{"rendered":"Borisov e-devlet uygulanmas\u0131n\u0131n h\u0131zland\u0131rma konusunda \u0131srarc\u0131"},"content":{"rendered":"<p>Ba\u015fbakan Boyko Borisov bakanlardan e-devlet uygulamas\u0131yla bizzat ve daha yo\u011fun bir \u015fekilde ilgilenmelerini istedi.<\/p>\n<p>Ba\u015fbakan Yard\u0131mc\u0131s\u0131\u00a0 Tomislav Don\u00e7ev\u2019in idari kurumlar aras\u0131nda elektronik al\u0131\u015f veri\u015finin\u00a0 uygulanmas\u0131 i\u00e7in segerberli\u011fin yetersiz oldu\u011fu yorumu buna vesile oldu. Don\u00e7ev\u2019e g\u00f6re\u00a0 b\u00f6ylece belirlenen son s\u00fcre bu y\u0131l\u0131n Kas\u0131m ay\u0131 tehlikeye at\u0131lacakt\u0131r. Borisov\u2019un s\u00f6zlerine g\u00f6re e \u2013devlet yolsuzluklarla m\u00fccadelede en pratik \u00f6nlemdir.<\/p>\n<p>Ba\u015fbakan \u2018Kimse kurtulaca\u011f\u0131n\u0131\u00a0 d\u00fc\u015f\u00fcnmesin. A\u00e7\u0131k ve net anla\u015f\u0131ls\u0131n\u2019 diye vurgulad\u0131.<\/p>\n<p>&nbsp;<\/p>\n<p>BNR<\/p><div id=\"bghab-2734647766\" class=\"bghab-icerik-icine bghab-entity-placement\"><script async src=\"\/\/pagead2.googlesyndication.com\/pagead\/js\/adsbygoogle.js?client=ca-pub-6203283170189293\" crossorigin=\"anonymous\"><\/script><ins class=\"adsbygoogle\" style=\"display:block; text-align:center;\" data-ad-client=\"ca-pub-6203283170189293\" \ndata-ad-slot=\"7303146466\" \ndata-ad-layout=\"in-article\"\ndata-ad-format=\"fluid\" data-full-width-responsive=\"true\"><\/ins>\n<script> \n(adsbygoogle = window.adsbygoogle || []).push({}); \n<\/script>\n<\/div>\n<div id=\"bghab-1099056566\" class=\"bghab-yazi-altinda bghab-entity-placement\"><div class=\"bghab-adlabel\">Reklamlar<\/div><script async src=\"https:\/\/pagead2.googlesyndication.com\/pagead\/js\/adsbygoogle.js\"><\/script>\r\n<!-- bghaber-yaz\u0131-sonu -->\r\n<ins class=\"adsbygoogle\"\r\n     style=\"display:block\"\r\n     data-ad-client=\"ca-pub-6203283170189293\"\r\n     data-ad-slot=\"4222328180\"\r\n     data-ad-format=\"auto\"\r\n     data-full-width-responsive=\"true\"><\/ins>\r\n<script>\r\n     (adsbygoogle = window.adsbygoogle || []).push({});\r\n<\/script><\/div><br style=\"clear: both; display: block; float: none;\"\/>","protected":false},"excerpt":{"rendered":"<p>Ba\u015fbakan Boyko Borisov bakanlardan e-devlet uygulamas\u0131yla bizzat ve daha yo\u011fun bir \u015fekilde ilgilenmelerini istedi. Ba\u015fbakan Yard\u0131mc\u0131s\u0131\u00a0 Tomislav Don\u00e7ev\u2019in idari kurumlar aras\u0131nda elektronik al\u0131\u015f veri\u015finin\u00a0 uygulanmas\u0131<\/p>\n","protected":false},"author":29,"featured_media":11703,"comment_status":"closed","ping_status":"closed","sticky":false,"template":"","format":"standard","meta":{"advanced_seo_description":"","jetpack_seo_html_title":"","jetpack_seo_noindex":false,"_jetpack_memberships_contains_paid_content":false,"footnotes":""},"categories":[1,4],"tags":[],"class_list":["post-26956","post","type-post","status-publish","format-standard","has-post-thumbnail","hentry","category-haberler","category-siyaset"],"jetpack_featured_media_url":"https:\/\/i0.wp.com\/www.bghaber.org\/bghaber\/wp-content\/uploads\/2014\/10\/boiko-borisovyakitttt00112456.jpg?fit=468%2C320&ssl=1","jetpack_sharing_enabled":true,"jetpack_likes_enabled":true,"jetpack-related-posts":[],"jetpack_shortlink":"https:\/\/wp.me\/pc2PfJ-70M","_links":{"self":[{"href":"https:\/\/www.bghaber.org\/bghaber\/wp-json\/wp\/v2\/posts\/26956","targetHints":{"allow":["GET"]}}],"collection":[{"href":"https:\/\/www.bghaber.org\/bghaber\/wp-json\/wp\/v2\/posts"}],"about":[{"href":"https:\/\/www.bghaber.org\/bghaber\/wp-json\/wp\/v2\/types\/post"}],"author":[{"embeddable":true,"href":"https:\/\/www.bghaber.org\/bghaber\/wp-json\/wp\/v2\/users\/29"}],"replies":[{"embeddable":true,"href":"https:\/\/www.bghaber.org\/bghaber\/wp-json\/wp\/v2\/comments?post=26956"}],"version-history":[{"count":0,"href":"https:\/\/www.bghaber.org\/bghaber\/wp-json\/wp\/v2\/posts\/26956\/revisions"}],"wp:featuredmedia":[{"embeddable":true,"href":"https:\/\/www.bghaber.org\/bghaber\/wp-json\/wp\/v2\/media\/11703"}],"wp:attachment":[{"href":"https:\/\/www.bghaber.org\/bghaber\/wp-json\/wp\/v2\/media?parent=26956"}],"wp:term":[{"taxonomy":"category","embeddable":true,"href":"https:\/\/www.bghaber.org\/bghaber\/wp-json\/wp\/v2\/categories?post=26956"},{"taxonomy":"post_tag","embeddable":true,"href":"https:\/\/www.bghaber.org\/bghaber\/wp-json\/wp\/v2\/tags?post=26956"}],"curies":[{"name":"wp","href":"https:\/\/api.w.org\/{rel}","templated":true}]}}