{"id":26950,"date":"2018-02-07T23:21:45","date_gmt":"2018-02-07T20:21:45","guid":{"rendered":"http:\/\/www.bghaber.org\/bghaber\/?p=26950"},"modified":"2019-07-07T22:53:57","modified_gmt":"2019-07-07T20:53:57","slug":"tayvandaki-depremde-yarali-bulgaristan-vatandasi-yok","status":"publish","type":"post","link":"https:\/\/www.bghaber.org\/bghaber\/tayvandaki-depremde-yarali-bulgaristan-vatandasi-yok\/","title":{"rendered":"Tayvan\u2019daki depremde yaral\u0131 Bulgaristan vatanda\u015f\u0131 yok"},"content":{"rendered":"<p>Sofya\u2019daki D\u0131\u015fi\u015fleri Bakanl\u0131\u011f\u0131 yetkilileri, 6 \u015eubat tarihinin ge\u00e7 saatlerinde Tayvan\u2019da kaydedilen g\u00fc\u00e7l\u00fc yer sars\u0131nt\u0131s\u0131 ile ilgili olarak \u00f6len veya yaralanan Bulgaristan vatanda\u015flar\u0131 i\u00e7in bilgiler olmad\u0131\u011f\u0131n\u0131 bildirdi.<\/p>\n<p>D\u0131\u015fi\u015fleri Bakanl\u0131\u011f\u0131, Hualien b\u00f6lgesinde ikamet eden veya yolculuk yapan yurtta\u015flar\u0131m\u0131za durumun geli\u015fimi hakk\u0131nda bilgiler almas\u0131n\u0131 ve sorumlu yerel yetkililerin talimatlar\u0131na uymas\u0131n\u0131 tavsiye ediyor.<\/p>\n<p>Bu b\u00f6lgede bulunan Bulgaristan vatanda\u015flar\u0131, gerekti\u011finde Bulgaristan\u2019\u0131n Pekin\u2019deki b\u00fcy\u00fckel\u00e7ili\u011fi ile +86 10 6532 ve +86 10 6532 1916 telefon numaralar\u0131 \u00fczerinden yard\u0131m ve g\u00fcncel bilgiler i\u00e7in irtibata ge\u00e7ebiliyor.<\/p>\n<p>&nbsp;<\/p>\n<p>BNR<\/p><div id=\"bghab-3117614461\" class=\"bghab-icerik-icine bghab-entity-placement\"><script async src=\"\/\/pagead2.googlesyndication.com\/pagead\/js\/adsbygoogle.js?client=ca-pub-6203283170189293\" crossorigin=\"anonymous\"><\/script><ins class=\"adsbygoogle\" style=\"display:block; text-align:center;\" data-ad-client=\"ca-pub-6203283170189293\" \ndata-ad-slot=\"7303146466\" \ndata-ad-layout=\"in-article\"\ndata-ad-format=\"fluid\" data-full-width-responsive=\"true\"><\/ins>\n<script> \n(adsbygoogle = window.adsbygoogle || []).push({}); \n<\/script>\n<\/div>\n<div id=\"bghab-183718172\" class=\"bghab-yazi-altinda bghab-entity-placement\"><div class=\"bghab-adlabel\">Reklamlar<\/div><script async src=\"https:\/\/pagead2.googlesyndication.com\/pagead\/js\/adsbygoogle.js\"><\/script>\r\n<!-- bghaber-yaz\u0131-sonu -->\r\n<ins class=\"adsbygoogle\"\r\n     style=\"display:block\"\r\n     data-ad-client=\"ca-pub-6203283170189293\"\r\n     data-ad-slot=\"4222328180\"\r\n     data-ad-format=\"auto\"\r\n     data-full-width-responsive=\"true\"><\/ins>\r\n<script>\r\n     (adsbygoogle = window.adsbygoogle || []).push({});\r\n<\/script><\/div><br style=\"clear: both; display: block; float: none;\"\/>","protected":false},"excerpt":{"rendered":"<p>Sofya\u2019daki D\u0131\u015fi\u015fleri Bakanl\u0131\u011f\u0131 yetkilileri, 6 \u015eubat tarihinin ge\u00e7 saatlerinde Tayvan\u2019da kaydedilen g\u00fc\u00e7l\u00fc yer sars\u0131nt\u0131s\u0131 ile ilgili olarak \u00f6len veya yaralanan Bulgaristan vatanda\u015flar\u0131 i\u00e7in bilgiler olmad\u0131\u011f\u0131n\u0131<\/p>\n","protected":false},"author":29,"featured_media":26951,"comment_status":"closed","ping_status":"closed","sticky":false,"template":"","format":"standard","meta":{"advanced_seo_description":"","jetpack_seo_html_title":"","jetpack_seo_noindex":false,"_jetpack_memberships_contains_paid_content":false,"footnotes":""},"categories":[5],"tags":[],"class_list":["post-26950","post","type-post","status-publish","format-standard","has-post-thumbnail","hentry","category-yasam"],"jetpack_featured_media_url":"https:\/\/i0.wp.com\/www.bghaber.org\/bghaber\/wp-content\/uploads\/2018\/02\/tayvan-deprem.jpg?fit=610%2C343&ssl=1","jetpack_sharing_enabled":true,"jetpack_likes_enabled":true,"jetpack-related-posts":[],"jetpack_shortlink":"https:\/\/wp.me\/pc2PfJ-70G","_links":{"self":[{"href":"https:\/\/www.bghaber.org\/bghaber\/wp-json\/wp\/v2\/posts\/26950","targetHints":{"allow":["GET"]}}],"collection":[{"href":"https:\/\/www.bghaber.org\/bghaber\/wp-json\/wp\/v2\/posts"}],"about":[{"href":"https:\/\/www.bghaber.org\/bghaber\/wp-json\/wp\/v2\/types\/post"}],"author":[{"embeddable":true,"href":"https:\/\/www.bghaber.org\/bghaber\/wp-json\/wp\/v2\/users\/29"}],"replies":[{"embeddable":true,"href":"https:\/\/www.bghaber.org\/bghaber\/wp-json\/wp\/v2\/comments?post=26950"}],"version-history":[{"count":0,"href":"https:\/\/www.bghaber.org\/bghaber\/wp-json\/wp\/v2\/posts\/26950\/revisions"}],"wp:featuredmedia":[{"embeddable":true,"href":"https:\/\/www.bghaber.org\/bghaber\/wp-json\/wp\/v2\/media\/26951"}],"wp:attachment":[{"href":"https:\/\/www.bghaber.org\/bghaber\/wp-json\/wp\/v2\/media?parent=26950"}],"wp:term":[{"taxonomy":"category","embeddable":true,"href":"https:\/\/www.bghaber.org\/bghaber\/wp-json\/wp\/v2\/categories?post=26950"},{"taxonomy":"post_tag","embeddable":true,"href":"https:\/\/www.bghaber.org\/bghaber\/wp-json\/wp\/v2\/tags?post=26950"}],"curies":[{"name":"wp","href":"https:\/\/api.w.org\/{rel}","templated":true}]}}