{"id":26947,"date":"2018-02-07T23:17:13","date_gmt":"2018-02-07T20:17:13","guid":{"rendered":"http:\/\/www.bghaber.org\/bghaber\/?p=26947"},"modified":"2019-07-07T22:53:57","modified_gmt":"2019-07-07T20:53:57","slug":"gumruk-birliginin-guncellenmesi-iki-tarafin-da-menfaatine","status":"publish","type":"post","link":"https:\/\/www.bghaber.org\/bghaber\/gumruk-birliginin-guncellenmesi-iki-tarafin-da-menfaatine\/","title":{"rendered":"G\u00fcmr\u00fck Birli\u011finin g\u00fcncellenmesi iki taraf\u0131n da menfaatine"},"content":{"rendered":"<p>Ekonomi Bakan\u0131 Zeybekci, &#8220;G\u00fcmr\u00fck Birli\u011finin g\u00fcncellenmesinin her iki taraf\u0131n da, gerek Avrupa Birli\u011fi\u2019nin gerekse T\u00fcrkiye&#8217;nin menfaatine oldu\u011fu hususunda kesin mutabakat\u0131m\u0131z var.&#8221; dedi.<\/p>\n<p class=\"selectionShareable\">Bulgaristan&#8217;da resmi temaslarda bulunan\u00a0<strong>Ekonomi Bakan\u0131 Nihat Zeybekc<\/strong>i, Bulgaristan Ba\u015fbakan\u0131 Boyko Borisov taraf\u0131ndan kabul edildi. Zeybek\u00e7i, Ekonomi Bakan\u0131 Emil Karanikolov ve D\u0131\u015fi\u015fleri Bakan\u0131 Ekaterina Zaharieva ile de g\u00f6r\u00fc\u015ft\u00fc.<\/p>\n<p class=\"selectionShareable\">Bakan Zeybekci, mevkida\u015f\u0131 Karanikolov ile kat\u0131ld\u0131\u011f\u0131 \u00e7al\u0131\u015fma yeme\u011finin ard\u0131ndan AA muhabirine a\u00e7\u0131klamalarda bulundu.<\/p>\n<p class=\"selectionShareable\">Bulgaristan temaslar\u0131n\u0131n verimli ge\u00e7ti\u011fini dile getiren Zeybekci, T\u00fcrkiye&#8217;nin Avrupa Birli\u011fi (AB) ile yapt\u0131\u011f\u0131\u00a0<strong>G\u00fcmr\u00fck Birli\u011fi Anla\u015fmas\u0131&#8217;<\/strong>n\u0131n g\u00fcncellenmesine de de\u011findi.<\/p>\n<h3>&#8220;Bulgaristan bu konuda T\u00fcrkiye&#8217;ye y\u00fczde y\u00fcz destek veriyor&#8221;<\/h3>\n<p class=\"selectionShareable\">&#8220;G\u00fcmr\u00fck Birli\u011finin g\u00fcncellenmesinin her iki taraf\u0131n da gerek Avrupa Birli\u011fi\u2019nin gerekse T\u00fcrkiye&#8217;nin menfaatine oldu\u011fu hususunda kesin mutabakat\u0131m\u0131z var.&#8221; diyen Zeybekci, haziran sonuna dek AB&#8217;nin d\u00f6nem ba\u015fkanl\u0131\u011f\u0131n\u0131 yapacak Bulgaristan&#8217;\u0131n da bu konuda T\u00fcrkiye&#8217;ye y\u00fczde y\u00fcz destek verdi\u011fini aktard\u0131.<\/p><div id=\"bghab-2847649412\" class=\"bghab-icerik-icine bghab-entity-placement\"><script async src=\"\/\/pagead2.googlesyndication.com\/pagead\/js\/adsbygoogle.js?client=ca-pub-6203283170189293\" crossorigin=\"anonymous\"><\/script><ins class=\"adsbygoogle\" style=\"display:block; text-align:center;\" data-ad-client=\"ca-pub-6203283170189293\" \ndata-ad-slot=\"7303146466\" \ndata-ad-layout=\"in-article\"\ndata-ad-format=\"fluid\" data-full-width-responsive=\"true\"><\/ins>\n<script> \n(adsbygoogle = window.adsbygoogle || []).push({}); \n<\/script>\n<\/div>\n<p class=\"selectionShareable\">Zeybekci, s\u00f6zlerini \u015f\u00f6yle s\u00fcrd\u00fcrd\u00fc:<\/p>\n<p class=\"selectionShareable\">&#8220;Bu (anla\u015fma) T\u00fcrkiye&#8217;ye verilen bir imtiyaz, bir \u00f6d\u00fcn de\u011fildir. Bu, AB&#8217;nin daha \u00e7ok menfaatine olan, kar\u015f\u0131l\u0131kl\u0131 menfaatlerin maksimize edildi\u011fi bir anla\u015fmad\u0131r. Bulgaristan&#8217;\u0131n gerek Ba\u015fbakan\u0131 Boyko Borisov gerekse ekonomi Bakan\u0131 Emil Karanikolov gerekse D\u0131\u015fi\u015fleri Bakan\u0131 Ekaterina Zaharieva ile g\u00f6r\u00fc\u015fmelerimizde &#8216;T\u00fcrkiye ile Avrupa Birli\u011fi&#8217;nin G\u00fcmr\u00fck Birli\u011fi Anla\u015fmas\u0131, T\u00fcrkiye\u2019ye verilen bir imtiyaz de\u011fildir.&#8217; diyoruz. Zaten, \u015fu anda y\u00fcr\u00fcrl\u00fckte olan bir G\u00fcmr\u00fck Birli\u011fi anla\u015fmam\u0131z var. Bu anla\u015fma, do\u011frudan do\u011fruya aram\u0131zdaki ticaret hacmimizi 160 milyar dolar seviyesine \u00e7\u0131kartt\u0131. Hedefimiz, tamamen ekonomik bir entegrasyon.&#8221;<\/p>\n<p>&nbsp;<\/p>\n<p class=\"selectionShareable\">\u0130hvan Radoykov, AA<\/p>\n<div id=\"bghab-2846315436\" class=\"bghab-yazi-altinda bghab-entity-placement\"><div class=\"bghab-adlabel\">Reklamlar<\/div><script async src=\"https:\/\/pagead2.googlesyndication.com\/pagead\/js\/adsbygoogle.js\"><\/script>\r\n<!-- bghaber-yaz\u0131-sonu -->\r\n<ins class=\"adsbygoogle\"\r\n     style=\"display:block\"\r\n     data-ad-client=\"ca-pub-6203283170189293\"\r\n     data-ad-slot=\"4222328180\"\r\n     data-ad-format=\"auto\"\r\n     data-full-width-responsive=\"true\"><\/ins>\r\n<script>\r\n     (adsbygoogle = window.adsbygoogle || []).push({});\r\n<\/script><\/div><br style=\"clear: both; display: block; float: none;\"\/>","protected":false},"excerpt":{"rendered":"<p>Ekonomi Bakan\u0131 Zeybekci, &#8220;G\u00fcmr\u00fck Birli\u011finin g\u00fcncellenmesinin her iki taraf\u0131n da, gerek Avrupa Birli\u011fi\u2019nin gerekse T\u00fcrkiye&#8217;nin menfaatine oldu\u011fu hususunda kesin mutabakat\u0131m\u0131z var.&#8221; dedi. Bulgaristan&#8217;da resmi temaslarda<\/p>\n","protected":false},"author":29,"featured_media":26948,"comment_status":"closed","ping_status":"closed","sticky":false,"template":"","format":"standard","meta":{"advanced_seo_description":"","jetpack_seo_html_title":"","jetpack_seo_noindex":false,"_jetpack_memberships_contains_paid_content":false,"footnotes":""},"categories":[9,1],"tags":[],"class_list":["post-26947","post","type-post","status-publish","format-standard","has-post-thumbnail","hentry","category-ekonomi","category-haberler"],"jetpack_featured_media_url":"https:\/\/i0.wp.com\/www.bghaber.org\/bghaber\/wp-content\/uploads\/2018\/02\/nihat-zeybekci-ile-emil-karanikolov.jpg?fit=864%2C486&ssl=1","jetpack_sharing_enabled":true,"jetpack_likes_enabled":true,"jetpack-related-posts":[],"jetpack_shortlink":"https:\/\/wp.me\/pc2PfJ-70D","_links":{"self":[{"href":"https:\/\/www.bghaber.org\/bghaber\/wp-json\/wp\/v2\/posts\/26947","targetHints":{"allow":["GET"]}}],"collection":[{"href":"https:\/\/www.bghaber.org\/bghaber\/wp-json\/wp\/v2\/posts"}],"about":[{"href":"https:\/\/www.bghaber.org\/bghaber\/wp-json\/wp\/v2\/types\/post"}],"author":[{"embeddable":true,"href":"https:\/\/www.bghaber.org\/bghaber\/wp-json\/wp\/v2\/users\/29"}],"replies":[{"embeddable":true,"href":"https:\/\/www.bghaber.org\/bghaber\/wp-json\/wp\/v2\/comments?post=26947"}],"version-history":[{"count":0,"href":"https:\/\/www.bghaber.org\/bghaber\/wp-json\/wp\/v2\/posts\/26947\/revisions"}],"wp:featuredmedia":[{"embeddable":true,"href":"https:\/\/www.bghaber.org\/bghaber\/wp-json\/wp\/v2\/media\/26948"}],"wp:attachment":[{"href":"https:\/\/www.bghaber.org\/bghaber\/wp-json\/wp\/v2\/media?parent=26947"}],"wp:term":[{"taxonomy":"category","embeddable":true,"href":"https:\/\/www.bghaber.org\/bghaber\/wp-json\/wp\/v2\/categories?post=26947"},{"taxonomy":"post_tag","embeddable":true,"href":"https:\/\/www.bghaber.org\/bghaber\/wp-json\/wp\/v2\/tags?post=26947"}],"curies":[{"name":"wp","href":"https:\/\/api.w.org\/{rel}","templated":true}]}}