{"id":26944,"date":"2018-02-07T23:12:57","date_gmt":"2018-02-07T20:12:57","guid":{"rendered":"http:\/\/www.bghaber.org\/bghaber\/?p=26944"},"modified":"2019-07-07T22:54:55","modified_gmt":"2019-07-07T20:54:55","slug":"bulgaristandaki-osmanli-camileri-yikilma-tehlikesi-yasiyor","status":"publish","type":"post","link":"https:\/\/www.bghaber.org\/bghaber\/bulgaristandaki-osmanli-camileri-yikilma-tehlikesi-yasiyor\/","title":{"rendered":"Bulgaristan&#8217;daki Osmanl\u0131 camileri y\u0131k\u0131lma tehlikesi ya\u015f\u0131yor"},"content":{"rendered":"<p class=\"selectionShareable\"><strong>Bulgaristan<\/strong>\u2019da minaresi bulunmad\u0131\u011f\u0131 ve \u00e7evresinde arkeolojik alan oldu\u011fu gerek\u00e7esiyle tarihsel an\u0131t ilan edilen 27\u00a0<strong>Osmanl\u0131 camisi<\/strong>, y\u0131llard\u0131r restore izni verilmedi\u011fi i\u00e7in bak\u0131ms\u0131zl\u0131k nedeniyle minareleri \u00e7\u00f6km\u00fc\u015f, kap\u0131lar\u0131 ve duvarlar\u0131 y\u0131k\u0131lm\u0131\u015f durumda onar\u0131lmay\u0131 bekliyor.<\/p>\n<p class=\"selectionShareable\">\u00dclkede acil onar\u0131m\u0131 gereken \u00e7ok say\u0131da cami, hamam ve di\u011fer tarihi eserler, resmi makamlar\u0131n \u00e7e\u015fitli engelleri nedeniyle restore edilemiyor.<\/p>\n<p class=\"selectionShareable\">Bulgaristan&#8217;da, minaresi olmad\u0131\u011f\u0131, \u00e7evresinde arkeolojik alan bulundu\u011fu i\u00e7in veya farkl\u0131 gerek\u00e7elerle tarihsel an\u0131t ilan edilen camiler y\u0131k\u0131lma tehlikesiyle kar\u015f\u0131 kar\u015f\u0131ya kald\u0131.<\/p>\n<p class=\"selectionShareable\">\u0130badet merkezlerinin restorasyonu i\u00e7in y\u0131llard\u0131r resmi makamlarla hukuki m\u00fccadele veren Bulgaristan M\u00fcsl\u00fcmanlar\u0131 Ba\u015fm\u00fcft\u00fcl\u00fc\u011f\u00fc, camilerin \u201ck\u00fclt\u00fcrel an\u0131t\u201d ilan edilmesi nedeniyle ibadete kapal\u0131 tutuldu\u011funu belirtiyor.<\/p>\n<p class=\"selectionShareable\">Camiler aras\u0131nda g\u00fcneybat\u0131daki K\u00fcstendil kentindeki Fatih Sultan Mehmed, Gotze Del\u00e7ev&#8217;deki Karaca Pa\u015fa ve kuzeydo\u011fudaki Razgrad \u015fehrinde bulunan Pargal\u0131 \u0130brahim Pa\u015fa gibi ibadet merkezleri biliniyor.<\/p><div id=\"bghab-3838754591\" class=\"bghab-icerik-icine bghab-entity-placement\"><script async src=\"\/\/pagead2.googlesyndication.com\/pagead\/js\/adsbygoogle.js?client=ca-pub-6203283170189293\" crossorigin=\"anonymous\"><\/script><ins class=\"adsbygoogle\" style=\"display:block; text-align:center;\" data-ad-client=\"ca-pub-6203283170189293\" \ndata-ad-slot=\"7303146466\" \ndata-ad-layout=\"in-article\"\ndata-ad-format=\"fluid\" data-full-width-responsive=\"true\"><\/ins>\n<script> \n(adsbygoogle = window.adsbygoogle || []).push({}); \n<\/script>\n<\/div>\n<p class=\"selectionShareable\">Sofya B\u00f6lge M\u00fcft\u00fcs\u00fc Mustafa \u0130zbi\u015ftali, b\u00fcrokratik engeller \u00e7\u0131karan devletin camilerin bak\u0131m\u0131n\u0131 zorla\u015ft\u0131rd\u0131\u011f\u0131n\u0131 s\u00f6yledi.<\/p>\n<h3>&#8220;Erdo\u011fan destek vermezse, ba\u015fka kimse destek vermeyecek&#8221;<\/h3>\n<p class=\"selectionShareable\">Camilerin restorasyonu i\u00e7in yetkililerden anlay\u0131\u015f ve ilgi beklediklerini aktaran \u0130zbi\u015ftali, T\u00fcrkiye&#8217;nin dini mekanlara y\u00f6nelik verdi\u011fi \u00f6nemi \u00f6rnek g\u00f6sterdi.<\/p>\n<p class=\"selectionShareable\">Sofya B\u00f6lge M\u00fcft\u00fcs\u00fc Mustafa \u0130zbi\u015ftali \u015funlar\u0131 kaydetti:<\/p>\n<p class=\"selectionShareable\">&#8220;Cumhurba\u015fkan\u0131 Recep Tayyip Erdo\u011fan hangi dine ait olursa olsun, ibadet yerlerinin nas\u0131l korunabilece\u011fini \u00e7ok iyi bir \u015fekilde g\u00f6sterdi. \u0130stanbul\u2019daki Sveti Stefan kilisesinin onar\u0131m\u0131 buna g\u00fczel bir \u00f6rnek. Erdo\u011fan destek vermezse ba\u015fka kimse destek vermeyecek. Onun s\u00f6z\u00fc kilit \u00f6nem ta\u015f\u0131r. Erdo\u011fan Sveti Stefan Kilisesi konusunda s\u00f6z\u00fcn\u00fc nas\u0131l tuttuysa bizim Ba\u015fbakan\u0131m\u0131z Boyko Borisov\u2019un da \u00f6ncelikli olarak K\u00fcstendil ve Razgrad\u2019daki camilerin onar\u0131m\u0131na destek vermesini bekliyoruz \u00e7\u00fcnk\u00fc bu eserler bizim ortak k\u00fclt\u00fcrel miras\u0131m\u0131zd\u0131r, onu sahiplenmek ortak g\u00f6revimizdir.\u201d<\/p>\n<h3>&#8220;Cami sadece bizim de\u011fil AB&#8217;nin de zenginli\u011fi&#8221;<\/h3>\n<p class=\"selectionShareable\">G\u00fcneybat\u0131da Yunanistan s\u0131n\u0131r\u0131na yak\u0131n Gotze Del\u00e7ev \u015fehrinde de 4 bin M\u00fcsl\u00fcman, 100 ki\u015filik bir mescidde veya \u00f6n\u00fcndeki alanda namaz k\u0131lmak zorunda kal\u0131yor.<\/p><div id=\"bghab-4013807082\" class=\"bghab-icerik-icine-10-paragraf bghab-entity-placement\"><script async src=\"\/\/pagead2.googlesyndication.com\/pagead\/js\/adsbygoogle.js?client=ca-pub-6203283170189293\" crossorigin=\"anonymous\"><\/script><ins class=\"adsbygoogle\" style=\"display:block; text-align:center;\" data-ad-client=\"ca-pub-6203283170189293\" \ndata-ad-slot=\"7303146466\" \ndata-ad-layout=\"in-article\"\ndata-ad-format=\"fluid\" data-full-width-responsive=\"true\"><\/ins>\n<script> \n(adsbygoogle = window.adsbygoogle || []).push({}); \n<\/script>\n<\/div>\n<p class=\"selectionShareable\">B\u00f6lgede 1400&#8217;l\u00fc y\u0131llarda in\u015fa edilen Karaca Pa\u015fa Camisi&#8217;nin kubbesi 2011&#8217;de \u00e7\u00f6kmesinin ard\u0131ndan bak\u0131ms\u0131zl\u0131k nedeniyle \u00e7\u00fcr\u00fcmeye terk edildi. Cami, zaman zaman da \u0131rk\u00e7\u0131 sald\u0131r\u0131lar\u0131n hedefi oluyor.<\/p>\n<p class=\"selectionShareable\">Blagoevgrad B\u00f6lge M\u00fcft\u00fcs\u00fc Ayd\u0131n Muhammed de hangi dine ait olursa olsun ibadet yerlerinin kurulmas\u0131 ve bak\u0131m\u0131n\u0131n yap\u0131lmas\u0131 gerekti\u011fini belirterek, &#8220;Mesela T\u00fcrkiye\u2019deki Sultan Ahmed Camisi sadece T\u00fcrkiye\u2019ye de\u011fil t\u00fcm M\u00fcsl\u00fcmanlara aittir. Bulgaristan\u2019da Osmanl\u0131 eseri Karaca Pa\u015fa gibi camiler sadece bu \u00fclkenin de\u011fil t\u00fcm Avrupa Birli\u011fi\u2019nin (AB) ortak zenginli\u011finin bir par\u00e7as\u0131d\u0131r.&#8221; de\u011ferlendirmesinde bulundu.<\/p>\n<p>&nbsp;<\/p>\n<p>SOFYA &#8211; \u0130hvan Radoykov, AA<\/p>\n<div id=\"bghab-298995302\" class=\"bghab-yazi-altinda bghab-entity-placement\"><div class=\"bghab-adlabel\">Reklamlar<\/div><script async src=\"https:\/\/pagead2.googlesyndication.com\/pagead\/js\/adsbygoogle.js\"><\/script>\r\n<!-- bghaber-yaz\u0131-sonu -->\r\n<ins class=\"adsbygoogle\"\r\n     style=\"display:block\"\r\n     data-ad-client=\"ca-pub-6203283170189293\"\r\n     data-ad-slot=\"4222328180\"\r\n     data-ad-format=\"auto\"\r\n     data-full-width-responsive=\"true\"><\/ins>\r\n<script>\r\n     (adsbygoogle = window.adsbygoogle || []).push({});\r\n<\/script><\/div><br style=\"clear: both; display: block; float: none;\"\/>","protected":false},"excerpt":{"rendered":"<p>Bulgaristan\u2019da minaresi bulunmad\u0131\u011f\u0131 ve \u00e7evresinde arkeolojik alan oldu\u011fu gerek\u00e7esiyle tarihsel an\u0131t ilan edilen 27\u00a0Osmanl\u0131 camisi, y\u0131llard\u0131r restore izni verilmedi\u011fi i\u00e7in bak\u0131ms\u0131zl\u0131k nedeniyle minareleri \u00e7\u00f6km\u00fc\u015f, kap\u0131lar\u0131<\/p>\n","protected":false},"author":29,"featured_media":26945,"comment_status":"closed","ping_status":"closed","sticky":false,"template":"","format":"standard","meta":{"advanced_seo_description":"","jetpack_seo_html_title":"","jetpack_seo_noindex":false,"_jetpack_memberships_contains_paid_content":false,"footnotes":""},"categories":[1,10],"tags":[],"class_list":["post-26944","post","type-post","status-publish","format-standard","has-post-thumbnail","hentry","category-haberler","category-kultur-sanat"],"jetpack_featured_media_url":"https:\/\/i0.wp.com\/www.bghaber.org\/bghaber\/wp-content\/uploads\/2018\/02\/bulgaristanda-camiler.jpg?fit=864%2C574&ssl=1","jetpack_sharing_enabled":true,"jetpack_likes_enabled":true,"jetpack-related-posts":[],"jetpack_shortlink":"https:\/\/wp.me\/pc2PfJ-70A","_links":{"self":[{"href":"https:\/\/www.bghaber.org\/bghaber\/wp-json\/wp\/v2\/posts\/26944","targetHints":{"allow":["GET"]}}],"collection":[{"href":"https:\/\/www.bghaber.org\/bghaber\/wp-json\/wp\/v2\/posts"}],"about":[{"href":"https:\/\/www.bghaber.org\/bghaber\/wp-json\/wp\/v2\/types\/post"}],"author":[{"embeddable":true,"href":"https:\/\/www.bghaber.org\/bghaber\/wp-json\/wp\/v2\/users\/29"}],"replies":[{"embeddable":true,"href":"https:\/\/www.bghaber.org\/bghaber\/wp-json\/wp\/v2\/comments?post=26944"}],"version-history":[{"count":0,"href":"https:\/\/www.bghaber.org\/bghaber\/wp-json\/wp\/v2\/posts\/26944\/revisions"}],"wp:featuredmedia":[{"embeddable":true,"href":"https:\/\/www.bghaber.org\/bghaber\/wp-json\/wp\/v2\/media\/26945"}],"wp:attachment":[{"href":"https:\/\/www.bghaber.org\/bghaber\/wp-json\/wp\/v2\/media?parent=26944"}],"wp:term":[{"taxonomy":"category","embeddable":true,"href":"https:\/\/www.bghaber.org\/bghaber\/wp-json\/wp\/v2\/categories?post=26944"},{"taxonomy":"post_tag","embeddable":true,"href":"https:\/\/www.bghaber.org\/bghaber\/wp-json\/wp\/v2\/tags?post=26944"}],"curies":[{"name":"wp","href":"https:\/\/api.w.org\/{rel}","templated":true}]}}