{"id":26937,"date":"2018-02-07T22:42:33","date_gmt":"2018-02-07T19:42:33","guid":{"rendered":"http:\/\/www.bghaber.org\/bghaber\/?p=26937"},"modified":"2019-07-07T22:54:55","modified_gmt":"2019-07-07T20:54:55","slug":"bulgaristan-kayit-disi-ekonomide-avrupa-birincisi","status":"publish","type":"post","link":"https:\/\/www.bghaber.org\/bghaber\/bulgaristan-kayit-disi-ekonomide-avrupa-birincisi\/","title":{"rendered":"Bulgaristan kay\u0131t d\u0131\u015f\u0131 ekonomide Avrupa birincisi"},"content":{"rendered":"<p>D\u00fcnyan\u0131n 158 \u00fclkesinde kay\u0131t d\u0131\u015f\u0131 ekonominin b\u00fcy\u00fckl\u00fc\u011f\u00fcn\u00fc de\u011ferlendiren Uluslararas\u0131 Para Fonu (IMF) verilerine g\u00f6re Bulgaristan\u2019da 1991-2015 d\u00f6neminde gri ekonominin ortalama seviyesi y\u00fczde 29,17 oran\u0131ndad\u0131r. Bu \u00fclkemizi Balkanlar&#8217;daki ve Avrupa&#8217;daki liderler aras\u0131na yerle\u015ftiriyor ve k\u00fcresel \u00e7apta Afrika&#8217;daki seviyelere yakla\u015f\u0131yoruz.<\/p>\n<p>Y\u0131llar i\u00e7inde gri ekonominin Bulgaristan&#8217;daki pay\u0131 y\u00fczde 20,83 ile y\u00fczde 35,3 aras\u0131nda de\u011fi\u015fti. Avrupa ortalamas\u0131na g\u00f6re Bulgaristan i\u00e7in g\u00f6stergeler son derece y\u00fcksek. Bu g\u00f6stergeler, bizi ayn\u0131 d\u00f6nemde ortalama g\u00f6stergelerinin y\u00fczde 30,14 oldu\u011fu Romanya&#8217;ya yakla\u015ft\u0131r\u0131yor. B\u00f6yle y\u00fcksek gri ekonomi oran\u0131na sahip AB d\u0131\u015f\u0131ndaki Avrupa \u00fclkeleri aras\u0131nda \u00f6n s\u0131ralarda y\u00fczde 38,42 oranla Rusya bulunuyor.<\/p>\n<p>Bulgaristan&#8217;\u0131 d\u00fcnyan\u0131n geri kalan\u0131yla kar\u015f\u0131la\u015ft\u0131r\u0131rsak, veriler rahatlat\u0131c\u0131 olmamal\u0131, \u00e7\u00fcnk\u00fc Afrika \u00fclkeleri ve Pakistan&#8217;a yakla\u015f\u0131yoruz. 2017 verilerine g\u00f6re, Bulgaristan, kay\u0131t d\u0131\u015f\u0131 ekonomide 31 Avrupa \u00fclkesinin ekonomisi aras\u0131nda birinci s\u0131rada bulunuyor. Kay\u0131t d\u0131\u015f\u0131 ekonomi, y\u00fczde 29,6&#8217;l\u0131k pay al\u0131yor ve bu bak\u0131mdan di\u011fer Balkan kom\u015fular\u0131n \u00f6n\u00fcndeyiz. T\u00fcrkiye\u2019de bu oran y\u00fczde 27, 2, H\u0131rvatistan\u2019da y\u00fczde 26,5, Romanya\u2019da ise y\u00fczde 26, 3\u2019t\u00fcr. Son on y\u0131lda ekonomisi ve mali yap\u0131s\u0131 \u00e7\u00f6ken Yunanistan, ge\u00e7en y\u0131l bizden \u00e7ok daha iyi sonu\u00e7lar g\u00f6sterdi. Orada kay\u0131t d\u0131\u015f\u0131 ekonomi y\u00fczde 21, 5 oran\u0131ndad\u0131r. Avrupa&#8217;da kay\u0131t d\u0131\u015f\u0131 ekonomi oran\u0131 en d\u00fc\u015f\u00fck olan \u00fclkeler \u0130svi\u00e7re (y\u00fczde 6), Avusturya (y\u00fczde 7, 1) ve L\u00fcksemburg\u2019dur (y\u00fczde 8, 2). Bu \u00fclkelerin ard\u0131ndan gelen, Bulgaristan&#8217;\u0131n en b\u00fcy\u00fck yabanc\u0131 yat\u0131r\u0131mc\u0131s\u0131 olan Hollanda\u2019da bu oran y\u00fczde 8,4\u2019t\u00fcr.<\/p>\n<p>Ara\u015ft\u0131rmay\u0131 yapanlar, IMF Afrika B\u00f6l\u00fcm\u00fc\u2019nde g\u00f6revli ekonomist Leandro Medina ve Linz&#8217;de bulunan Kepler \u00dcniversitesi&#8217;nde g\u00f6revli ekonomist Friedrich Schneider&#8217;dir.<\/p>\n<p>Ara\u015ft\u0131rma sonu\u00e7lar\u0131, IMF\u2019nin \u201cWorking Papers\u201d (\u00c7al\u0131\u015fma Yaz\u0131lar\u0131) rapor dizisi kapsam\u0131nda yay\u0131nland\u0131. Bu \u00e7al\u0131\u015fma, gri ekonomiyi de\u011ferlendirmek i\u00e7in yeni istatistiksel y\u00f6ntemlerin kullan\u0131ld\u0131\u011f\u0131 ilk anketlerden biridir. 1990&#8217;l\u0131 y\u0131llara kadar ekonomistler genelde gri sekt\u00f6r\u00fc ulusal muhasebe sistemindeki farkl\u0131l\u0131klara dayanarak de\u011ferlendiler ve bir\u00e7ok vakada i\u015fg\u00fcc\u00fc piyasas\u0131 analizi, enerji t\u00fcketimi, para devir h\u0131z\u0131yla ba\u011flant\u0131l\u0131 daha az do\u011fru y\u00f6ntem kulland\u0131lar.<\/p><div id=\"bghab-52239158\" class=\"bghab-icerik-icine bghab-entity-placement\"><script async src=\"\/\/pagead2.googlesyndication.com\/pagead\/js\/adsbygoogle.js?client=ca-pub-6203283170189293\" crossorigin=\"anonymous\"><\/script><ins class=\"adsbygoogle\" style=\"display:block; text-align:center;\" data-ad-client=\"ca-pub-6203283170189293\" \ndata-ad-slot=\"7303146466\" \ndata-ad-layout=\"in-article\"\ndata-ad-format=\"fluid\" data-full-width-responsive=\"true\"><\/ins>\n<script> \n(adsbygoogle = window.adsbygoogle || []).push({}); \n<\/script>\n<\/div>\n<p>&nbsp;<\/p>\n<p>K\u0131rcaali Haber<\/p>\n<div id=\"bghab-2689889730\" class=\"bghab-yazi-altinda bghab-entity-placement\"><script async src=\"https:\/\/pagead2.googlesyndication.com\/pagead\/js\/adsbygoogle.js\"><\/script>\r\n<!-- bghaber-yaz\u0131-sonu -->\r\n<ins class=\"adsbygoogle\"\r\n     style=\"display:block\"\r\n     data-ad-client=\"ca-pub-6203283170189293\"\r\n     data-ad-slot=\"4222328180\"\r\n     data-ad-format=\"auto\"\r\n     data-full-width-responsive=\"true\"><\/ins>\r\n<script>\r\n     (adsbygoogle = window.adsbygoogle || []).push({});\r\n<\/script><\/div><br style=\"clear: both; display: block; float: none;\"\/>","protected":false},"excerpt":{"rendered":"<p>D\u00fcnyan\u0131n 158 \u00fclkesinde kay\u0131t d\u0131\u015f\u0131 ekonominin b\u00fcy\u00fckl\u00fc\u011f\u00fcn\u00fc de\u011ferlendiren Uluslararas\u0131 Para Fonu (IMF) verilerine g\u00f6re Bulgaristan\u2019da 1991-2015 d\u00f6neminde gri ekonominin ortalama seviyesi y\u00fczde 29,17 oran\u0131ndad\u0131r. Bu<\/p>\n","protected":false},"author":29,"featured_media":7371,"comment_status":"closed","ping_status":"closed","sticky":false,"template":"","format":"standard","meta":{"advanced_seo_description":"","jetpack_seo_html_title":"","jetpack_seo_noindex":false,"jetpack_seo_schema_type":"","_jetpack_newsletter_access":"","_jetpack_dont_email_post_to_subs":false,"_jetpack_newsletter_tier_id":0,"_jetpack_memberships_contains_paywalled_content":false,"_jetpack_feature_clip_id":0,"_jetpack_memberships_contains_paid_content":false,"footnotes":"","jetpack_post_was_ever_published":false},"categories":[9,1],"tags":[],"class_list":["post-26937","post","type-post","status-publish","format-standard","has-post-thumbnail","hentry","category-ekonomi","category-haberler"],"jetpack_sharing_enabled":true,"jetpack_likes_enabled":true,"jetpack-related-posts":[],"jetpack_shortlink":"https:\/\/wp.me\/pc2PfJ-70t","jetpack_featured_media_url":"https:\/\/i0.wp.com\/www.bghaber.org\/bghaber\/wp-content\/uploads\/2013\/10\/International-Monetary-Fund-imf.jpg?fit=640%2C480&ssl=1","_links":{"self":[{"href":"https:\/\/www.bghaber.org\/bghaber\/wp-json\/wp\/v2\/posts\/26937","targetHints":{"allow":["GET"]}}],"collection":[{"href":"https:\/\/www.bghaber.org\/bghaber\/wp-json\/wp\/v2\/posts"}],"about":[{"href":"https:\/\/www.bghaber.org\/bghaber\/wp-json\/wp\/v2\/types\/post"}],"author":[{"embeddable":true,"href":"https:\/\/www.bghaber.org\/bghaber\/wp-json\/wp\/v2\/users\/29"}],"replies":[{"embeddable":true,"href":"https:\/\/www.bghaber.org\/bghaber\/wp-json\/wp\/v2\/comments?post=26937"}],"version-history":[{"count":0,"href":"https:\/\/www.bghaber.org\/bghaber\/wp-json\/wp\/v2\/posts\/26937\/revisions"}],"wp:featuredmedia":[{"embeddable":true,"href":"https:\/\/www.bghaber.org\/bghaber\/wp-json\/wp\/v2\/media\/7371"}],"wp:attachment":[{"href":"https:\/\/www.bghaber.org\/bghaber\/wp-json\/wp\/v2\/media?parent=26937"}],"wp:term":[{"taxonomy":"category","embeddable":true,"href":"https:\/\/www.bghaber.org\/bghaber\/wp-json\/wp\/v2\/categories?post=26937"},{"taxonomy":"post_tag","embeddable":true,"href":"https:\/\/www.bghaber.org\/bghaber\/wp-json\/wp\/v2\/tags?post=26937"}],"curies":[{"name":"wp","href":"https:\/\/api.w.org\/{rel}","templated":true}]}}