{"id":26931,"date":"2018-02-07T22:18:01","date_gmt":"2018-02-07T19:18:01","guid":{"rendered":"http:\/\/www.bghaber.org\/bghaber\/?p=26931"},"modified":"2019-07-07T22:54:56","modified_gmt":"2019-07-07T20:54:56","slug":"turkiyenin-mumin-agasi-mezari-basinda-anildi","status":"publish","type":"post","link":"https:\/\/www.bghaber.org\/bghaber\/turkiyenin-mumin-agasi-mezari-basinda-anildi\/","title":{"rendered":"T\u00fcrkiye&#8217;nin M\u00fcmin Aga&#8217;s\u0131 mezar\u0131 ba\u015f\u0131nda an\u0131ld\u0131"},"content":{"rendered":"<p>Soyda\u015flar\u0131n onurlu m\u00fccadelesinin &#8216;Yi\u011fit&#8217; ismi, Balkanlar\u0131n ve T\u00fcrkiye&#8217;nin &#8216;M\u00fcmin Aga&#8217;s\u0131&#8217;, Bal-G\u00f6\u00e7 ve BGF Federasyonu Kurucu Ba\u015fkan\u0131, Bursa sanayisinin duayen ismi, Penguen G\u0131da&#8217;n\u0131n kurucusu, hay\u0131rsever i\u015f adam\u0131, BTSO meclis \u00fcyesi, Bursaspor&#8217;un eski ba\u015fkanlar\u0131ndan, Bursa Milletvekili Merhum M\u00fcmin Gen\u00e7o\u011flu bundan 25 y\u0131l \u00f6nce aram\u0131zdan ayr\u0131ld\u0131. Efsane bir isim olarak haf\u0131zalara ve g\u00f6n\u00fcllere kaz\u0131nan M\u00fcmin Gen\u00e7o\u011flu, vefat\u0131n\u0131n 25. y\u0131ld\u00f6n\u00fcm\u00fcnde Bursa Emirsultan Mezarl\u0131\u011f\u0131&#8217;nda bulunan kabir ba\u015f\u0131nda dualarla an\u0131ld\u0131.<\/p>\n<p>Anma t\u00f6reninde konu\u015fan o\u011flu, Balkan Rumeli T\u00fcrkleri Konfederasyonu Onursal Ba\u015fkan\u0131 ve Gen\u00e7o\u011flu Holding Y\u00f6netim Kurulu Ba\u015fkan\u0131 Turhan Gen\u00e7o\u011flu, &#8220;Babam, \u00fclkemize gelip, burada amelelikten tutun da bir\u00e7ok yerde \u00e7al\u0131\u015fm\u0131\u015f, akabinde ticaret odas\u0131nda g\u00f6reve ba\u015flay\u0131p meclis ba\u015fkanl\u0131\u011f\u0131na kadar y\u00fckselmi\u015f, Bursaspor&#8217;un \u00e7eyrek finale kald\u0131\u011f\u0131 zamanlarda kul\u00fcbe ba\u015fkanl\u0131k yapm\u0131\u015f, Bursa&#8217;ya ve \u00fclkemize \u00e7ok b\u00fcy\u00fck hizmetler vermi\u015ftir. Camiam\u0131z\u0131n kurucusudur. Balg\u00f6\u00e7&#8217;\u00fc kurmu\u015f, Bulgaristan&#8217;da yap\u0131lan mezalimi t\u00fcm d\u00fcnyaya duyurmak amac\u0131yla dava arkada\u015flar\u0131 ile \u00e7ok b\u00fcy\u00fck \u00e7al\u0131\u015fmalar yapm\u0131\u015ft\u0131r. Gerek g\u00f6\u00e7, gerek de g\u00f6\u00e7ten sonra da camiam\u0131z\u0131n geli\u015fmesi i\u00e7in \u00e7ok b\u00fcy\u00fck hizmetler vermi\u015ftir. \u00dclkemize ve y\u00fcce meclisimize hizmet edebilmek amac\u0131yla milletvekilli\u011fi mertebesine ula\u015fm\u0131\u015ft\u0131r. Rahmetli babam\u0131z, M\u00fcmin Agam\u0131z&#8217;\u0131n bug\u00fcn vefat\u0131n\u0131n 25. y\u0131l d\u00f6n\u00fcm\u00fc, bizler de onu an\u0131yoruz. Hepimiz rahmetli babam\u0131 and\u0131\u011f\u0131m\u0131z zaman y\u00fcz\u00fcm\u00fczde tebess\u00fcm olu\u015fuyor. Kabrinde tekrar huzur i\u00e7inde uyusun, rahat uyu rahmetli babam..&#8221; dedi.<\/p>\n<p>Anma t\u00f6renine merhum M\u00fcmin Gen\u00e7o\u011flu\u2019nun o\u011flu Uluda\u011f \u0130hracat\u00e7\u0131 Birlikleri (U\u0130B) Koordinat\u00f6r Ba\u015fkan\u0131 Orhan Gen\u00e7o\u011flu, k\u0131zlar\u0131 Ay\u015fe S\u00f6z\u00fc\u00e7etin, Nurcan G\u00fclerer, B\u00fcy\u00fck\u015fehir Belediye Ba\u015fkan Vekili Abdulkadir Karl\u0131k, Bal-G\u00f6\u00e7 Genel Ba\u015fkan\u0131 Prof. Dr. Y\u00fcksel \u00d6zkan, eski Bursa Valisi Zekai G\u00fcm\u00fc\u015fdi\u015f, eski Bursa Milletvekili Ali Kul ve \u00e7ok say\u0131da sivil toplum \u00f6rg\u00fct\u00fc ve dernek ba\u015fkanlar\u0131, \u00fcyeleri ve sevenleri kat\u0131ld\u0131. okunan dualar\u0131n ard\u0131ndan anmaya kat\u0131lanlar merhum M\u00fcmin Gen\u00e7o\u011flu\u2019nun mezar\u0131na \u00e7i\u00e7ek b\u0131rakt\u0131lar.<\/p>\n<p>&nbsp;<\/p>\n<p>K\u0131rcaali Haber<\/p><div id=\"bghab-4102599714\" class=\"bghab-icerik-icine bghab-entity-placement\"><script async src=\"\/\/pagead2.googlesyndication.com\/pagead\/js\/adsbygoogle.js?client=ca-pub-6203283170189293\" crossorigin=\"anonymous\"><\/script><ins class=\"adsbygoogle\" style=\"display:block; text-align:center;\" data-ad-client=\"ca-pub-6203283170189293\" \ndata-ad-slot=\"7303146466\" \ndata-ad-layout=\"in-article\"\ndata-ad-format=\"fluid\" data-full-width-responsive=\"true\"><\/ins>\n<script> \n(adsbygoogle = window.adsbygoogle || []).push({}); \n<\/script>\n<\/div>\n<div id=\"bghab-1157929876\" class=\"bghab-yazi-altinda bghab-entity-placement\"><div class=\"bghab-adlabel\">Reklamlar<\/div><script async src=\"https:\/\/pagead2.googlesyndication.com\/pagead\/js\/adsbygoogle.js\"><\/script>\r\n<!-- bghaber-yaz\u0131-sonu -->\r\n<ins class=\"adsbygoogle\"\r\n     style=\"display:block\"\r\n     data-ad-client=\"ca-pub-6203283170189293\"\r\n     data-ad-slot=\"4222328180\"\r\n     data-ad-format=\"auto\"\r\n     data-full-width-responsive=\"true\"><\/ins>\r\n<script>\r\n     (adsbygoogle = window.adsbygoogle || []).push({});\r\n<\/script><\/div><br style=\"clear: both; display: block; float: none;\"\/>","protected":false},"excerpt":{"rendered":"<p>Soyda\u015flar\u0131n onurlu m\u00fccadelesinin &#8216;Yi\u011fit&#8217; ismi, Balkanlar\u0131n ve T\u00fcrkiye&#8217;nin &#8216;M\u00fcmin Aga&#8217;s\u0131&#8217;, Bal-G\u00f6\u00e7 ve BGF Federasyonu Kurucu Ba\u015fkan\u0131, Bursa sanayisinin duayen ismi, Penguen G\u0131da&#8217;n\u0131n kurucusu, hay\u0131rsever i\u015f<\/p>\n","protected":false},"author":29,"featured_media":26932,"comment_status":"closed","ping_status":"closed","sticky":false,"template":"","format":"standard","meta":{"advanced_seo_description":"","jetpack_seo_html_title":"","jetpack_seo_noindex":false,"_jetpack_memberships_contains_paid_content":false,"footnotes":""},"categories":[1,10],"tags":[],"class_list":["post-26931","post","type-post","status-publish","format-standard","has-post-thumbnail","hentry","category-haberler","category-kultur-sanat"],"jetpack_featured_media_url":"https:\/\/i0.wp.com\/www.bghaber.org\/bghaber\/wp-content\/uploads\/2018\/02\/mumin-gencoglu-anildi.jpg?fit=1024%2C683&ssl=1","jetpack_sharing_enabled":true,"jetpack_likes_enabled":true,"jetpack-related-posts":[],"jetpack_shortlink":"https:\/\/wp.me\/pc2PfJ-70n","_links":{"self":[{"href":"https:\/\/www.bghaber.org\/bghaber\/wp-json\/wp\/v2\/posts\/26931","targetHints":{"allow":["GET"]}}],"collection":[{"href":"https:\/\/www.bghaber.org\/bghaber\/wp-json\/wp\/v2\/posts"}],"about":[{"href":"https:\/\/www.bghaber.org\/bghaber\/wp-json\/wp\/v2\/types\/post"}],"author":[{"embeddable":true,"href":"https:\/\/www.bghaber.org\/bghaber\/wp-json\/wp\/v2\/users\/29"}],"replies":[{"embeddable":true,"href":"https:\/\/www.bghaber.org\/bghaber\/wp-json\/wp\/v2\/comments?post=26931"}],"version-history":[{"count":0,"href":"https:\/\/www.bghaber.org\/bghaber\/wp-json\/wp\/v2\/posts\/26931\/revisions"}],"wp:featuredmedia":[{"embeddable":true,"href":"https:\/\/www.bghaber.org\/bghaber\/wp-json\/wp\/v2\/media\/26932"}],"wp:attachment":[{"href":"https:\/\/www.bghaber.org\/bghaber\/wp-json\/wp\/v2\/media?parent=26931"}],"wp:term":[{"taxonomy":"category","embeddable":true,"href":"https:\/\/www.bghaber.org\/bghaber\/wp-json\/wp\/v2\/categories?post=26931"},{"taxonomy":"post_tag","embeddable":true,"href":"https:\/\/www.bghaber.org\/bghaber\/wp-json\/wp\/v2\/tags?post=26931"}],"curies":[{"name":"wp","href":"https:\/\/api.w.org\/{rel}","templated":true}]}}