{"id":26928,"date":"2018-02-07T22:00:54","date_gmt":"2018-02-07T19:00:54","guid":{"rendered":"http:\/\/www.bghaber.org\/bghaber\/?p=26928"},"modified":"2019-07-07T22:54:56","modified_gmt":"2019-07-07T20:54:56","slug":"anadili-gunu-munasebetiyle-siir-yarismasi-duzenleniyor","status":"publish","type":"post","link":"https:\/\/www.bghaber.org\/bghaber\/anadili-gunu-munasebetiyle-siir-yarismasi-duzenleniyor\/","title":{"rendered":"Anadili G\u00fcn\u00fc M\u00fcnasebetiyle \u015eiir Yar\u0131\u015fmas\u0131 D\u00fczenleniyor"},"content":{"rendered":"<p>G\u00fcney Bulgaristan T\u00fcrk\u00e7e \u00d6\u011fretmenleri Derne\u011fi ve K\u0131rcaali \u00d6mer L\u00fctfi K\u00fclt\u00fcr Derne\u011fi<b>\u00a0\u201c21 \u015eubat Uluslararas\u0131 Anadili G\u00fcn\u00fc\u201d<\/b>\u00a0vesilesiyle bir \u015fiir yar\u0131\u015fmas\u0131 d\u00fczenliyor.<\/p>\n<p>K\u00fclt\u00fcr\u00fcn nesilden nesile aktar\u0131lmas\u0131, ya\u015famas\u0131 ve geli\u015fmesi dil sayesinde m\u00fcmk\u00fcn olabilmektedir. Milletleri meydana getiren unsurlar\u0131n ba\u015f\u0131nda gelen dil, ayn\u0131 zamanda k\u00fclt\u00fcr\u00fcn olu\u015fmas\u0131 ve ya\u015famas\u0131nda da en b\u00fcy\u00fck g\u00f6revi \u00fcstlenmi\u015f durumdad\u0131r.<\/p>\n<p>Ana dilimiz T\u00fcrk\u00e7e ile ilgili tart\u0131\u015fmalar\u0131n, engellemelerin ve zorluklar\u0131n yo\u011fun olarak ya\u015fand\u0131\u011f\u0131 bu g\u00fcnlerde G\u00fcney Bulgaristan T\u00fcrk\u00e7e \u00d6\u011fretmenleri Derne\u011fi ve K\u0131rcaali \u00d6mer L\u00fctfi K\u00fclt\u00fcr Derne\u011fi\u00a0<b>T\u00fcrk\u00e7e \u015eiir Yar\u0131\u015fmas\u0131\u00a0<\/b>d\u00fczenlemektedir.<\/p>\n<p>Bu yar\u0131\u015fman\u0131n amac\u0131 \u00f6\u011frencilerimize, gen\u00e7lerimize, velilerimize, \u00f6\u011fretmenlerimize ana dilinin \u00f6nemini ve de\u011ferini vurgulamak, ana dilimize sahip \u00e7\u0131k\u0131lmas\u0131n\u0131, do\u011fru \u00f6\u011frenilmesini, \u00f6\u011fretilmesini, kullan\u0131lmas\u0131n\u0131 ve korunmas\u0131n\u0131 sa\u011flamakt\u0131r. Bu konuda insanlara sorumluluklar\u0131n\u0131 an\u0131msatmak, ana dilinin sevilmesi ve ona bilin\u00e7le sahip \u00e7\u0131k\u0131lmas\u0131 konusunda insanlar\u0131 g\u00f6reve \u00e7a\u011f\u0131rmak, daha duyarl\u0131 olmalar\u0131 gerekti\u011fini anlatmak.<\/p>\n<p>Ana dilimiz T\u00fcrk\u00e7enin unutulmas\u0131n\u0131n, unutturulmas\u0131n\u0131n hatta yok olmas\u0131n\u0131n \u00f6n\u00fcne ge\u00e7mek, do\u011fru, d\u00fczg\u00fcn \u00f6\u011frenilmesini ve kullan\u0131lmas\u0131n\u0131 desteklemektir.<\/p><div id=\"bghab-3515266280\" class=\"bghab-icerik-icine bghab-entity-placement\"><script async src=\"\/\/pagead2.googlesyndication.com\/pagead\/js\/adsbygoogle.js?client=ca-pub-6203283170189293\" crossorigin=\"anonymous\"><\/script><ins class=\"adsbygoogle\" style=\"display:block; text-align:center;\" data-ad-client=\"ca-pub-6203283170189293\" \ndata-ad-slot=\"7303146466\" \ndata-ad-layout=\"in-article\"\ndata-ad-format=\"fluid\" data-full-width-responsive=\"true\"><\/ins>\n<script> \n(adsbygoogle = window.adsbygoogle || []).push({}); \n<\/script>\n<\/div>\n<p>Velilerden \u00e7ocuklar\u0131n\u0131n ana dillerini \u00f6\u011frenme konusunda daha sorumlu ve duyarl\u0131 olmalar\u0131n\u0131, ana dillerine sahip \u00e7\u0131kmalar\u0131n\u0131 ve bilin\u00e7lenmelerini bekliyor, \u00e7ocuklar\u0131n ve gen\u00e7lerin ana dillerini do\u011fru \u00f6\u011frenmelerini, do\u011fru kullanmalar\u0131n\u0131, sevmelerini ve benimsemelerini hedefliyoruz.<\/p>\n<p>Dolay\u0131s\u0131yla t\u00fcm \u00e7ocuklar\u0131m\u0131za ve gen\u00e7lerimize bu yar\u0131\u015fmaya kat\u0131lma \u00e7a\u011fr\u0131s\u0131nda bulunuyoruz.<\/p>\n<p><b>Kat\u0131l\u0131m \u015eartlar\u0131:<\/b><\/p>\n<p>\u2022 \u015eiir konusu serbst<br \/>\n\u2022 Yar\u0131\u015fmaya Bulgaristan genelinde 8\u201318 ya\u015f aras\u0131 \u00f6\u011frenci ve gen\u00e7ler kat\u0131labilir.<br \/>\n\u2022 Eserler T\u00fcrk\u00e7e yaz\u0131lmal\u0131.<br \/>\n\u2022 Eserler okunakl\u0131 olmal\u0131d\u0131r<br \/>\n\u2022 Eserin sonunda yar\u0131\u015fmac\u0131n\u0131n ad\u0131, soyad\u0131, ya\u015f\u0131, \u015fehri\/k\u00f6y\u00fc, okulu ve telefon numaras\u0131 yaz\u0131lmal\u0131d\u0131r.<br \/>\n\u2022 Her yar\u0131\u015fmac\u0131 birden \u00e7ok eserle de kat\u0131labilir.<br \/>\n\u2022 Yaz\u0131lar bir komisyon taraf\u0131ndan de\u011ferlendirilecek. Dereceye giren yar\u0131\u015fmac\u0131lara \u00f6d\u00fcl verilecek.<br \/>\n\u2022 Yaz\u0131lar\u0131n\u0131z a\u015fa\u011f\u0131daki adrese 20.02.2018 tarihine kadar g\u00f6nderilmeli.<\/p>\n<p><b>Adres:<\/b><\/p><div id=\"bghab-1572039002\" class=\"bghab-icerik-icine-10-paragraf bghab-entity-placement\"><script async src=\"\/\/pagead2.googlesyndication.com\/pagead\/js\/adsbygoogle.js?client=ca-pub-6203283170189293\" crossorigin=\"anonymous\"><\/script><ins class=\"adsbygoogle\" style=\"display:block; text-align:center;\" data-ad-client=\"ca-pub-6203283170189293\" \ndata-ad-slot=\"7303146466\" \ndata-ad-layout=\"in-article\"\ndata-ad-format=\"fluid\" data-full-width-responsive=\"true\"><\/ins>\n<script> \n(adsbygoogle = window.adsbygoogle || []).push({}); \n<\/script>\n<\/div>\n<p>K\u0131rcali 6600, ul. \u201cBelasitsa\u201d, No 1<br \/>\nG\u00fcney Bulgaristan T\u00fcrk\u00e7e \u00d6\u011fretmenleri Derne\u011fi<br \/>\nE-mail: turkder.bg@gmail.com<\/p>\n<p>&nbsp;<\/p>\n<p>K\u0131rcaali Haber<\/p>\n<div id=\"bghab-1227566781\" class=\"bghab-yazi-altinda bghab-entity-placement\"><div class=\"bghab-adlabel\">Reklamlar<\/div><script async src=\"https:\/\/pagead2.googlesyndication.com\/pagead\/js\/adsbygoogle.js\"><\/script>\r\n<!-- bghaber-yaz\u0131-sonu -->\r\n<ins class=\"adsbygoogle\"\r\n     style=\"display:block\"\r\n     data-ad-client=\"ca-pub-6203283170189293\"\r\n     data-ad-slot=\"4222328180\"\r\n     data-ad-format=\"auto\"\r\n     data-full-width-responsive=\"true\"><\/ins>\r\n<script>\r\n     (adsbygoogle = window.adsbygoogle || []).push({});\r\n<\/script><\/div><br style=\"clear: both; display: block; float: none;\"\/>","protected":false},"excerpt":{"rendered":"<p>G\u00fcney Bulgaristan T\u00fcrk\u00e7e \u00d6\u011fretmenleri Derne\u011fi ve K\u0131rcaali \u00d6mer L\u00fctfi K\u00fclt\u00fcr Derne\u011fi\u00a0\u201c21 \u015eubat Uluslararas\u0131 Anadili G\u00fcn\u00fc\u201d\u00a0vesilesiyle bir \u015fiir yar\u0131\u015fmas\u0131 d\u00fczenliyor. K\u00fclt\u00fcr\u00fcn nesilden nesile aktar\u0131lmas\u0131, ya\u015famas\u0131 ve<\/p>\n","protected":false},"author":29,"featured_media":26929,"comment_status":"closed","ping_status":"closed","sticky":false,"template":"","format":"standard","meta":{"advanced_seo_description":"","jetpack_seo_html_title":"","jetpack_seo_noindex":false,"_jetpack_memberships_contains_paid_content":false,"footnotes":""},"categories":[10],"tags":[],"class_list":["post-26928","post","type-post","status-publish","format-standard","has-post-thumbnail","hentry","category-kultur-sanat"],"jetpack_featured_media_url":"https:\/\/i0.wp.com\/www.bghaber.org\/bghaber\/wp-content\/uploads\/2018\/02\/21-subat-dunya-anadili-gunu.jpg?fit=960%2C720&ssl=1","jetpack_sharing_enabled":true,"jetpack_likes_enabled":true,"jetpack-related-posts":[],"jetpack_shortlink":"https:\/\/wp.me\/pc2PfJ-70k","_links":{"self":[{"href":"https:\/\/www.bghaber.org\/bghaber\/wp-json\/wp\/v2\/posts\/26928","targetHints":{"allow":["GET"]}}],"collection":[{"href":"https:\/\/www.bghaber.org\/bghaber\/wp-json\/wp\/v2\/posts"}],"about":[{"href":"https:\/\/www.bghaber.org\/bghaber\/wp-json\/wp\/v2\/types\/post"}],"author":[{"embeddable":true,"href":"https:\/\/www.bghaber.org\/bghaber\/wp-json\/wp\/v2\/users\/29"}],"replies":[{"embeddable":true,"href":"https:\/\/www.bghaber.org\/bghaber\/wp-json\/wp\/v2\/comments?post=26928"}],"version-history":[{"count":0,"href":"https:\/\/www.bghaber.org\/bghaber\/wp-json\/wp\/v2\/posts\/26928\/revisions"}],"wp:featuredmedia":[{"embeddable":true,"href":"https:\/\/www.bghaber.org\/bghaber\/wp-json\/wp\/v2\/media\/26929"}],"wp:attachment":[{"href":"https:\/\/www.bghaber.org\/bghaber\/wp-json\/wp\/v2\/media?parent=26928"}],"wp:term":[{"taxonomy":"category","embeddable":true,"href":"https:\/\/www.bghaber.org\/bghaber\/wp-json\/wp\/v2\/categories?post=26928"},{"taxonomy":"post_tag","embeddable":true,"href":"https:\/\/www.bghaber.org\/bghaber\/wp-json\/wp\/v2\/tags?post=26928"}],"curies":[{"name":"wp","href":"https:\/\/api.w.org\/{rel}","templated":true}]}}