{"id":26922,"date":"2018-02-07T21:52:13","date_gmt":"2018-02-07T18:52:13","guid":{"rendered":"http:\/\/www.bghaber.org\/bghaber\/?p=26922"},"modified":"2018-02-07T23:09:53","modified_gmt":"2018-02-07T20:09:53","slug":"ilk-turk-ozel-ucak-bombasi-fabrikasinin-kurucusu-bulgaristanli","status":"publish","type":"post","link":"https:\/\/www.bghaber.org\/bghaber\/ilk-turk-ozel-ucak-bombasi-fabrikasinin-kurucusu-bulgaristanli\/","title":{"rendered":"\u0130lk T\u00fcrk \u00f6zel &#8216;u\u00e7ak bombas\u0131&#8217; fabrikas\u0131n\u0131n kurucusu Bulgaristan&#8217;l\u0131"},"content":{"rendered":"<p>Savunma sanayi alan\u0131nda \u00fcretim yapan, T\u00fcrkiye&#8217;nin ilk ve en b\u00fcy\u00fck \u00f6zel sekt\u00f6r fabrikas\u0131n\u0131n temelleri 1925 y\u0131l\u0131nda \u0130stanbul, Hali\u00e7&#8217;te at\u0131ld\u0131. Fabrika, T\u00fcrk giri\u015fimci \u015eakir Z\u00fcmre taraf\u0131ndan ve tamam\u0131 yerli sermaye ile kuruldu.<\/p>\n<p>Fabrikan\u0131n kurucusu \u015eakir Z\u00fcmre, 1885 Varna do\u011fumludur. Bulgaristan&#8217; daki T\u00fcrkler i\u00e7inde Avrupa&#8217;ya e\u011fitim g\u00f6rebilme olana\u011f\u0131 bulan ilk T\u00fcrk gen\u00e7lerden biridir. Varna&#8217;a ilk ve ortaokulu bitirdikten sonra lise ve y\u00fcksek e\u011fitimini Cenevre&#8217;e tamamlad\u0131. 1908&#8217;e Cenevre&#8217;e hukuk fak\u00fcltesinden mezun oldu. Birinci D\u00fcnya Sava\u015f\u0131&#8217;da, Varna T\u00fcrk milletvekili olarak Bulgar Parlamentosu&#8217; da bulundu. Ve o y\u0131llarda Sofya&#8217;a g\u00f6revli bulunan, T\u00fcrk Askeri Ata\u015fe, Yarbay Mustafa Kemal Bey (Atat\u00fcrk) ile yak\u0131n arkada\u015fl\u0131k kurdu.<\/p>\n<p><img data-recalc-dims=\"1\" loading=\"lazy\" decoding=\"async\" class=\"\" src=\"https:\/\/i0.wp.com\/kokpit.aero\/\/image\/data\/sakir.jpg?resize=640%2C466\" alt=\"\" width=\"640\" height=\"466\" \/><\/p>\n<p><strong>\u0130ST\u0130KLAL MADALYALI SANAY\u0130C\u0130M\u0130Z<\/strong><\/p>\n<p>\u015eakir Z\u00fcmre ile Atat\u00fcrk aras\u0131nda Sofya&#8217;da ba\u015flayan yak\u0131n arkada\u015fl\u0131k ve dostluk, T\u00fcrkiye&#8217;nin Ulusal Ba\u011f\u0131ms\u0131zl\u0131k Sava\u015f\u0131 y\u0131llar\u0131nda da artarak devam etti. Mare\u015fal Fevzi \u00c7akmak&#8217;\u0131&#8217; yak\u0131n akrabas\u0131 olan \u015eakir Z\u00fcmre, Anadolu&#8217;da ba\u011f\u0131ms\u0131zl\u0131k sava\u015f\u0131 veren ulusal g\u00fc\u00e7lere, yurt d\u0131\u015f\u0131ndan silah ve cephane g\u00f6ndererek, imalat-\u0131 Harbiye&#8221; konusunda uzman, usta ve teknisyen bularak hizmet etti. Bu hizmetlerinin kar\u015f\u0131l\u0131\u011f\u0131nda TBMM taraf\u0131ndan \u0130stikl\u00e2l Madalyas\u0131 ile \u00f6d\u00fcllendirildi.<\/p>\n<p><img data-recalc-dims=\"1\" loading=\"lazy\" decoding=\"async\" class=\"alignleft\" src=\"https:\/\/i0.wp.com\/kokpit.aero\/\/image\/data\/60118.jpg?resize=145%2C180\" alt=\"\" width=\"145\" height=\"180\" \/><\/p>\n<p>B\u00fcy\u00fck zaferin kazan\u0131lmas\u0131ndan ve cumhuriyetin ilan\u0131ndan sonra Bulgaristan&#8217; dan ayr\u0131larak T\u00fcrkiye&#8217;ye geldi. Atat\u00fcrk&#8217;\u00fcn uygun g\u00f6rmesiyle T\u00fcrkiye&#8217;nin savunma sanayinde ilk \u00f6zel sekt\u00f6r fabrikas\u0131n\u0131 kurdu.<\/p><div id=\"bghab-279945745\" class=\"bghab-icerik-icine bghab-entity-placement\"><script async src=\"\/\/pagead2.googlesyndication.com\/pagead\/js\/adsbygoogle.js?client=ca-pub-6203283170189293\" crossorigin=\"anonymous\"><\/script><ins class=\"adsbygoogle\" style=\"display:block; text-align:center;\" data-ad-client=\"ca-pub-6203283170189293\" \ndata-ad-slot=\"7303146466\" \ndata-ad-layout=\"in-article\"\ndata-ad-format=\"fluid\" data-full-width-responsive=\"true\"><\/ins>\n<script> \n(adsbygoogle = window.adsbygoogle || []).push({}); \n<\/script>\n<\/div>\n<p>\u015eakir Z\u00fcmre uzun y\u0131llar T\u00fcrk ordusunun gereksinimi olan silah ve cephanelerin \u00fcretimini yapt\u0131. \u015eakir Z\u00fcmre Bulgaristan&#8217; dan getirilen yabanc\u0131 usta ve teknisyenler ile ilk yap\u0131ma ba\u015flam\u0131\u015f ve k\u0131sa bir s\u00fcre sonra fabrikada yerli i\u015f\u00e7i ve usta yeti\u015ftirmeyi ba\u015farabilmi\u015fti. Ve 30&#8217;lu y\u0131llarda art\u0131k fabrikan\u0131n t\u00fcm personeli T\u00fcrkler&#8217;den olu\u015fmaktayd\u0131. Fabrikan\u0131n \u00e7al\u0131\u015fmalar\u0131 ise art\u0131k \u00e7ok daha geni\u015f bir alana yay\u0131lm\u0131\u015ft\u0131.<\/p>\n<p><img data-recalc-dims=\"1\" loading=\"lazy\" decoding=\"async\" class=\"\" src=\"https:\/\/i0.wp.com\/kokpit.aero\/\/image\/data\/7hs5.jpg?resize=640%2C464\" alt=\"\" width=\"640\" height=\"464\" \/><\/p>\n<p>T\u00fcrk ordusunun Hava Kuvvetleri&#8217;nin ilk cephane gereksinimleri \u015eakir Z\u00fcmre Fabrikas\u0131 taraf\u0131ndan \u00fcretilmi\u015ftir. Bu bombalara ait kullanma bi\u00e7imleri \u015eakir Z\u00fcmre Fabrikas\u0131&#8217;n\u0131n teknik ekibi taraf\u0131ndan projelendirilerek &#8220;tarifnameleri&#8221; haz\u0131rlanm\u0131\u015f ve 1939 y\u0131l\u0131nda kitap olarak \u015eakir Z\u00fcmre taraf\u0131ndan yay\u0131mlanm\u0131\u015ft\u0131r. T\u00fcrk ordusuna ait \u0130malat-\u0131 Harbiye Fabrikalar\u0131, \u015eakir Z\u00fcmre Fabrikas\u0131 ile m\u00fc\u015fterek silah \u00fcretimi ve revizyonlar yapm\u0131\u015ft\u0131r.<\/p>\n<p>&nbsp;<\/p>\n<p><strong>\u0130LK YERL\u0130 U\u00c7AK BOMBALARI<\/strong><\/p>\n<p>T\u00fcrk Hava Kuvvetleri&#8217;ne ait ilk bombard\u0131man u\u00e7aklar\u0131n\u0131n kulland\u0131\u011f\u0131 ilk bombalar T\u00fcrk mal\u0131d\u0131r ve b\u00fcy\u00fck bir b\u00f6l\u00fcm\u00fc \u015eakir Z\u00fcmre Fabrikas\u0131&#8217;nda \u00fcretilmi\u015ftir. 100 kg, 300 kg, 500 kg, ve 1000 kg .&#8217;l\u0131k u\u00e7ak bombalar\u0131 ve \u00e7e\u015fitli yang\u0131n bombalar\u0131 bu fabrikada seri olarak \u00fcretilmi\u015ftir.<\/p><div id=\"bghab-3884832480\" class=\"bghab-icerik-icine-10-paragraf bghab-entity-placement\"><script async src=\"\/\/pagead2.googlesyndication.com\/pagead\/js\/adsbygoogle.js?client=ca-pub-6203283170189293\" crossorigin=\"anonymous\"><\/script><ins class=\"adsbygoogle\" style=\"display:block; text-align:center;\" data-ad-client=\"ca-pub-6203283170189293\" \ndata-ad-slot=\"7303146466\" \ndata-ad-layout=\"in-article\"\ndata-ad-format=\"fluid\" data-full-width-responsive=\"true\"><\/ins>\n<script> \n(adsbygoogle = window.adsbygoogle || []).push({}); \n<\/script>\n<\/div>\n<p>T\u00fcrk Deniz Kuvvetleri&#8217;nin gereksinimi olan \u00e7e\u015fitli boylardaki su bombalar\u0131 ve cephaneler de fabrikan\u0131n seri \u00fcretimleri aras\u0131ndad\u0131r. \u0130lk T\u00fcrk denizalt\u0131 su bombalar\u0131 da bu fabrikada \u00fcretilmi\u015ftir.<\/p>\n<p><img data-recalc-dims=\"1\" loading=\"lazy\" decoding=\"async\" class=\"\" src=\"https:\/\/i0.wp.com\/kokpit.aero\/\/image\/data\/8jh0.jpg?resize=640%2C462\" alt=\"\" width=\"640\" height=\"462\" \/><\/p>\n<p>T\u00fcrk Kara Kuvvetleri&#8217;nin gereksinimi olan silah ve cephaneler, e\u011fitim bombalar\u0131, i\u015faret ve ayd\u0131nlatma fi\u015fekleri ve bu fi\u015fekleri ate\u015flemeye yarayan silahlar \u015eakir Z\u00fcmre Fabrikas\u0131&#8217;n\u0131n en \u00e7ok \u00fcretti\u011fi \u00fcr\u00fcnlerden olup el bombas\u0131ndan top kamas\u0131na ve \u00e7e\u015fitli \u00e7aplarda kara may\u0131nlar\u0131na de\u011fin, T\u00fcrk ordusunun gereksinimi olan \u00e7e\u015fitli cephaneler, bu fabrikada T\u00fcrk teknisyen ve ustalar taraf\u0131ndan yap\u0131lm\u0131\u015ft\u0131.<\/p>\n<p><img data-recalc-dims=\"1\" loading=\"lazy\" decoding=\"async\" class=\"aligncenter\" src=\"https:\/\/i0.wp.com\/kokpit.aero\/\/image\/data\/6sakir.jpg?resize=530%2C383\" alt=\"\" width=\"530\" height=\"383\" \/><\/p>\n<p>\u015eakir Z\u00fcmre Fabrikas\u0131 \u00e7e\u015fitli \u00fclkelerden sipari\u015fler alm\u0131\u015f ve yurt d\u0131\u015f\u0131na da \u00fcretimler yapm\u0131\u015ft\u0131r. \u0130hracat yapt\u0131\u011f\u0131 \u00fclkelerden kimileri Yunanistan, Bulgaristan, Polonya ve M\u0131s\u0131r&#8217;d\u0131r. Yunan ordusunun &#8220;bomba&#8221; gereksinimini kar\u015f\u0131lamak \u00fczere 1937 y\u0131l\u0131n\u0131n \u015eubat ay\u0131nda Yunanistan&#8217;la yap\u0131lan 1,5 milyon liral\u0131k &#8220;i\u015f s\u00f6zle\u015fmesi&#8221;, T\u00fcrkiye&#8217;de b\u00fcy\u00fck bir ekonomik zafer olarak de\u011ferlendirilmi\u015f ve gazetelerimizin birinci sayfalar\u0131nda \u00f6nemli haberler aras\u0131nda yer alm\u0131\u015ft\u0131r:<\/p>\n<p>Harp Sanayimizin B\u00fcy\u00fck Bir Zaferi&#8230; Yunanistan bizden 1,5 milyon liral\u0131k bomba sat\u0131n al\u0131yor&#8221; ba\u015fl\u0131\u011f\u0131yla bildirilen haberde, d\u00f6nemin Yunanistan Ba\u015fbakan\u0131 General Metaksas&#8217;\u0131n \u015fu s\u00f6zlerine de ver verilmektedir:<\/p>\n<p>&#8220;Bombalar\u0131n iyili\u011fine oldu\u011fu kadar, ne bizim taraf\u0131m\u0131zdan T\u00fcrkiye&#8217;ye ne de T\u00fcrkiye taraf\u0131ndan bize kar\u015f\u0131 kullan\u0131lmayaca\u011f\u0131 na da itimad\u0131m\u0131z vard\u0131r.&#8221;<\/p><div id=\"bghab-3277551128\" class=\"bghab-icerik-icine-15-paragraf bghab-entity-placement\"><script async src=\"\/\/pagead2.googlesyndication.com\/pagead\/js\/adsbygoogle.js?client=ca-pub-6203283170189293\" crossorigin=\"anonymous\"><\/script><ins class=\"adsbygoogle\" style=\"display:block; text-align:center;\" data-ad-client=\"ca-pub-6203283170189293\" \ndata-ad-slot=\"7303146466\" \ndata-ad-layout=\"in-article\"\ndata-ad-format=\"fluid\" data-full-width-responsive=\"true\"><\/ins>\n<script> \n(adsbygoogle = window.adsbygoogle || []).push({}); \n<\/script>\n<\/div>\n<p><img data-recalc-dims=\"1\" loading=\"lazy\" decoding=\"async\" class=\"aligncenter\" src=\"https:\/\/i0.wp.com\/kokpit.aero\/\/image\/data\/22jb0.jpg?resize=383%2C285\" alt=\"\" width=\"383\" height=\"285\" \/><\/p>\n<p><strong>U\u00c7AK BOMBALARINI POLONYA SATIN ALDI<\/strong><\/p>\n<p>\u015eakir Z\u00fcmre Fabrikas\u0131&#8217;nda \u00fcretilen u\u00e7ak bombalar\u0131 Alman sald\u0131r\u0131s\u0131 kar\u015f\u0131s\u0131nda, hava kuvvetlerini g\u00fc\u00e7lendirmek amac\u0131yla Polonya taraf\u0131ndan da sat\u0131n al\u0131nm\u0131\u015ft\u0131r.<\/p>\n<p>T\u00fcrk Savunma Sanayi Tarihi&#8217;nde \u00f6nemli ve \u015ferefli bir yere sahip olan bu fabrika, \u00fclkemize \u00e7ok b\u00fcy\u00fck ve unutulmaz hizmetlerde bulundu.<\/p>\n<p>\u00d6zellikle \u0130kinci D\u00fcnya Sava\u015f\u0131&#8217;n\u0131n yokluklarla dolu y\u0131llar\u0131nda, ordumuzun silah ve cephane gereksinimini kar\u015f\u0131layabilmek i\u00e7in yo\u011fun bir bi\u00e7imde \u00e7al\u0131\u015ft\u0131. \u0130kinci D\u00fcnya Sava\u015f\u0131 y\u0131llar\u0131nda fabrikada \u00e7al\u0131\u015fan i\u015f\u00e7i say\u0131s\u0131n\u0131n 2 bine \u00e7\u0131kt\u0131\u011f\u0131 zamanlar olmu\u015ftu. Bu y\u0131llarda fabrikan\u0131n en b\u00fcy\u00fck sorunlar\u0131ndan biri, uluslararas\u0131 ula\u015f\u0131m yollar\u0131n\u0131n kapal\u0131 ve abluka alt\u0131nda olmas\u0131 dolay\u0131s\u0131yla fabrikan\u0131n hammadde, teknik alet ve makine gereksinimlerinin kar\u015f\u0131lanamamas\u0131yd\u0131.<\/p>\n<p><img data-recalc-dims=\"1\" loading=\"lazy\" decoding=\"async\" class=\"\" src=\"https:\/\/i0.wp.com\/kokpit.aero\/\/image\/data\/2942010191825.jpg?resize=640%2C448\" alt=\"\" width=\"640\" height=\"448\" \/><\/p>\n<p><strong>MARSHAL YARDIMLARI ONU B\u0130T\u0130RD\u0130<\/strong><\/p><div id=\"bghab-3321803855\" class=\"bghab-icerik-icine-20-paragraf bghab-entity-placement\"><script async src=\"\/\/pagead2.googlesyndication.com\/pagead\/js\/adsbygoogle.js?client=ca-pub-6203283170189293\" crossorigin=\"anonymous\"><\/script><ins class=\"adsbygoogle\" style=\"display:block; text-align:center;\" data-ad-client=\"ca-pub-6203283170189293\" \ndata-ad-slot=\"7303146466\" \ndata-ad-layout=\"in-article\"\ndata-ad-format=\"fluid\" data-full-width-responsive=\"true\"><\/ins>\n<script> \n(adsbygoogle = window.adsbygoogle || []).push({}); \n<\/script>\n<\/div>\n<p>\u0130kinci D\u00fcnya Sava\u015f\u0131&#8217;n\u0131n bitmesi ve T\u00fcrkiye&#8217;ye yap\u0131lan Amerikan silah yard\u0131mlar\u0131ndan sonra \u015eakir Z\u00fcmre Fabrikas\u0131 savunma sanayi \u00fcretimlerine son vermek zorunda kalm\u0131\u015ft\u0131. Bu tarihten sonra tar\u0131m aletleri, pik malzemeden yap\u0131lm\u0131\u015f s\u0131hhi tesisat malzemeleri, elektrik kofralar\u0131 gibi \u00fcr\u00fcnlerle \u00fcretimine devam etmi\u015ftir. \u0130\u015f Bankas\u0131 kumbaralar\u0131, \u015eakir Z\u00fcmre&#8217;nin uzun y\u0131llar \u00fcretti\u011fi \u00fcr\u00fcnlerden biriydi. T\u00fcrk \u00f6zel sekt\u00f6r\u00fcnde \u00fcretilen, mazotla \u00e7al\u0131\u015fan, 5 beygir g\u00fcc\u00fcnde ilk motor da \u015eakir Z\u00fcmre Fabrikas\u0131&#8217;nda \u00fcretilmi\u015ftir.<\/p>\n<p><img data-recalc-dims=\"1\" loading=\"lazy\" decoding=\"async\" class=\"aligncenter\" src=\"https:\/\/i0.wp.com\/kokpit.aero\/\/image\/data\/sakirzumre3.jpg?resize=404%2C277\" alt=\"\" width=\"404\" height=\"277\" \/><\/p>\n<p>&#8220;\u015eakir Z\u00fcmre&#8221; ad\u0131n\u0131 bir marka bi\u00e7imine getiren ve T\u00fcrk halk\u0131n\u0131n belle\u011finde iz b\u0131rakt\u0131ran, \u00fcretmi\u015f oldu\u011fu \u00fcnl\u00fc \u015eakir Z\u00fcmre sobalar\u0131d\u0131r. Bu sobalar, T\u00fcrk halk\u0131n\u0131n sosyal s\u0131n\u0131flar\u0131n\u0131n zevk ve gereksinimine g\u00f6re \u00fcretilmi\u015fti. Zonguldak, Z\u00fcmre, A\u011fa\u00e7l\u0131, Alman, \u00c7iftlik ve K\u00f6yl\u00fc modeli bir \u015eakir Z\u00fcmre soba klasi\u011fidir. Halk aras\u0131nda &#8220;kuzine&#8221; denilen f\u0131r\u0131n olarak da kullan\u0131labilen soba en \u00e7ok ilgi g\u00f6ren modellerden biriydi.<\/p>\n<p>Fabrika, 1946 Haziran\u0131&#8217;nda anonim \u015firkete d\u00f6n\u00fc\u015ft\u00fcr\u00fclm\u00fc\u015f, kurucusu \u015eakir Z\u00fcmre&#8217;nin 16 Haziran 1966&#8217;da ya\u015fam\u0131n\u0131 yitirmesinden sonra 1970 y\u0131l\u0131nda kapat\u0131lm\u0131\u015ft\u0131r.<\/p>\n<p>&nbsp;<\/p>\n<p>Nedim AKIN, bghaber<\/p><div id=\"bghab-3824487574\" class=\"bghab-icerik-icine-25-paragraf bghab-entity-placement\"><script async src=\"\/\/pagead2.googlesyndication.com\/pagead\/js\/adsbygoogle.js?client=ca-pub-6203283170189293\" crossorigin=\"anonymous\"><\/script><ins class=\"adsbygoogle\" style=\"display:block; text-align:center;\" data-ad-client=\"ca-pub-6203283170189293\" \ndata-ad-slot=\"7303146466\" \ndata-ad-layout=\"in-article\"\ndata-ad-format=\"fluid\" data-full-width-responsive=\"true\"><\/ins>\n<script> \n(adsbygoogle = window.adsbygoogle || []).push({}); \n<\/script>\n<\/div>\n<div id=\"bghab-1699080127\" class=\"bghab-yazi-altinda bghab-entity-placement\"><div class=\"bghab-adlabel\">Reklamlar<\/div><script async src=\"https:\/\/pagead2.googlesyndication.com\/pagead\/js\/adsbygoogle.js\"><\/script>\r\n<!-- bghaber-yaz\u0131-sonu -->\r\n<ins class=\"adsbygoogle\"\r\n     style=\"display:block\"\r\n     data-ad-client=\"ca-pub-6203283170189293\"\r\n     data-ad-slot=\"4222328180\"\r\n     data-ad-format=\"auto\"\r\n     data-full-width-responsive=\"true\"><\/ins>\r\n<script>\r\n     (adsbygoogle = window.adsbygoogle || []).push({});\r\n<\/script><\/div><br style=\"clear: both; display: block; float: none;\"\/>","protected":false},"excerpt":{"rendered":"<p>Savunma sanayi alan\u0131nda \u00fcretim yapan, T\u00fcrkiye&#8217;nin ilk ve en b\u00fcy\u00fck \u00f6zel sekt\u00f6r fabrikas\u0131n\u0131n temelleri 1925 y\u0131l\u0131nda \u0130stanbul, Hali\u00e7&#8217;te at\u0131ld\u0131. Fabrika, T\u00fcrk giri\u015fimci \u015eakir Z\u00fcmre taraf\u0131ndan<\/p>\n","protected":false},"author":13,"featured_media":26924,"comment_status":"closed","ping_status":"closed","sticky":false,"template":"","format":"standard","meta":{"advanced_seo_description":"","jetpack_seo_html_title":"","jetpack_seo_noindex":false,"_jetpack_memberships_contains_paid_content":false,"footnotes":""},"categories":[9,1],"tags":[],"class_list":["post-26922","post","type-post","status-publish","format-standard","has-post-thumbnail","hentry","category-ekonomi","category-haberler"],"jetpack_featured_media_url":"https:\/\/i0.wp.com\/www.bghaber.org\/bghaber\/wp-content\/uploads\/2018\/02\/ucak-bg.jpg?fit=600%2C320&ssl=1","jetpack_sharing_enabled":true,"jetpack_likes_enabled":true,"jetpack-related-posts":[],"jetpack_shortlink":"https:\/\/wp.me\/pc2PfJ-70e","_links":{"self":[{"href":"https:\/\/www.bghaber.org\/bghaber\/wp-json\/wp\/v2\/posts\/26922","targetHints":{"allow":["GET"]}}],"collection":[{"href":"https:\/\/www.bghaber.org\/bghaber\/wp-json\/wp\/v2\/posts"}],"about":[{"href":"https:\/\/www.bghaber.org\/bghaber\/wp-json\/wp\/v2\/types\/post"}],"author":[{"embeddable":true,"href":"https:\/\/www.bghaber.org\/bghaber\/wp-json\/wp\/v2\/users\/13"}],"replies":[{"embeddable":true,"href":"https:\/\/www.bghaber.org\/bghaber\/wp-json\/wp\/v2\/comments?post=26922"}],"version-history":[{"count":0,"href":"https:\/\/www.bghaber.org\/bghaber\/wp-json\/wp\/v2\/posts\/26922\/revisions"}],"wp:featuredmedia":[{"embeddable":true,"href":"https:\/\/www.bghaber.org\/bghaber\/wp-json\/wp\/v2\/media\/26924"}],"wp:attachment":[{"href":"https:\/\/www.bghaber.org\/bghaber\/wp-json\/wp\/v2\/media?parent=26922"}],"wp:term":[{"taxonomy":"category","embeddable":true,"href":"https:\/\/www.bghaber.org\/bghaber\/wp-json\/wp\/v2\/categories?post=26922"},{"taxonomy":"post_tag","embeddable":true,"href":"https:\/\/www.bghaber.org\/bghaber\/wp-json\/wp\/v2\/tags?post=26922"}],"curies":[{"name":"wp","href":"https:\/\/api.w.org\/{rel}","templated":true}]}}