{"id":26921,"date":"2018-02-07T21:53:21","date_gmt":"2018-02-07T18:53:21","guid":{"rendered":"http:\/\/www.bghaber.org\/bghaber\/?p=26921"},"modified":"2019-07-07T22:54:56","modified_gmt":"2019-07-07T20:54:56","slug":"bulgaristan-turkiye-arasinda-9-ayda-291-milyar-euro-ticaret","status":"publish","type":"post","link":"https:\/\/www.bghaber.org\/bghaber\/bulgaristan-turkiye-arasinda-9-ayda-291-milyar-euro-ticaret\/","title":{"rendered":"Bulgaristan &#8211; T\u00fcrkiye aras\u0131nda 9 ayda 2,91 Milyar Euro ticaret"},"content":{"rendered":"<p>Bulgaristan Ba\u015fbakan\u0131 Boyko Borisov, T\u00fcrkiye ile Bulgaristan aras\u0131nda 9 ayda 2.91 milyar Euro ticaret yap\u0131ld\u0131\u011f\u0131n\u0131 da ifade etti<\/p>\n<p>Ekonomi Bakan\u0131\u00a0<strong>Nihat Zeybek\u00e7i<\/strong>\u00a0bug\u00fcn, Sofya\u2019ya giderek Bulgaristan Ba\u015fbakan\u0131 Boyko Borisov\u2019u, Ba\u015fbakan Yard\u0131mc\u0131s\u0131 ve D\u0131\u015fi\u015fleri Bakan\u0131 Ekaterina Zaharieva ile Ekonomi Bakan\u0131 Emil Karanikolov\u2019u ziyaret etti. Yapt\u0131\u011f\u0131 ziyaretten olduk\u00e7a memnun kalan Zeybek\u00e7i, ziyaret sonucunda ger\u00e7ekle\u015fenleri sosyal medya hesaplar\u0131 \u00fczerinden payla\u015ft\u0131.<\/p>\n<p>T\u00fcrkiye\u2019nin AB ile g\u00fcmr\u00fck ili\u015fkilerini tazelemek amac\u0131 ile g\u00fcmr\u00fck birli\u011fi anla\u015fmas\u0131n\u0131n yenilenmesi i\u00e7in y\u00fczde 100 destek verdi\u011fini s\u00f6yleyen Bulgaristan Ba\u015fbakan\u0131 Boyko Borisov, T\u00fcrkiye ile Bulgaristan aras\u0131nda 9 ayda 2.91 milyar Euro ticaret yap\u0131ld\u0131\u011f\u0131n\u0131 da ifade etti.<\/p>\n<p>Bulgaristan\u2019\u0131n T\u00fcrkiye a\u00e7\u0131s\u0131ndan AB ile g\u00fcmr\u00fck birli\u011fi anla\u015fmas\u0131n\u0131n yenilenmesinde \u00f6nemli bir rol oynad\u0131\u011f\u0131n\u0131 ve T\u00fcrkiye a\u00e7\u0131s\u0131ndan bir \u015fans oldu\u011funu ifade eden Zeybek\u00e7i, Haziran ay\u0131na kadar Bulgaristan ile s\u0131k s\u0131k g\u00f6r\u00fc\u015feceklerini dile getirdi.<\/p>\n<p><strong>Ekaterina Zaharieva: Menfaatle Dayal\u0131 B\u00fct\u00fcn Alanlarda \u0130\u015fbirli\u011fine \u00d6nem Veriyoruz<\/strong><\/p><div id=\"bghab-1485898578\" class=\"bghab-icerik-icine bghab-entity-placement\"><script async src=\"\/\/pagead2.googlesyndication.com\/pagead\/js\/adsbygoogle.js?client=ca-pub-6203283170189293\" crossorigin=\"anonymous\"><\/script><ins class=\"adsbygoogle\" style=\"display:block; text-align:center;\" data-ad-client=\"ca-pub-6203283170189293\" \ndata-ad-slot=\"7303146466\" \ndata-ad-layout=\"in-article\"\ndata-ad-format=\"fluid\" data-full-width-responsive=\"true\"><\/ins>\n<script> \n(adsbygoogle = window.adsbygoogle || []).push({}); \n<\/script>\n<\/div>\n<p>Bulgaristan Ba\u015fbakan\u0131\u00a0<strong>Boyko Borisov<\/strong>\u2019dan sonra D\u0131\u015fi\u015fleri Bakan\u0131 Ekaterina Zaharieva ile g\u00f6r\u00fc\u015fen Zeybek\u00e7i, burada da T\u00fcrkiye ile Bulgaristan aras\u0131nda i\u015fbirli\u011fine dayanan pozitif bir ili\u015fkinin yer ald\u0131\u011f\u0131n\u0131 ifade etti.<\/p>\n<p>Bakan Zaharieva ise menfaate dayal\u0131 olan b\u00fct\u00fcn alanlarda i\u015fbirli\u011fine \u00f6nem verdiklerini ifade etti. \u0130ki \u00fclke a\u00e7\u0131s\u0131ndan da yat\u0131r\u0131m olanaklar\u0131n\u0131n artt\u0131r\u0131labilmesi ve i\u015f sekt\u00f6r\u00fcn\u00fcn yak\u0131nla\u015fabilmesi i\u00e7in pozitif olaylara odaklan\u0131lmas\u0131 gerekti\u011fini vurgulayan Zaharieva, 2017 y\u0131l\u0131n\u0131n ilk 9 ay\u0131nda T\u00fcrkiye ile aralar\u0131nda ger\u00e7ekle\u015fen ticaretin olduk\u00e7a olumlu bir \u015fekilde yap\u0131ld\u0131\u011f\u0131n\u0131 ve ge\u00e7en y\u0131la oranla yap\u0131lan ticaret hacminde art\u0131\u015f ya\u015fand\u0131\u011f\u0131n\u0131 s\u00f6yledi.<\/p>\n<p>Ekonomi Bakan\u0131 Nihat Zeybek\u00e7i ve Bulgaristan D\u0131\u015fi\u015fleri Bakan\u0131 Zaharieva, T\u00fcrkiye ile Bulgaristan\u2019\u0131n hayvanc\u0131l\u0131k, turizm, ula\u015f\u0131m, yat\u0131r\u0131m enerji ve enerji altyap\u0131lar\u0131 konusunda i\u015fbirli\u011fi i\u00e7erisinde olmas\u0131 gerekti\u011fini ifade etti.<\/p>\n<p>&nbsp;<\/p>\n<p>Damla Kap\u0131c\u0131o\u011flu, Ekonomi7<\/p><div id=\"bghab-3372441643\" class=\"bghab-icerik-icine-10-paragraf bghab-entity-placement\"><script async src=\"\/\/pagead2.googlesyndication.com\/pagead\/js\/adsbygoogle.js?client=ca-pub-6203283170189293\" crossorigin=\"anonymous\"><\/script><ins class=\"adsbygoogle\" style=\"display:block; text-align:center;\" data-ad-client=\"ca-pub-6203283170189293\" \ndata-ad-slot=\"7303146466\" \ndata-ad-layout=\"in-article\"\ndata-ad-format=\"fluid\" data-full-width-responsive=\"true\"><\/ins>\n<script> \n(adsbygoogle = window.adsbygoogle || []).push({}); \n<\/script>\n<\/div>\n<div id=\"bghab-4033804889\" class=\"bghab-yazi-altinda bghab-entity-placement\"><div class=\"bghab-adlabel\">Reklamlar<\/div><script async src=\"https:\/\/pagead2.googlesyndication.com\/pagead\/js\/adsbygoogle.js\"><\/script>\r\n<!-- bghaber-yaz\u0131-sonu -->\r\n<ins class=\"adsbygoogle\"\r\n     style=\"display:block\"\r\n     data-ad-client=\"ca-pub-6203283170189293\"\r\n     data-ad-slot=\"4222328180\"\r\n     data-ad-format=\"auto\"\r\n     data-full-width-responsive=\"true\"><\/ins>\r\n<script>\r\n     (adsbygoogle = window.adsbygoogle || []).push({});\r\n<\/script><\/div><br style=\"clear: both; display: block; float: none;\"\/>","protected":false},"excerpt":{"rendered":"<p>Bulgaristan Ba\u015fbakan\u0131 Boyko Borisov, T\u00fcrkiye ile Bulgaristan aras\u0131nda 9 ayda 2.91 milyar Euro ticaret yap\u0131ld\u0131\u011f\u0131n\u0131 da ifade etti Ekonomi Bakan\u0131\u00a0Nihat Zeybek\u00e7i\u00a0bug\u00fcn, Sofya\u2019ya giderek Bulgaristan Ba\u015fbakan\u0131<\/p>\n","protected":false},"author":29,"featured_media":26923,"comment_status":"closed","ping_status":"closed","sticky":false,"template":"","format":"standard","meta":{"advanced_seo_description":"","jetpack_seo_html_title":"","jetpack_seo_noindex":false,"_jetpack_memberships_contains_paid_content":false,"footnotes":""},"categories":[9,1],"tags":[],"class_list":["post-26921","post","type-post","status-publish","format-standard","has-post-thumbnail","hentry","category-ekonomi","category-haberler"],"jetpack_featured_media_url":"https:\/\/i0.wp.com\/www.bghaber.org\/bghaber\/wp-content\/uploads\/2018\/02\/bulgaristan-ile-turkiye-arasinda-9-ayda-2-milyar-euro-ticaret.jpg?fit=800%2C454&ssl=1","jetpack_sharing_enabled":true,"jetpack_likes_enabled":true,"jetpack-related-posts":[],"jetpack_shortlink":"https:\/\/wp.me\/pc2PfJ-70d","_links":{"self":[{"href":"https:\/\/www.bghaber.org\/bghaber\/wp-json\/wp\/v2\/posts\/26921","targetHints":{"allow":["GET"]}}],"collection":[{"href":"https:\/\/www.bghaber.org\/bghaber\/wp-json\/wp\/v2\/posts"}],"about":[{"href":"https:\/\/www.bghaber.org\/bghaber\/wp-json\/wp\/v2\/types\/post"}],"author":[{"embeddable":true,"href":"https:\/\/www.bghaber.org\/bghaber\/wp-json\/wp\/v2\/users\/29"}],"replies":[{"embeddable":true,"href":"https:\/\/www.bghaber.org\/bghaber\/wp-json\/wp\/v2\/comments?post=26921"}],"version-history":[{"count":0,"href":"https:\/\/www.bghaber.org\/bghaber\/wp-json\/wp\/v2\/posts\/26921\/revisions"}],"wp:featuredmedia":[{"embeddable":true,"href":"https:\/\/www.bghaber.org\/bghaber\/wp-json\/wp\/v2\/media\/26923"}],"wp:attachment":[{"href":"https:\/\/www.bghaber.org\/bghaber\/wp-json\/wp\/v2\/media?parent=26921"}],"wp:term":[{"taxonomy":"category","embeddable":true,"href":"https:\/\/www.bghaber.org\/bghaber\/wp-json\/wp\/v2\/categories?post=26921"},{"taxonomy":"post_tag","embeddable":true,"href":"https:\/\/www.bghaber.org\/bghaber\/wp-json\/wp\/v2\/tags?post=26921"}],"curies":[{"name":"wp","href":"https:\/\/api.w.org\/{rel}","templated":true}]}}