{"id":26918,"date":"2018-02-07T21:43:55","date_gmt":"2018-02-07T18:43:55","guid":{"rendered":"http:\/\/www.bghaber.org\/bghaber\/?p=26918"},"modified":"2019-07-07T22:54:56","modified_gmt":"2019-07-07T20:54:56","slug":"genc-atletler-bulgaristanda-sahne-alacak","status":"publish","type":"post","link":"https:\/\/www.bghaber.org\/bghaber\/genc-atletler-bulgaristanda-sahne-alacak\/","title":{"rendered":"Gen\u00e7 atletler Bulgaristan\u2019da sahne alacak"},"content":{"rendered":"<p>Bulgaristan\u2019\u0131n Ba\u015fkenti Sofya\u2019da 10 \u015eubat 2018 tarihinde yap\u0131lacak olan U20 Balkan Gen\u00e7ler Atletizm \u015eampiyonas\u0131\u2019nda T\u00fcrkiye\u2019yi 16 kad\u0131n, 16 erkek sporcu temsil edecek.<\/p>\n<p>Balkan \u015eampiyonas\u0131&#8217;nda kad\u0131nlarda; Eda Nur K\u0131l\u0131\u00e7 60m, Yasemin Zehra B\u00f6rek\u00e7i, Dilara Aylin 400 m, Medine \u00d6kte, \u015eevval \u00d6zdo\u011fan 800 m, Hacer Y\u0131lmaz 1500 m, Urkun I\u015f\u0131k, R\u00fcmeysa Co\u015fkun 3000 m, \u015eevval Ayaz 60 m engelli, R\u00fcmeysa \u00d6ktem, Buse Sava\u015fkan Y\u00fcksek Atlama, S\u00fcmeyye K\u0131nar S\u0131r\u0131kla Atlama, Gizem Akg\u00f6z Uzun Atlama, Aysel Y\u0131lmaz G\u00fclle Atma, Yasemin Zehra B\u00f6rek\u00e7i, Dilara Aylin G\u00fcm\u00fcrd\u00fcl\u00fc, Eda Nur K\u0131l\u0131\u00e7, Eda Nur Korkmaz ve Medine \u00d6kte 4&#215;400 metrede kad\u0131n milli tak\u0131m\u0131n\u0131 temsil edecek.<\/p>\n<p>Erkeklerde ise, Mustafa Onur Sad\u0131ko\u011flu, A\u015fk\u0131n Sadi A\u015fk\u0131n 60 m, \u0130lyas \u00c7anak\u00e7\u0131, Ahmet Kasap 400 m, Mehmet \u00c7elik 800 m, Murat Yal\u00e7\u0131nkaya, Abdullah \u00d6zdemir 1500 m, \u00d6mer Ama\u00e7tan, \u0130slam Ta\u015f\u00e7\u0131 3000 m, Emrah Bozkurt 60 m engelli, Enes Can Bayraktaro\u011flu Y\u00fcksek Atlama, Yunus Emre K\u0131z\u0131l S\u0131r\u0131kla Atlama, H\u00fcseyin Ocak Uzun Atlama, Batuhan \u00c7ak\u0131r \u00dc\u00e7l\u00fc Atlama (Triple Jump), Alperen Karahan G\u00fclle Atma, \u0130lyas \u00c7anak\u00e7\u0131, Ahmet Kasap, Mehmet \u00c7elik ve \u00d6mer Karl\u0131da\u011f 4&#215;400 metrede milli tak\u0131m\u0131 temsil edecek.<\/p>\n<p>&nbsp;<\/p>\n<p>\u0130HA<\/p><div id=\"bghab-1125589529\" class=\"bghab-icerik-icine bghab-entity-placement\"><script async src=\"\/\/pagead2.googlesyndication.com\/pagead\/js\/adsbygoogle.js?client=ca-pub-6203283170189293\" crossorigin=\"anonymous\"><\/script><ins class=\"adsbygoogle\" style=\"display:block; text-align:center;\" data-ad-client=\"ca-pub-6203283170189293\" \ndata-ad-slot=\"7303146466\" \ndata-ad-layout=\"in-article\"\ndata-ad-format=\"fluid\" data-full-width-responsive=\"true\"><\/ins>\n<script> \n(adsbygoogle = window.adsbygoogle || []).push({}); \n<\/script>\n<\/div>\n<div id=\"bghab-1244326983\" class=\"bghab-yazi-altinda bghab-entity-placement\"><div class=\"bghab-adlabel\">Reklamlar<\/div><script async src=\"https:\/\/pagead2.googlesyndication.com\/pagead\/js\/adsbygoogle.js\"><\/script>\r\n<!-- bghaber-yaz\u0131-sonu -->\r\n<ins class=\"adsbygoogle\"\r\n     style=\"display:block\"\r\n     data-ad-client=\"ca-pub-6203283170189293\"\r\n     data-ad-slot=\"4222328180\"\r\n     data-ad-format=\"auto\"\r\n     data-full-width-responsive=\"true\"><\/ins>\r\n<script>\r\n     (adsbygoogle = window.adsbygoogle || []).push({});\r\n<\/script><\/div><br style=\"clear: both; display: block; float: none;\"\/>","protected":false},"excerpt":{"rendered":"<p>Bulgaristan\u2019\u0131n Ba\u015fkenti Sofya\u2019da 10 \u015eubat 2018 tarihinde yap\u0131lacak olan U20 Balkan Gen\u00e7ler Atletizm \u015eampiyonas\u0131\u2019nda T\u00fcrkiye\u2019yi 16 kad\u0131n, 16 erkek sporcu temsil edecek. Balkan \u015eampiyonas\u0131&#8217;nda kad\u0131nlarda;<\/p>\n","protected":false},"author":29,"featured_media":26919,"comment_status":"closed","ping_status":"closed","sticky":false,"template":"","format":"standard","meta":{"advanced_seo_description":"","jetpack_seo_html_title":"","jetpack_seo_noindex":false,"_jetpack_memberships_contains_paid_content":false,"footnotes":""},"categories":[7],"tags":[],"class_list":["post-26918","post","type-post","status-publish","format-standard","has-post-thumbnail","hentry","category-saglik-spor"],"jetpack_featured_media_url":"https:\/\/i0.wp.com\/www.bghaber.org\/bghaber\/wp-content\/uploads\/2018\/02\/atlet-spor.jpg?fit=980%2C551&ssl=1","jetpack_sharing_enabled":true,"jetpack_likes_enabled":true,"jetpack-related-posts":[],"jetpack_shortlink":"https:\/\/wp.me\/pc2PfJ-70a","_links":{"self":[{"href":"https:\/\/www.bghaber.org\/bghaber\/wp-json\/wp\/v2\/posts\/26918","targetHints":{"allow":["GET"]}}],"collection":[{"href":"https:\/\/www.bghaber.org\/bghaber\/wp-json\/wp\/v2\/posts"}],"about":[{"href":"https:\/\/www.bghaber.org\/bghaber\/wp-json\/wp\/v2\/types\/post"}],"author":[{"embeddable":true,"href":"https:\/\/www.bghaber.org\/bghaber\/wp-json\/wp\/v2\/users\/29"}],"replies":[{"embeddable":true,"href":"https:\/\/www.bghaber.org\/bghaber\/wp-json\/wp\/v2\/comments?post=26918"}],"version-history":[{"count":0,"href":"https:\/\/www.bghaber.org\/bghaber\/wp-json\/wp\/v2\/posts\/26918\/revisions"}],"wp:featuredmedia":[{"embeddable":true,"href":"https:\/\/www.bghaber.org\/bghaber\/wp-json\/wp\/v2\/media\/26919"}],"wp:attachment":[{"href":"https:\/\/www.bghaber.org\/bghaber\/wp-json\/wp\/v2\/media?parent=26918"}],"wp:term":[{"taxonomy":"category","embeddable":true,"href":"https:\/\/www.bghaber.org\/bghaber\/wp-json\/wp\/v2\/categories?post=26918"},{"taxonomy":"post_tag","embeddable":true,"href":"https:\/\/www.bghaber.org\/bghaber\/wp-json\/wp\/v2\/tags?post=26918"}],"curies":[{"name":"wp","href":"https:\/\/api.w.org\/{rel}","templated":true}]}}