{"id":26916,"date":"2018-02-07T21:41:18","date_gmt":"2018-02-07T18:41:18","guid":{"rendered":"http:\/\/www.bghaber.org\/bghaber\/?p=26916"},"modified":"2019-07-07T22:54:56","modified_gmt":"2019-07-07T20:54:56","slug":"erdogan-tusk-juncker-ve-borisovla-bir-araya-gelecek","status":"publish","type":"post","link":"https:\/\/www.bghaber.org\/bghaber\/erdogan-tusk-juncker-ve-borisovla-bir-araya-gelecek\/","title":{"rendered":"Erdo\u011fan, Tusk, Juncker ve Borisov&#8217;la bir araya gelecek"},"content":{"rendered":"<p>Avrupa Birli\u011fi (AB) Konseyi Ba\u015fkan\u0131 Donald Tusk, AB Komisyonu Ba\u015fkan\u0131 Jean-Claude Juncker ve AB Konseyi D\u00f6nem Ba\u015fkan\u0131 olan Bulgaristan\u2019\u0131n Ba\u015fbakan\u0131 Boyko Borisov, 26 Mart\u2019ta Bulgaristan\u2019\u0131n Varna kentinde Cumhurba\u015fkan\u0131 Recep Tayyip Erdo\u011fan\u2019la bir araya gelecek.<\/p>\n<p>AB Konseyi S\u00f6zc\u00fcs\u00fc Preben Aaman, Twitter hesab\u0131ndan Tusk ve Juncker\u2019in Erdo\u011fan\u2019a yazd\u0131\u011f\u0131 mektubu yay\u0131nlad\u0131.<\/p>\n<p>Buna g\u00f6re, Juncker, Tusk ve \u00fclkesinin AB D\u00f6nem Ba\u015fkan\u0131 olmas\u0131 nedeniye Borisov, 26 Mart\u2019ta Varna\u2019da Erdo\u011fan ile g\u00f6r\u00fc\u015fecek.<\/p>\n<p>Mektupta liderler, ge\u00e7en y\u0131l 25 May\u0131s\u2019ta Erdo\u011fan, Tusk ve Juncker aras\u0131nda Br\u00fcksel\u2019de yap\u0131lan toplant\u0131y\u0131 hat\u0131rlatarak, sonras\u0131nda da ula\u015f\u0131m, ekonomik i\u015f birli\u011fi, ter\u00f6rle m\u00fccadele ve d\u0131\u015f politika gibi konularda \u00fcst d\u00fczey g\u00f6r\u00fc\u015fmeler yap\u0131ld\u0131\u011f\u0131n\u0131 an\u0131msatt\u0131.<\/p>\n<p>T\u00fcrkiye\u2019nin AB \u00fcyesi \u00fclkeler ile geli\u015ftirdi\u011fi ili\u015fkilerin memnuniyetle kar\u015f\u0131land\u0131\u011f\u0131na yer verilen mektupta, liderler aras\u0131ndaki g\u00f6r\u00fc\u015fmenin 26 Mart\u2019ta \u00e7al\u0131\u015fma yeme\u011fi \u015feklinde ger\u00e7ekle\u015ftirilmesi hususunda AB Konseyi Ba\u015fkanl\u0131\u011f\u0131n\u0131n mutab\u0131k kald\u0131\u011f\u0131 bildirildi.<\/p><div id=\"bghab-3404031477\" class=\"bghab-icerik-icine bghab-entity-placement\"><script async src=\"\/\/pagead2.googlesyndication.com\/pagead\/js\/adsbygoogle.js?client=ca-pub-6203283170189293\" crossorigin=\"anonymous\"><\/script><ins class=\"adsbygoogle\" style=\"display:block; text-align:center;\" data-ad-client=\"ca-pub-6203283170189293\" \ndata-ad-slot=\"7303146466\" \ndata-ad-layout=\"in-article\"\ndata-ad-format=\"fluid\" data-full-width-responsive=\"true\"><\/ins>\n<script> \n(adsbygoogle = window.adsbygoogle || []).push({}); \n<\/script>\n<\/div>\n<p>Mektupta, s\u00f6z konusu g\u00f6r\u00fc\u015fmenin ortak \u00e7\u0131karlar\u0131n belirlenmesi ve T\u00fcrkiye\u2019deki son geli\u015fmelerin ele al\u0131nmas\u0131 a\u00e7\u0131s\u0131ndan iyi bir f\u0131rsat oldu\u011funa de\u011finilerek, g\u00f6r\u00fc\u015fmenin, ayn\u0131 zamanda ili\u015fkilerin nas\u0131l daha ileriye ta\u015f\u0131nabilece\u011finin belirlenmesine de hizmet edece\u011fine i\u015faret edildi.<\/p>\n<p>&nbsp;<\/p>\n<p>AA<\/p>\n<div id=\"bghab-1538622630\" class=\"bghab-yazi-altinda bghab-entity-placement\"><div class=\"bghab-adlabel\">Reklamlar<\/div><script async src=\"https:\/\/pagead2.googlesyndication.com\/pagead\/js\/adsbygoogle.js\"><\/script>\r\n<!-- bghaber-yaz\u0131-sonu -->\r\n<ins class=\"adsbygoogle\"\r\n     style=\"display:block\"\r\n     data-ad-client=\"ca-pub-6203283170189293\"\r\n     data-ad-slot=\"4222328180\"\r\n     data-ad-format=\"auto\"\r\n     data-full-width-responsive=\"true\"><\/ins>\r\n<script>\r\n     (adsbygoogle = window.adsbygoogle || []).push({});\r\n<\/script><\/div><br style=\"clear: both; display: block; float: none;\"\/>","protected":false},"excerpt":{"rendered":"<p>Avrupa Birli\u011fi (AB) Konseyi Ba\u015fkan\u0131 Donald Tusk, AB Komisyonu Ba\u015fkan\u0131 Jean-Claude Juncker ve AB Konseyi D\u00f6nem Ba\u015fkan\u0131 olan Bulgaristan\u2019\u0131n Ba\u015fbakan\u0131 Boyko Borisov, 26 Mart\u2019ta Bulgaristan\u2019\u0131n<\/p>\n","protected":false},"author":29,"featured_media":16312,"comment_status":"closed","ping_status":"closed","sticky":false,"template":"","format":"standard","meta":{"advanced_seo_description":"","jetpack_seo_html_title":"","jetpack_seo_noindex":false,"_jetpack_memberships_contains_paid_content":false,"footnotes":""},"categories":[1,4],"tags":[],"class_list":["post-26916","post","type-post","status-publish","format-standard","has-post-thumbnail","hentry","category-haberler","category-siyaset"],"jetpack_featured_media_url":"https:\/\/i0.wp.com\/www.bghaber.org\/bghaber\/wp-content\/uploads\/2015\/09\/cumhur_baskani_recep_tayyip_erdogan_30_agustos_zafer_bayramini_kutlayan_bir_mesaj_yayimladi_h2455.jpg?fit=620%2C300&ssl=1","jetpack_sharing_enabled":true,"jetpack_likes_enabled":true,"jetpack-related-posts":[],"jetpack_shortlink":"https:\/\/wp.me\/pc2PfJ-708","_links":{"self":[{"href":"https:\/\/www.bghaber.org\/bghaber\/wp-json\/wp\/v2\/posts\/26916","targetHints":{"allow":["GET"]}}],"collection":[{"href":"https:\/\/www.bghaber.org\/bghaber\/wp-json\/wp\/v2\/posts"}],"about":[{"href":"https:\/\/www.bghaber.org\/bghaber\/wp-json\/wp\/v2\/types\/post"}],"author":[{"embeddable":true,"href":"https:\/\/www.bghaber.org\/bghaber\/wp-json\/wp\/v2\/users\/29"}],"replies":[{"embeddable":true,"href":"https:\/\/www.bghaber.org\/bghaber\/wp-json\/wp\/v2\/comments?post=26916"}],"version-history":[{"count":0,"href":"https:\/\/www.bghaber.org\/bghaber\/wp-json\/wp\/v2\/posts\/26916\/revisions"}],"wp:featuredmedia":[{"embeddable":true,"href":"https:\/\/www.bghaber.org\/bghaber\/wp-json\/wp\/v2\/media\/16312"}],"wp:attachment":[{"href":"https:\/\/www.bghaber.org\/bghaber\/wp-json\/wp\/v2\/media?parent=26916"}],"wp:term":[{"taxonomy":"category","embeddable":true,"href":"https:\/\/www.bghaber.org\/bghaber\/wp-json\/wp\/v2\/categories?post=26916"},{"taxonomy":"post_tag","embeddable":true,"href":"https:\/\/www.bghaber.org\/bghaber\/wp-json\/wp\/v2\/tags?post=26916"}],"curies":[{"name":"wp","href":"https:\/\/api.w.org\/{rel}","templated":true}]}}