{"id":26914,"date":"2018-02-07T21:35:18","date_gmt":"2018-02-07T18:35:18","guid":{"rendered":"http:\/\/www.bghaber.org\/bghaber\/?p=26914"},"modified":"2019-07-07T22:54:56","modified_gmt":"2019-07-07T20:54:56","slug":"bulgaristanda-cifte-vatandaslik-tartismasi","status":"publish","type":"post","link":"https:\/\/www.bghaber.org\/bghaber\/bulgaristanda-cifte-vatandaslik-tartismasi\/","title":{"rendered":"Bulgaristan\u2019da \u00e7ifte vatanda\u015fl\u0131k tart\u0131\u015fmas\u0131"},"content":{"rendered":"<p>Bulgar parlamentosunun bug\u00fcnk\u00fc oturumunda T\u00fcrkiye&#8217;de ya\u015fayan ve \u00e7ifte vatanda\u015fl\u0131\u011fa sahip Bulgaristan g\u00f6\u00e7menlerinin yak\u0131nlar\u0131na da vatanda\u015fl\u0131k verilmesi teklifi tart\u0131\u015fmalara sebep oldu.<\/p>\n<p>\u00dcyelerinin \u00e7o\u011funlu\u011funu \u00fclkedeki T\u00fcrklerin olu\u015fturdu\u011fu Hak ve \u00d6zg\u00fcrl\u00fckler Hareketi Partisi (H\u00d6H) taraf\u0131ndan parlamentoya ta\u015f\u0131nan teklif oylamaya sunuldu.<\/p>\n<p>H\u00d6H&#8217;\u00fcn teklifine a\u015f\u0131r\u0131 tepki g\u00f6steren di\u011fer siyasi parti milletvekilleri \u201cret\u201d oyu kulland\u0131.<\/p>\n<p>H\u00d6H, Bulgar Vatanda\u015fl\u0131\u011f\u0131 Yasas\u0131&#8217;nda de\u011fi\u015fiklik yap\u0131larak, 1990 y\u0131l\u0131 \u00f6ncesinde ikili g\u00f6\u00e7 anla\u015fmalar\u0131 ile T\u00fcrkiye&#8217;ye yerle\u015fen Bulgaristan do\u011fumlu T\u00fcrklere tekrar Bulgar vatanda\u015fl\u0131\u011f\u0131 verilmesini istiyor.<\/p>\n<p>&nbsp;<\/p><div id=\"bghab-4240098782\" class=\"bghab-icerik-icine bghab-entity-placement\"><script async src=\"\/\/pagead2.googlesyndication.com\/pagead\/js\/adsbygoogle.js?client=ca-pub-6203283170189293\" crossorigin=\"anonymous\"><\/script><ins class=\"adsbygoogle\" style=\"display:block; text-align:center;\" data-ad-client=\"ca-pub-6203283170189293\" \ndata-ad-slot=\"7303146466\" \ndata-ad-layout=\"in-article\"\ndata-ad-format=\"fluid\" data-full-width-responsive=\"true\"><\/ins>\n<script> \n(adsbygoogle = window.adsbygoogle || []).push({}); \n<\/script>\n<\/div>\n<p>Nahit Do\u011fu, \u0130HA<\/p>\n<div id=\"bghab-265607312\" class=\"bghab-yazi-altinda bghab-entity-placement\"><div class=\"bghab-adlabel\">Reklamlar<\/div><script async src=\"https:\/\/pagead2.googlesyndication.com\/pagead\/js\/adsbygoogle.js\"><\/script>\r\n<!-- bghaber-yaz\u0131-sonu -->\r\n<ins class=\"adsbygoogle\"\r\n     style=\"display:block\"\r\n     data-ad-client=\"ca-pub-6203283170189293\"\r\n     data-ad-slot=\"4222328180\"\r\n     data-ad-format=\"auto\"\r\n     data-full-width-responsive=\"true\"><\/ins>\r\n<script>\r\n     (adsbygoogle = window.adsbygoogle || []).push({});\r\n<\/script><\/div><br style=\"clear: both; display: block; float: none;\"\/>","protected":false},"excerpt":{"rendered":"<p>Bulgar parlamentosunun bug\u00fcnk\u00fc oturumunda T\u00fcrkiye&#8217;de ya\u015fayan ve \u00e7ifte vatanda\u015fl\u0131\u011fa sahip Bulgaristan g\u00f6\u00e7menlerinin yak\u0131nlar\u0131na da vatanda\u015fl\u0131k verilmesi teklifi tart\u0131\u015fmalara sebep oldu. \u00dcyelerinin \u00e7o\u011funlu\u011funu \u00fclkedeki T\u00fcrklerin olu\u015fturdu\u011fu<\/p>\n","protected":false},"author":29,"featured_media":26537,"comment_status":"closed","ping_status":"closed","sticky":false,"template":"","format":"standard","meta":{"advanced_seo_description":"","jetpack_seo_html_title":"","jetpack_seo_noindex":false,"_jetpack_memberships_contains_paid_content":false,"footnotes":""},"categories":[5],"tags":[],"class_list":["post-26914","post","type-post","status-publish","format-standard","has-post-thumbnail","hentry","category-yasam"],"jetpack_featured_media_url":"https:\/\/i0.wp.com\/www.bghaber.org\/bghaber\/wp-content\/uploads\/2018\/01\/bulgaristan-pasaport.jpg?fit=500%2C333&ssl=1","jetpack_sharing_enabled":true,"jetpack_likes_enabled":true,"jetpack-related-posts":[],"jetpack_shortlink":"https:\/\/wp.me\/pc2PfJ-706","_links":{"self":[{"href":"https:\/\/www.bghaber.org\/bghaber\/wp-json\/wp\/v2\/posts\/26914","targetHints":{"allow":["GET"]}}],"collection":[{"href":"https:\/\/www.bghaber.org\/bghaber\/wp-json\/wp\/v2\/posts"}],"about":[{"href":"https:\/\/www.bghaber.org\/bghaber\/wp-json\/wp\/v2\/types\/post"}],"author":[{"embeddable":true,"href":"https:\/\/www.bghaber.org\/bghaber\/wp-json\/wp\/v2\/users\/29"}],"replies":[{"embeddable":true,"href":"https:\/\/www.bghaber.org\/bghaber\/wp-json\/wp\/v2\/comments?post=26914"}],"version-history":[{"count":0,"href":"https:\/\/www.bghaber.org\/bghaber\/wp-json\/wp\/v2\/posts\/26914\/revisions"}],"wp:featuredmedia":[{"embeddable":true,"href":"https:\/\/www.bghaber.org\/bghaber\/wp-json\/wp\/v2\/media\/26537"}],"wp:attachment":[{"href":"https:\/\/www.bghaber.org\/bghaber\/wp-json\/wp\/v2\/media?parent=26914"}],"wp:term":[{"taxonomy":"category","embeddable":true,"href":"https:\/\/www.bghaber.org\/bghaber\/wp-json\/wp\/v2\/categories?post=26914"},{"taxonomy":"post_tag","embeddable":true,"href":"https:\/\/www.bghaber.org\/bghaber\/wp-json\/wp\/v2\/tags?post=26914"}],"curies":[{"name":"wp","href":"https:\/\/api.w.org\/{rel}","templated":true}]}}