{"id":26911,"date":"2018-02-07T21:25:47","date_gmt":"2018-02-07T18:25:47","guid":{"rendered":"http:\/\/www.bghaber.org\/bghaber\/?p=26911"},"modified":"2019-07-07T22:54:56","modified_gmt":"2019-07-07T20:54:56","slug":"egridere-ve-yeni-bogazici-kardes-belediye-olacak","status":"publish","type":"post","link":"https:\/\/www.bghaber.org\/bghaber\/egridere-ve-yeni-bogazici-kardes-belediye-olacak\/","title":{"rendered":"E\u011fridere ve Yeni Bo\u011fazi\u00e7i, karde\u015f belediye olacak"},"content":{"rendered":"<p>Ardino (E\u011fridere) Belediyesi, Kuzey K\u0131br\u0131s T\u00fcrk Cumhuriyeti\u2019nin Yeni Bo\u011fazi\u00e7i Belediyesi ile karde\u015f belediye olacak. Buna ili\u015fkin karar, Belediye Meclisinin son oturumunda al\u0131nd\u0131. Teklif, Belediye Ba\u015fkan\u0131 Resmi Murat taraf\u0131ndan yap\u0131ld\u0131 ve oybirli\u011fi ile belediye meclisi \u00fcyeleri taraf\u0131ndan kabul edildi. Meclis, Belediye Ba\u015fkan\u0131\u2019n\u0131 belediyeler aras\u0131 i\u015fbirli\u011fi s\u00f6zle\u015fmesi imzalamaya yetkilendirdi.<\/p>\n<p>Yeni Bo\u011fazi\u00e7i, Kuzey K\u0131br\u0131s&#8217;\u0131n do\u011fu k\u0131y\u0131lar\u0131nda bulunan Gazima\u011fusa iline ba\u011fl\u0131 bir beldedir. Alt\u0131 muhtarl\u0131ktan olu\u015fan beldede k\u00f6y say\u0131s\u0131 sekizdir.<\/p>\n<p>Yeni Bo\u011fazi\u00e7i, 128,2 km&#8217;lik alan\u0131yla Kuzey K\u0131br\u0131s&#8217;taki ikinci b\u00fcy\u00fck belediyedir. Belediyenin n\u00fcfusu 18 500&#8217;d\u00fcr. \u0130\u015f imkan\u0131 sa\u011flayan firmalar 283\u2019t\u00fcr. Belediye, \u00fclkenin en g\u00fczel ve en uzun sahil \u015feridine sahiptir. Geni\u015f ormanl\u0131k alanlara, 3000 y\u0131ldan fazla tarihi olan Salamis antik kentine sahiptir. Temel i\u015flevi sahil koruma olan Salamis Milli Park\u0131, 560 hektarl\u0131k bir alan\u0131 kaplayan do\u011fal, ekolojik, arkeolojik ve turistik bir parkt\u0131r.<\/p>\n<p>Adan\u0131n en \u00f6nemli \u00f6zelli\u011fi, do\u011fal g\u00fczelliklerini tarihi dokusuyla birle\u015ftiren bir b\u00f6lge olmas\u0131d\u0131r. Salamis Antik Kenti ve Ambelia Orman\u0131 park\u0131n i\u00e7inde bulunuyor. Bu zenginlikleri ile Yeni Bo\u011fazi\u00e7i \u00fclkenin en \u00f6nemli turizm merkezleri aras\u0131ndad\u0131r.<\/p>\n<p>&nbsp;<\/p><div id=\"bghab-4142405108\" class=\"bghab-icerik-icine bghab-entity-placement\"><script async src=\"\/\/pagead2.googlesyndication.com\/pagead\/js\/adsbygoogle.js?client=ca-pub-6203283170189293\" crossorigin=\"anonymous\"><\/script><ins class=\"adsbygoogle\" style=\"display:block; text-align:center;\" data-ad-client=\"ca-pub-6203283170189293\" \ndata-ad-slot=\"7303146466\" \ndata-ad-layout=\"in-article\"\ndata-ad-format=\"fluid\" data-full-width-responsive=\"true\"><\/ins>\n<script> \n(adsbygoogle = window.adsbygoogle || []).push({}); \n<\/script>\n<\/div>\n<p>G\u00fcner \u015e\u00fckr\u00fc, K\u0131rcaali Haber<\/p>\n<div id=\"bghab-3352635371\" class=\"bghab-yazi-altinda bghab-entity-placement\"><div class=\"bghab-adlabel\">Reklamlar<\/div><script async src=\"https:\/\/pagead2.googlesyndication.com\/pagead\/js\/adsbygoogle.js\"><\/script>\r\n<!-- bghaber-yaz\u0131-sonu -->\r\n<ins class=\"adsbygoogle\"\r\n     style=\"display:block\"\r\n     data-ad-client=\"ca-pub-6203283170189293\"\r\n     data-ad-slot=\"4222328180\"\r\n     data-ad-format=\"auto\"\r\n     data-full-width-responsive=\"true\"><\/ins>\r\n<script>\r\n     (adsbygoogle = window.adsbygoogle || []).push({});\r\n<\/script><\/div><br style=\"clear: both; display: block; float: none;\"\/>","protected":false},"excerpt":{"rendered":"<p>Ardino (E\u011fridere) Belediyesi, Kuzey K\u0131br\u0131s T\u00fcrk Cumhuriyeti\u2019nin Yeni Bo\u011fazi\u00e7i Belediyesi ile karde\u015f belediye olacak. Buna ili\u015fkin karar, Belediye Meclisinin son oturumunda al\u0131nd\u0131. Teklif, Belediye Ba\u015fkan\u0131<\/p>\n","protected":false},"author":29,"featured_media":26912,"comment_status":"closed","ping_status":"closed","sticky":false,"template":"","format":"standard","meta":{"advanced_seo_description":"","jetpack_seo_html_title":"","jetpack_seo_noindex":false,"_jetpack_memberships_contains_paid_content":false,"footnotes":""},"categories":[4],"tags":[],"class_list":["post-26911","post","type-post","status-publish","format-standard","has-post-thumbnail","hentry","category-siyaset"],"jetpack_featured_media_url":"https:\/\/i0.wp.com\/www.bghaber.org\/bghaber\/wp-content\/uploads\/2018\/02\/bulgaristan-kircaali-egridere-ardino-ile-yenibogazici-belediyeleri-kktc.jpg?fit=634%2C404&ssl=1","jetpack_sharing_enabled":true,"jetpack_likes_enabled":true,"jetpack-related-posts":[],"jetpack_shortlink":"https:\/\/wp.me\/pc2PfJ-703","_links":{"self":[{"href":"https:\/\/www.bghaber.org\/bghaber\/wp-json\/wp\/v2\/posts\/26911","targetHints":{"allow":["GET"]}}],"collection":[{"href":"https:\/\/www.bghaber.org\/bghaber\/wp-json\/wp\/v2\/posts"}],"about":[{"href":"https:\/\/www.bghaber.org\/bghaber\/wp-json\/wp\/v2\/types\/post"}],"author":[{"embeddable":true,"href":"https:\/\/www.bghaber.org\/bghaber\/wp-json\/wp\/v2\/users\/29"}],"replies":[{"embeddable":true,"href":"https:\/\/www.bghaber.org\/bghaber\/wp-json\/wp\/v2\/comments?post=26911"}],"version-history":[{"count":0,"href":"https:\/\/www.bghaber.org\/bghaber\/wp-json\/wp\/v2\/posts\/26911\/revisions"}],"wp:featuredmedia":[{"embeddable":true,"href":"https:\/\/www.bghaber.org\/bghaber\/wp-json\/wp\/v2\/media\/26912"}],"wp:attachment":[{"href":"https:\/\/www.bghaber.org\/bghaber\/wp-json\/wp\/v2\/media?parent=26911"}],"wp:term":[{"taxonomy":"category","embeddable":true,"href":"https:\/\/www.bghaber.org\/bghaber\/wp-json\/wp\/v2\/categories?post=26911"},{"taxonomy":"post_tag","embeddable":true,"href":"https:\/\/www.bghaber.org\/bghaber\/wp-json\/wp\/v2\/tags?post=26911"}],"curies":[{"name":"wp","href":"https:\/\/api.w.org\/{rel}","templated":true}]}}