{"id":26906,"date":"2018-02-07T21:22:04","date_gmt":"2018-02-07T18:22:04","guid":{"rendered":"http:\/\/www.bghaber.org\/bghaber\/?p=26906"},"modified":"2019-07-07T22:54:56","modified_gmt":"2019-07-07T20:54:56","slug":"hoh-ap-milletvekilleri-ve-turkiye-ab-karma-parlamento-komisyonu-yonetimi-gorustu","status":"publish","type":"post","link":"https:\/\/www.bghaber.org\/bghaber\/hoh-ap-milletvekilleri-ve-turkiye-ab-karma-parlamento-komisyonu-yonetimi-gorustu\/","title":{"rendered":"H\u00d6H AP Milletvekilleri ve T\u00fcrkiye-AB Karma Parlamento Komisyonu y\u00f6netimi g\u00f6r\u00fc\u015ft\u00fc"},"content":{"rendered":"<p>Hak ve \u00d6zg\u00fcrl\u00fckler Hareketi\u2019nin (H\u00d6H) Avrupa Parlamentosu (AP) Avrupa Liberaller ve Demokratlar \u0130ttifak\u0131 (ALDE) Grubu \u00dcyesi Milletvekilleri Filiz H\u00fcsmenova, Necmi Ali ve \u0130lhan K\u00fc\u00e7\u00fck ile T\u00fcrkiye-Avrupa Birli\u011fi (AB) Karma Parlamento Komisyonu y\u00f6netimi aras\u0131nda yap\u0131lan g\u00f6r\u00fc\u015fmesinde ele al\u0131nan konular aras\u0131nda s\u0131\u011f\u0131nmac\u0131 krizi, G\u00fcmr\u00fck S\u00f6zle\u015fmesinin g\u00fcncelle\u015ftirilmesi, vizelerin serbestle\u015ftirilmesi, T\u00fcrkiye ve AB aras\u0131ndaki ili\u015fkiler yer ald\u0131.<\/p>\n<p>G\u00f6r\u00fc\u015fmede T\u00fcrkiye B\u00fcy\u00fck Millet Meclisi (TBMM) AKP Milletvekilleri T\u00fcrkiye-AB Karma Parlamento Komisyonu E\u015fba\u015fkan\u0131 \u0130smail Karayel ve T\u00fcrkiye-AB Karma Parlamento Komisyonu Ba\u015fkan Yard\u0131mc\u0131s\u0131 Markar Esayan, TBMM CHP Milletvekili T\u00fcrkiye-AB Karma Parlamento Komisyonu Ba\u015fkan Yard\u0131mc\u0131s\u0131 Dr. Niyazi Kara ve T\u00fcrkiye\u2019nin Bel\u00e7ika B\u00fcy\u00fckel\u00e7isi Faruk Kaymak\u00e7\u0131 da yer ald\u0131.<\/p>\n<p>Toplant\u0131da son iki y\u0131lda T\u00fcrkiye-AB Karma Parlamento Komisyonu\u2019nun d\u00fczenli toplant\u0131lar\u0131n\u0131n yap\u0131lmad\u0131\u011f\u0131 belirtildi.<\/p>\n<p>AP ALDE Grubu \u00dcyeleri, T\u00fcrkiye&#8217;nin s\u0131\u011f\u0131nmac\u0131 krizinin \u00e7\u00f6z\u00fcm\u00fcne katk\u0131s\u0131 oldu\u011funu, yani \u00fc\u00e7 milyondan fazla m\u00fclteciyi bar\u0131nd\u0131rd\u0131\u011f\u0131n\u0131 kaydettiler. Onlar, T\u00fcrkiye-AB Karma Parlamento Komisyonu \u00e7er\u00e7evesinde yap\u0131c\u0131 diyalogun yeniden tesis edilmesine yard\u0131mc\u0131 olmaya haz\u0131r olduklar\u0131n\u0131 belirttiler. Bu ba\u011flamda AP milletvekilleri, m\u00fclteci kriziyle ilgili AB-T\u00fcrkiye anla\u015fmas\u0131n\u0131n bir par\u00e7as\u0131 olan vize uygulamas\u0131n\u0131n serbestle\u015ftirilmesinin yan\u0131 s\u0131ra G\u00fcmr\u00fck Birli\u011fi anla\u015fmas\u0131n\u0131n g\u00fcncellenmesine verdikleri deste\u011fi de dile getirdiler.<\/p>\n<p>G\u00f6r\u00fc\u015fmede T\u00fcrkiye-AB Karma Parlamento Komisyonu y\u00f6netimi, T\u00fcrkiye&#8217;nin g\u00fcvenli\u011finin t\u00fcm AB\u2019nin g\u00fcvenli\u011fi i\u00e7in de \u00f6nemli oldu\u011funu ve ekonomik refahla ilgili konular\u0131n kar\u015f\u0131l\u0131kl\u0131 \u00e7\u0131kara dayand\u0131\u011f\u0131n\u0131 belirtti.<\/p><div id=\"bghab-116378943\" class=\"bghab-icerik-icine bghab-entity-placement\"><script async src=\"\/\/pagead2.googlesyndication.com\/pagead\/js\/adsbygoogle.js?client=ca-pub-6203283170189293\" crossorigin=\"anonymous\"><\/script><ins class=\"adsbygoogle\" style=\"display:block; text-align:center;\" data-ad-client=\"ca-pub-6203283170189293\" \ndata-ad-slot=\"7303146466\" \ndata-ad-layout=\"in-article\"\ndata-ad-format=\"fluid\" data-full-width-responsive=\"true\"><\/ins>\n<script> \n(adsbygoogle = window.adsbygoogle || []).push({}); \n<\/script>\n<\/div>\n<p>Toplant\u0131dan sonra TBMM milletvekilleri, misafirperverlik ve H\u00d6H milletvekillerinin deste\u011fe haz\u0131r olmalar\u0131ndan dolay\u0131 te\u015fekk\u00fcr ettiler.<\/p>\n<p>&nbsp;<\/p>\n<p>K\u0131rcaali Haber<\/p>\n<div id=\"bghab-3546364406\" class=\"bghab-yazi-altinda bghab-entity-placement\"><script async src=\"https:\/\/pagead2.googlesyndication.com\/pagead\/js\/adsbygoogle.js\"><\/script>\r\n<!-- bghaber-yaz\u0131-sonu -->\r\n<ins class=\"adsbygoogle\"\r\n     style=\"display:block\"\r\n     data-ad-client=\"ca-pub-6203283170189293\"\r\n     data-ad-slot=\"4222328180\"\r\n     data-ad-format=\"auto\"\r\n     data-full-width-responsive=\"true\"><\/ins>\r\n<script>\r\n     (adsbygoogle = window.adsbygoogle || []).push({});\r\n<\/script><\/div><br style=\"clear: both; display: block; float: none;\"\/>","protected":false},"excerpt":{"rendered":"<p>Hak ve \u00d6zg\u00fcrl\u00fckler Hareketi\u2019nin (H\u00d6H) Avrupa Parlamentosu (AP) Avrupa Liberaller ve Demokratlar \u0130ttifak\u0131 (ALDE) Grubu \u00dcyesi Milletvekilleri Filiz H\u00fcsmenova, Necmi Ali ve \u0130lhan K\u00fc\u00e7\u00fck ile<\/p>\n","protected":false},"author":29,"featured_media":26907,"comment_status":"closed","ping_status":"closed","sticky":false,"template":"","format":"standard","meta":{"advanced_seo_description":"","jetpack_seo_html_title":"","jetpack_seo_noindex":false,"jetpack_seo_schema_type":"","_jetpack_newsletter_access":"","_jetpack_dont_email_post_to_subs":false,"_jetpack_newsletter_tier_id":0,"_jetpack_memberships_contains_paywalled_content":false,"_jetpack_feature_clip_id":0,"_jetpack_memberships_contains_paid_content":false,"footnotes":"","jetpack_post_was_ever_published":false},"categories":[4],"tags":[],"class_list":["post-26906","post","type-post","status-publish","format-standard","has-post-thumbnail","hentry","category-siyaset"],"jetpack_sharing_enabled":true,"jetpack_likes_enabled":true,"jetpack-related-posts":[],"jetpack_shortlink":"https:\/\/wp.me\/pc2PfJ-6ZY","jetpack_featured_media_url":"https:\/\/i0.wp.com\/www.bghaber.org\/bghaber\/wp-content\/uploads\/2018\/02\/HOH-AP-Milletvekilleri-ve-Turkiye-AB-Karma-Parlamento-Komisyonu.jpg?fit=960%2C533&ssl=1","_links":{"self":[{"href":"https:\/\/www.bghaber.org\/bghaber\/wp-json\/wp\/v2\/posts\/26906","targetHints":{"allow":["GET"]}}],"collection":[{"href":"https:\/\/www.bghaber.org\/bghaber\/wp-json\/wp\/v2\/posts"}],"about":[{"href":"https:\/\/www.bghaber.org\/bghaber\/wp-json\/wp\/v2\/types\/post"}],"author":[{"embeddable":true,"href":"https:\/\/www.bghaber.org\/bghaber\/wp-json\/wp\/v2\/users\/29"}],"replies":[{"embeddable":true,"href":"https:\/\/www.bghaber.org\/bghaber\/wp-json\/wp\/v2\/comments?post=26906"}],"version-history":[{"count":0,"href":"https:\/\/www.bghaber.org\/bghaber\/wp-json\/wp\/v2\/posts\/26906\/revisions"}],"wp:featuredmedia":[{"embeddable":true,"href":"https:\/\/www.bghaber.org\/bghaber\/wp-json\/wp\/v2\/media\/26907"}],"wp:attachment":[{"href":"https:\/\/www.bghaber.org\/bghaber\/wp-json\/wp\/v2\/media?parent=26906"}],"wp:term":[{"taxonomy":"category","embeddable":true,"href":"https:\/\/www.bghaber.org\/bghaber\/wp-json\/wp\/v2\/categories?post=26906"},{"taxonomy":"post_tag","embeddable":true,"href":"https:\/\/www.bghaber.org\/bghaber\/wp-json\/wp\/v2\/tags?post=26906"}],"curies":[{"name":"wp","href":"https:\/\/api.w.org\/{rel}","templated":true}]}}