{"id":26903,"date":"2018-02-07T21:18:37","date_gmt":"2018-02-07T18:18:37","guid":{"rendered":"http:\/\/www.bghaber.org\/bghaber\/?p=26903"},"modified":"2019-07-07T22:54:56","modified_gmt":"2019-07-07T20:54:56","slug":"turkiye-bulgaristan-icin-cok-onemli-bir-komsu-cok-onemli-bir-ortaktir","status":"publish","type":"post","link":"https:\/\/www.bghaber.org\/bghaber\/turkiye-bulgaristan-icin-cok-onemli-bir-komsu-cok-onemli-bir-ortaktir\/","title":{"rendered":"T\u00fcrkiye Bulgaristan i\u00e7in \u00e7ok \u00f6nemli bir kom\u015fu, \u00e7ok \u00f6nemli bir ortakt\u0131r"},"content":{"rendered":"<p>Bulgaristan&#8217;\u0131n Edirne Ba\u015fkonsolosu Vasil V\u0131l\u00e7ev, T\u00fcrkiye&#8217;nin Bulgaristan i\u00e7in \u00e7ok \u00f6nemli bir kom\u015fu, \u00e7ok \u00f6nemli bir ortak oldu\u011funu bildirdi.<\/p>\n<p>Bulgaristan&#8217;\u0131n Edirne Ba\u015fkonsoloslu\u011fundan edinilen bilgiye g\u00f6re, Edirne Valisi G\u00fcnay \u00d6zdemir kentteki bir restoranda d\u00fczenlenen toplant\u0131da, T\u00fcrkiye ve AB ili\u015fkilerinin zaman zaman aksamaya girdi\u011fini belirtti.<\/p>\n<p>Bulgaristan&#8217;\u0131n d\u00f6nem ba\u015fkanl\u0131\u011f\u0131nda bu ili\u015fkilerde \u00f6nemli geli\u015fmeler olaca\u011f\u0131na inand\u0131\u011f\u0131n\u0131 ifade eden \u00d6zdemir, \u015funlar\u0131 kaydetti:<\/p>\n<p>&#8220;Bu olumlu geli\u015fmelerin ben \u00f6zellikle Bulgaristan&#8217;\u0131n d\u00f6nem ba\u015fkanl\u0131\u011f\u0131nda T\u00fcrkiye a\u00e7\u0131s\u0131ndan \u00e7ok \u00f6nemli geli\u015fmeler olaca\u011f\u0131na inan\u0131yorum. \u015eimdiye kadar olan ili\u015fkilerde \u00f6zellikle Bulgaristan Ba\u015fbakan\u0131 Borisov&#8217;un g\u00f6stermi\u015f oldu\u011fu ba\u015far\u0131 hem Bulgaristan hem T\u00fcrkiye a\u00e7\u0131s\u0131ndan \u00f6nemli bir ba\u015far\u0131. Avrupa Birli\u011fi&#8217;ne de \u00e7ok \u00f6nemli katk\u0131lar yapaca\u011f\u0131n\u0131 ve Avrupa Birli\u011fi&#8217;nin son d\u00f6nemdeki s\u0131k\u0131nt\u0131lar\u0131 a\u015fmas\u0131nda katk\u0131 sa\u011flayaca\u011f\u0131n\u0131 d\u00fc\u015f\u00fcn\u00fcyorum.&#8221;<\/p>\n<p>Ba\u015fkonsolos V\u0131l\u00e7ev ise, Bulgaristan&#8217;\u0131n zor bir d\u00f6nemde Avrupa Birli\u011fi (AB) Konseyi D\u00f6nem Ba\u015fkan\u0131 oldu\u011funu aktard\u0131.<\/p><div id=\"bghab-3730864795\" class=\"bghab-icerik-icine bghab-entity-placement\"><script async src=\"\/\/pagead2.googlesyndication.com\/pagead\/js\/adsbygoogle.js?client=ca-pub-6203283170189293\" crossorigin=\"anonymous\"><\/script><ins class=\"adsbygoogle\" style=\"display:block; text-align:center;\" data-ad-client=\"ca-pub-6203283170189293\" \ndata-ad-slot=\"7303146466\" \ndata-ad-layout=\"in-article\"\ndata-ad-format=\"fluid\" data-full-width-responsive=\"true\"><\/ins>\n<script> \n(adsbygoogle = window.adsbygoogle || []).push({}); \n<\/script>\n<\/div>\n<p>\u00d6nceliklerini 4 ana ba\u015fl\u0131kta toplayacaklar\u0131n\u0131 aktaran V\u0131l\u00e7ev, &#8220;Balkan \u00fclkelerinin t\u00fcm\u00fc Avrupa Birli\u011fi&#8217;ne dahil olmad\u0131\u011f\u0131 s\u00fcrece AB bir b\u00fct\u00fcn de\u011fildir. Birinci \u00f6nceli\u011fimiz Balkanlar&#8217;\u0131n perspektif konusudur ve \u00f6nceli\u011fimiz Bulgaristan&#8217;\u0131n AB&#8217;yi nas\u0131l g\u00f6rd\u00fc\u011f\u00fcd\u00fcr.&#8221; ifadelerini kulland\u0131.<\/p>\n<p>\u0130kinci ana konunun AB s\u0131n\u0131rlar\u0131 oldu\u011funa dikkat \u00e7eken V\u0131l\u00e7ev, \u015f\u00f6yle devam etti:<\/p>\n<p>&#8220;Genel olarak g\u00f6\u00e7men krizi ve s\u0131n\u0131r g\u00fcvenli\u011finin sa\u011flanmas\u0131 as\u0131l ama\u00e7lar\u0131n ba\u015f\u0131nda gelmektedir. Bunlar ile birlikte \u00f6ncelikli konular\u0131m\u0131z\u0131n ba\u015f\u0131nda gen\u00e7 istihdam\u0131 gelmektedir. Bulgaristan Cumhuriyeti&#8217;nin AB&#8217;ye giri\u015fi ile gen\u00e7 n\u00fcfus di\u011fer AB \u00fclkelerine daha fazla ilgi g\u00f6stermi\u015f ve \u00fclkemizin gen\u00e7 n\u00fcfus say\u0131s\u0131 azalm\u0131\u015ft\u0131r. Bu konuda detayl\u0131 bir \u00e7al\u0131\u015fma yap\u0131lacakt\u0131r. Tabi en \u00f6nemli konular\u0131n ba\u015f\u0131nda ekonomi gelmektedir. Ekonomik konularda daha fazla proje yap\u0131lmas\u0131, ekonomik alt yap\u0131lar\u0131n d\u00fczeltilmesi ve \u00fclkeler aras\u0131nda daha fazla i\u015fbirli\u011fi ve proje gerekmektedir. D\u00fc\u015f\u00fck b\u00fct\u00e7e, d\u00fc\u015f\u00fck finans ve ekonomik duruma sahip \u00fclkelere yap\u0131lan fonlar\u0131n \u00f6ncelikli olmas\u0131na inan\u0131yoruz.&#8221;<\/p>\n<p>V\u0131l\u00e7ev, Bulgaristan &#8211; T\u00fcrkiye aras\u0131ndaki Avrupa Birli\u011fi konusu ile ilgili olarak Cumhurba\u015fkan\u0131 Recep Tayyip Erdo\u011fan ve Bulgaristan Cumhuriyeti Ba\u015fbakan\u0131 Borisov&#8217;un g\u00f6r\u00fc\u015fmelerinde de aktar\u0131ld\u0131\u011f\u0131 gibi deste\u011fin devam edece\u011fini vurgulad\u0131.<\/p>\n<p><b>&#8220;Amac\u0131m\u0131z g\u00fczel ve ortak bir gelece\u011fin sa\u011flanmas\u0131&#8221;<\/b><\/p><div id=\"bghab-1723074711\" class=\"bghab-icerik-icine-10-paragraf bghab-entity-placement\"><script async src=\"\/\/pagead2.googlesyndication.com\/pagead\/js\/adsbygoogle.js?client=ca-pub-6203283170189293\" crossorigin=\"anonymous\"><\/script><ins class=\"adsbygoogle\" style=\"display:block; text-align:center;\" data-ad-client=\"ca-pub-6203283170189293\" \ndata-ad-slot=\"7303146466\" \ndata-ad-layout=\"in-article\"\ndata-ad-format=\"fluid\" data-full-width-responsive=\"true\"><\/ins>\n<script> \n(adsbygoogle = window.adsbygoogle || []).push({}); \n<\/script>\n<\/div>\n<p>Bulgaristan&#8217;da, d\u00f6nem ba\u015fkanl\u0131\u011f\u0131 sonlanana dek bir AB zirvesinin yap\u0131laca\u011f\u0131n\u0131 dile getiren V\u0131l\u00e7ev, \u015funlar\u0131 kaydetti:<\/p>\n<p>&#8220;Say\u0131n Erdo\u011fan da g\u00f6r\u00fc\u015fmeler ger\u00e7ekle\u015ftirmesi i\u00e7in davet edilecektir. Genel olarak bu zirvede konu\u015fulmas\u0131 gereken ve \u00f6ng\u00f6r\u00fclen konular aras\u0131nda T\u00fcrkiye&#8217;nin konumu ile ilgili a\u00e7\u0131k konulard\u0131r. Genel olarak as\u0131l ama\u00e7 inan\u0131yoruz ki, bu g\u00f6r\u00fc\u015fmelerde T\u00fcrkiye ile ilgili ili\u015fkilerin iyi bir sonuca ula\u015fmas\u0131d\u0131r. Ba\u015fbakan\u0131m\u0131z Borisov bu g\u00fcne kadar y\u00fcr\u00fctt\u00fc\u011f\u00fc b\u00fct\u00fcn g\u00f6r\u00fc\u015fmelerde kendisi T\u00fcrk taraf\u0131na verilen destekler, g\u00f6\u00e7men krizi ile ilgili s\u0131n\u0131rlarda g\u00fcvenliklerin sa\u011flanmas\u0131 konusu gibi yap\u0131lan b\u00fct\u00fcn b\u00fcy\u00fck yard\u0131mlarda dahil hepsi i\u00e7in te\u015fekk\u00fcr etmi\u015ftir. \u015eu an i\u00e7in T\u00fcrkiye ve Bulgaristan aras\u0131nda ekonomik projeler \u00e7ok fazla ger\u00e7ekle\u015ftirilmek \u00fczere, \u00f6rnek olarak k\u00fclt\u00fcrel konular var. \u0130stanbul&#8217;daki Demir Kilisesi&#8217;nin a\u00e7\u0131lmas\u0131 gibi. T\u00fcrkiye Bulgaristan i\u00e7in \u00e7ok \u00f6nemli bir kom\u015fu, \u00e7ok \u00f6nemli bir ortak ve bu ba\u011flamda genel olarak b\u00fct\u00fcn ili\u015fkilerimizde Bulgaristan taraf\u0131 olarak amac\u0131m\u0131z g\u00fczel ve ortak bir gelece\u011fin sa\u011flanmas\u0131.&#8221;<\/p>\n<p>Toplant\u0131ya, D\u0131\u015fi\u015fleri Bakanl\u0131\u011f\u0131 Edirne Temsilcisi B\u00fcy\u00fckel\u00e7i Volkan T\u00fcrk Vural, Yunanistan Edirne Konsolosu Satiria Theochard, Bulgaristan Konsolosu Radoslava Kafedj\u0131yska, Fransa ve Almanya Fahri Konsolosu Ercan Dursuno\u011flu, Avusturya Fahri Konsolosu H\u00fcseyin S\u0131ragezen, Trakya \u00dcniversitesi Rekt\u00f6r Yard\u0131mc\u0131s\u0131 Prof. Dr. M\u00fcmin \u015eahin ve Trakya \u00dcniversitesi Genel Sekreter Yard\u0131mc\u0131s\u0131 Hakan Ak\u0131nc\u0131 kat\u0131ld\u0131.<\/p>\n<p>&nbsp;<\/p>\n<p>AA<\/p>\n<div id=\"bghab-435646239\" class=\"bghab-yazi-altinda bghab-entity-placement\"><script async src=\"https:\/\/pagead2.googlesyndication.com\/pagead\/js\/adsbygoogle.js\"><\/script>\r\n<!-- bghaber-yaz\u0131-sonu -->\r\n<ins class=\"adsbygoogle\"\r\n     style=\"display:block\"\r\n     data-ad-client=\"ca-pub-6203283170189293\"\r\n     data-ad-slot=\"4222328180\"\r\n     data-ad-format=\"auto\"\r\n     data-full-width-responsive=\"true\"><\/ins>\r\n<script>\r\n     (adsbygoogle = window.adsbygoogle || []).push({});\r\n<\/script><\/div><br style=\"clear: both; display: block; float: none;\"\/>","protected":false},"excerpt":{"rendered":"<p>Bulgaristan&#8217;\u0131n Edirne Ba\u015fkonsolosu Vasil V\u0131l\u00e7ev, T\u00fcrkiye&#8217;nin Bulgaristan i\u00e7in \u00e7ok \u00f6nemli bir kom\u015fu, \u00e7ok \u00f6nemli bir ortak oldu\u011funu bildirdi. Bulgaristan&#8217;\u0131n Edirne Ba\u015fkonsoloslu\u011fundan edinilen bilgiye g\u00f6re, Edirne<\/p>\n","protected":false},"author":29,"featured_media":26904,"comment_status":"closed","ping_status":"closed","sticky":false,"template":"","format":"standard","meta":{"advanced_seo_description":"","jetpack_seo_html_title":"","jetpack_seo_noindex":false,"jetpack_seo_schema_type":"","_jetpack_newsletter_access":"","_jetpack_dont_email_post_to_subs":false,"_jetpack_newsletter_tier_id":0,"_jetpack_memberships_contains_paywalled_content":false,"_jetpack_feature_clip_id":0,"_jetpack_memberships_contains_paid_content":false,"footnotes":"","jetpack_post_was_ever_published":false},"categories":[1,4],"tags":[],"class_list":["post-26903","post","type-post","status-publish","format-standard","has-post-thumbnail","hentry","category-haberler","category-siyaset"],"jetpack_sharing_enabled":true,"jetpack_likes_enabled":true,"jetpack-related-posts":[],"jetpack_shortlink":"https:\/\/wp.me\/pc2PfJ-6ZV","jetpack_featured_media_url":"https:\/\/i0.wp.com\/www.bghaber.org\/bghaber\/wp-content\/uploads\/2018\/02\/Bulgaristan-Edirne-Baskonsolosu-Vasil-Vilcev-Edirne-Valisi-Gunay-Ozdemir.jpg?fit=640%2C302&ssl=1","_links":{"self":[{"href":"https:\/\/www.bghaber.org\/bghaber\/wp-json\/wp\/v2\/posts\/26903","targetHints":{"allow":["GET"]}}],"collection":[{"href":"https:\/\/www.bghaber.org\/bghaber\/wp-json\/wp\/v2\/posts"}],"about":[{"href":"https:\/\/www.bghaber.org\/bghaber\/wp-json\/wp\/v2\/types\/post"}],"author":[{"embeddable":true,"href":"https:\/\/www.bghaber.org\/bghaber\/wp-json\/wp\/v2\/users\/29"}],"replies":[{"embeddable":true,"href":"https:\/\/www.bghaber.org\/bghaber\/wp-json\/wp\/v2\/comments?post=26903"}],"version-history":[{"count":0,"href":"https:\/\/www.bghaber.org\/bghaber\/wp-json\/wp\/v2\/posts\/26903\/revisions"}],"wp:featuredmedia":[{"embeddable":true,"href":"https:\/\/www.bghaber.org\/bghaber\/wp-json\/wp\/v2\/media\/26904"}],"wp:attachment":[{"href":"https:\/\/www.bghaber.org\/bghaber\/wp-json\/wp\/v2\/media?parent=26903"}],"wp:term":[{"taxonomy":"category","embeddable":true,"href":"https:\/\/www.bghaber.org\/bghaber\/wp-json\/wp\/v2\/categories?post=26903"},{"taxonomy":"post_tag","embeddable":true,"href":"https:\/\/www.bghaber.org\/bghaber\/wp-json\/wp\/v2\/tags?post=26903"}],"curies":[{"name":"wp","href":"https:\/\/api.w.org\/{rel}","templated":true}]}}