{"id":26762,"date":"2018-02-03T14:38:18","date_gmt":"2018-02-03T11:38:18","guid":{"rendered":"http:\/\/www.bghaber.org\/bghaber\/?p=26762"},"modified":"2018-05-09T18:29:01","modified_gmt":"2018-05-09T15:29:01","slug":"bultukten-sofya-buyukelciligine-ziyaret","status":"publish","type":"post","link":"https:\/\/www.bghaber.org\/bghaber\/bultukten-sofya-buyukelciligine-ziyaret\/","title":{"rendered":"BULT\u00dcK&#8217;ten Sofya B\u00fcy\u00fckel\u00e7ili\u011fine Ziyaret"},"content":{"rendered":"<p style=\"text-align: left;\">Merkezi \u0130stanbul\u2019da bulunan Bulgaristan T\u00fcrkleri K\u00fclt\u00fcr ve Hizmet Derne\u011fi (BULT\u00dcRK) olarak\u00a0Genel Ba\u015fkan\u0131 Rafet Ulut\u00fcrk ba\u015fkanl\u0131\u011f\u0131nda bir bir heyet ile\u00a0Sofya B\u00fcy\u00fckel\u00e7isi Dr.\u00a0Hasan Ulusoy&#8217;a yeni g\u00f6revinde hay\u0131rl\u0131 olsun ziyaretinde bulunuldu. Yanlar\u0131nda 30 civar\u0131nda kitap ile gelen heyet kendi yazd\u0131klar\u0131 kiaplar\u0131 ve BGSAM yay\u0131nlar\u0131nda 12 kitap taktim ettiler. G\u00f6r\u00fc\u015fmenin sonunda\u00a0 Sofya B\u00fcy\u00fckel\u00e7isi Dr.Hasan ULUSOY&#8217;a g\u00fcn\u00fcn an\u0131s\u0131na bir plaket taktim edildi.<img data-recalc-dims=\"1\" loading=\"lazy\" decoding=\"async\" class=\"\" src=\"https:\/\/i0.wp.com\/www.bghaber.org\/bghaber\/wp-content\/uploads\/2018\/02\/bulturk-buyukelci-sofya-ziyareti2.jpg?resize=640%2C425\" width=\"640\" height=\"425\" \/><strong>Heyette yer alanlar s\u0131ras\u0131yla:<\/strong><strong>Dr. Nedim B\u0130R\u0130NC\u0130-<\/strong><em>Genel B\u015fk. Yrd.;\u00a0<\/em><strong>Dr. Nevzat \u00d6ZT\u00dcRK-<\/strong><em>BULT\u00dcRK \u00dcyesi;\u00a0<\/em><strong>Prof. Dr. Ali Fuat \u00d6REN\u00c7-<\/strong><em>BULT\u00dcRK \u00dcyesi;\u00a0<\/em><strong>Alptekin CEVHERL\u0130-<\/strong><em>Y\u00f6netim Kurulu \u00dcyesi;\u00a0<\/em><strong>Rafet ULUT\u00dcRK-<\/strong><em>Genel Ba\u015fkan; <strong>Dr. Hasan ULUSOY-<\/strong>Sofya B\u00fcy\u00fckel\u00e7isi;\u00a0<\/em><strong>Elif G\u00dcNE\u015e-<\/strong><em>Genel Sekreter;\u00a0<\/em><em>\u00a0<\/em><strong>\u015eakir ARSLANTA\u015e-<\/strong><em>Genel B\u015fk. Yrd.; <\/em><strong>Berk ARSLANTA\u015e-<\/strong><em>BULT\u00dcRK \u00dcyesi; Bult\u00fcrk Sofya temsilcisi-<strong>Hikmet EFEND\u0130EV<\/strong><\/em><\/p>\n<p style=\"text-align: center;\"><em>Dr. Nevzat \u00d6ZT\u00dcRK, Alptekin CEVHERL\u0130, Prof.Dr.Ali FUAT ve Rafet ULUT\u00dcRK&#8217;\u00fcn kendi yazd\u0131klar\u0131 kitaplar\u0131n\u0131 taktim ettiler ard\u0131ndan da\u00a0\u00a0<\/em><em>BGSAM YAYINLARINDAN ktaplar taktim edildi;<\/em><\/p>\n<p><em><strong>BGSAM Yay\u0131nlar\u0131<\/strong><\/em><\/p>\n<p><a href=\"https:\/\/i0.wp.com\/bulturk.org.tr\/v2\/wp-content\/uploads\/2018\/02\/kitaplar-bgsam.jpg\"><img data-recalc-dims=\"1\" loading=\"lazy\" decoding=\"async\" class=\"aligncenter wp-image-881 size-large\" src=\"https:\/\/i0.wp.com\/bulturk.org.tr\/v2\/wp-content\/uploads\/2018\/02\/kitaplar-bgsam-1024x484.jpg?resize=640%2C303\" alt=\"\" width=\"640\" height=\"303\" \/><\/a><\/p>\n<p>&nbsp;<\/p>\n<p><strong>Say\u0131n Dr. Hasan ULUSOY<\/strong><\/p>\n<p>T.C. Sofya B\u00fcy\u00fckel\u00e7isi<\/p><div id=\"bghab-1296368777\" class=\"bghab-icerik-icine bghab-entity-placement\"><script async src=\"\/\/pagead2.googlesyndication.com\/pagead\/js\/adsbygoogle.js?client=ca-pub-6203283170189293\" crossorigin=\"anonymous\"><\/script><ins class=\"adsbygoogle\" style=\"display:block; text-align:center;\" data-ad-client=\"ca-pub-6203283170189293\" \ndata-ad-slot=\"7303146466\" \ndata-ad-layout=\"in-article\"\ndata-ad-format=\"fluid\" data-full-width-responsive=\"true\"><\/ins>\n<script> \n(adsbygoogle = window.adsbygoogle || []).push({}); \n<\/script>\n<\/div>\n<p>&nbsp;<\/p>\n<p>\u00d6ncelikle yeni makam\u0131n\u0131z\u0131 kutlar, ba\u015far\u0131lar dilerken, BULT\u00dcRK heyeti olarak bize zaman ay\u0131r\u0131p, kabul etti\u011finiz i\u00e7in, kendim ve \u00fcyelerim ad\u0131na te\u015fekk\u00fcr ederim.<\/p>\n<p><strong>Ben k\u0131saca derne\u011fimizi tan\u0131tay\u0131m:\u00a0 <\/strong><\/p>\n<p>Dernek \u00e7al\u0131\u015fmalar\u0131m\u0131z 2002 y\u0131l\u0131nda ba\u015flar ve 2003 y\u0131l\u0131nda resmi olarak 33 ki\u015fi ile kurulur. Kurucu Ba\u015fkan\u0131m\u0131z Prof. Dr. Hayati DURMAZ\u2019\u0131n g\u00f6revi b\u0131rakmas\u0131 ard\u0131ndan 2011 y\u0131l\u0131nda \u00fcyelerimiz karar\u0131 ile beni Ba\u015fkanl\u0131k g\u00f6revine lay\u0131k g\u00f6rd\u00fcler.<\/p>\n<p><strong>Bizler sadece Bulgaristan\u2019da 1989 g\u00f6\u00e7\u00fc sonras\u0131 resmi kay\u0131tlara g\u00f6re T\u00fcrkiye\u2019de ya\u015fayan 720 bin \u00e7ifte vatanda\u015f i\u00e7in de\u011fil; ayn\u0131 zamanda Bulgaristan\u2019da halen ya\u015fayan T\u00fcrklerin de hak ve hukuklar\u0131n\u0131 korumak i\u00e7in m\u00fccadele ediyoruz. Davam\u0131z Kanunlar dairesinde T\u00fcrklerin haklar\u0131n\u0131n takip\u00e7isi oluyoruz.<\/strong><\/p>\n<p>Daha kuruldu\u011fumuz y\u0131l yap\u0131lan Bulgaristan yerel se\u00e7imlerde \u0130stanbul\u2019da \u00e7al\u0131\u015fan dernekler aras\u0131nda \u00f6nc\u00fc olarak g\u00fcndem olu\u015fturmaya ba\u015flad\u0131k. K\u0131rcaali Belediyesi\u2019nin geriye kazan\u0131lmas\u0131nda b\u00fcy\u00fck eme\u011fimizin oldu\u011funu herkes iyi bilir. Bir y\u0131l sonra 2004\u2019te BULT\u00dcRK\u00a0<strong><em>\u201cBulgaristan T\u00fcrklerinin Sesi\u201d<\/em><\/strong>\u00a0isminde ayl\u0131k gazete \u00e7\u0131karmaya ba\u015flad\u0131k. Bu g\u00fcn Ocak 2018 itibar\u0131yla 128. say\u0131m\u0131z\u0131 yay\u0131nlad\u0131k. Bu arada daha kurulu\u015f y\u0131l\u0131m\u0131zda D\u00fcnya T\u00fcrk Gen\u00e7ler Birli\u011fi te\u015fkilat\u0131na \u00fcye olduk. Her y\u0131l T\u00fcrk D\u00fcnyas\u0131 Gen\u00e7lik Kurultaylar\u0131nda yerimizi ald\u0131k. Ard\u0131ndan T\u00fcrk D\u00fcnyas\u0131 medya mensuplar\u0131 toplant\u0131lar\u0131nda Bult\u00fcrk Gazetesi olarak yerimizi ald\u0131k.<\/p><div id=\"bghab-437214169\" class=\"bghab-icerik-icine-10-paragraf bghab-entity-placement\"><script async src=\"\/\/pagead2.googlesyndication.com\/pagead\/js\/adsbygoogle.js?client=ca-pub-6203283170189293\" crossorigin=\"anonymous\"><\/script><ins class=\"adsbygoogle\" style=\"display:block; text-align:center;\" data-ad-client=\"ca-pub-6203283170189293\" \ndata-ad-slot=\"7303146466\" \ndata-ad-layout=\"in-article\"\ndata-ad-format=\"fluid\" data-full-width-responsive=\"true\"><\/ins>\n<script> \n(adsbygoogle = window.adsbygoogle || []).push({}); \n<\/script>\n<\/div>\n<p>T\u00fcrk D\u00fcnyas\u0131 Gazeteciler Federasyonu\u2019nun da \u00fcyesiyiz. T\u00fcrk D\u00fcnyas\u0131n\u0131n Ankara\u2019dan ba\u015flayarak K\u0131rg\u0131zistan, Kazakistan, Yakutya \u2013 Omsak, Ba\u015fkurdistan, \u00c7uva\u015fistan, Tataristan, K\u0131r\u0131m, Gagavuzyeri, Romanya, Makedonya ve KKTC\u2019de yap\u0131lan t\u00fcm Kurultaylarda yerimizi ald\u0131k. Ayr\u0131ca Bulgaristan\u2019\u0131n Ba\u015fkenti Sofya\u2019da yap\u0131lan T\u00fcrk Liderler Zirvesini de bizler BULT\u00dcRK olarak organize ettik.<\/p>\n<p>Bulgaristan\u2019da yap\u0131lan t\u00fcm se\u00e7imlerden \u00f6nce ilgili makamlar\u0131 bilgilendirmek ve gerekli \u00e7al\u0131\u015fmalar\u0131n yap\u0131lmas\u0131nda katk\u0131da bulunmak \u00fczere raporlar haz\u0131rlad\u0131k.<\/p>\n<p><strong>K\u0131saca Yapt\u0131klar\u0131m\u0131z;<\/strong><\/p>\n<ol>\n<li><em>Ekim 2011 tarihinde ger\u00e7ekle\u015ftirilen Bulgaristan\u2019daki Cumhurba\u015fkanl\u0131\u011f\u0131 se\u00e7imlerinde Derne\u011fimizin \u00f6nc\u00fcl\u00fc\u011f\u00fcnde ve deste\u011fi ile Bulgaristan tarihinde ilk defa T\u00fcrk-M\u00fcsl\u00fcman Cumhurba\u015fkan\u0131 aday\u0131 bu makama aday oldu. Gururla diyebiliriz ki dernek olarak maddi manevi katk\u0131lar\u0131m\u0131zla ve cesaretimizle kar\u015f\u0131 \u00e7\u0131kan bir\u00e7ok ki\u015fiye ra\u011fmen bu yoldan d\u00f6nmeyerek ilk kez M\u00fcsl\u00fcman-T\u00fcrk bir ki\u015fiyi Bulgaristan Cumhuriyeti\u2019nin Cumhurba\u015fkan\u0131 aday\u0131 olarak \u00e7\u0131kartmay\u0131 ba\u015fard\u0131k. <\/em><\/li>\n<li><em>Sivil toplum kurulu\u015fu olarak, Bulgaristan Parlamentosu\u2019nun 1970\u2019li ve 1980\u2019li y\u0131llarda, \u00fclkede ya\u015fayan M\u00fcsl\u00fcman ve T\u00fcrklere kar\u015f\u0131 Jivkov iktidar\u0131 taraf\u0131ndan uygulanan asimilasyon s\u00fcrecinin k\u0131nanmas\u0131n\u0131 Bulgaristan\u2019\u0131n ba\u015fkenti Sofya\u2019da ilk defa bir bas\u0131n toplant\u0131s\u0131 ile kamuoyuna duyurduk. Bu bas\u0131n toplant\u0131m\u0131za Sofya B\u00fcy\u00fckel\u00e7imiz Sn. \u0130smail ARAMAZ da kat\u0131larak bizlere destek oldular.<\/em><\/li>\n<li><em>T\u00fcrkiye\u2019de ilk defa\u00a0<strong>\u201cBulgaristan\u2019daki May\u0131s 1989 Ayaklanmalar\u0131n\u0131n y\u0131l d\u00f6n\u00fcm\u00fcn\u00fcn anma toplant\u0131s\u0131n\u0131<\/strong>\u201d Derne\u011fimizce organize ederek \u0130stanbul \u00dcniversitesi\u2019nden \u00f6\u011fretim \u00fcyelerimizin de katk\u0131lar\u0131yla geni\u015f \u00e7apl\u0131 akademik bir bilgi \u015f\u00f6lenine d\u00f6n\u00fc\u015ft\u00fcrd\u00fck. Ard\u0131ndan 3.Uluslararas\u0131 sempozyum yapt\u0131k.<\/em><\/li>\n<li><em>D\u00fcnya T\u00fcrk Gen\u00e7ler Birli\u011fi Liderler Zirvesini (Ba\u015fkanlar Toplant\u0131s\u0131) ev sahibi STK olarak Sofya\u2019da 2010 senesinin May\u0131s ay\u0131nda Hotel Vito\u015fa\u2019da tertip ettik. Daha sonra 2012 senesinde \u0130stanbul\u2019da Derne\u011fimizin \u00f6nc\u00fcl\u00fc\u011f\u00fcnde yine bir D\u00fcnya T\u00fcrk Gen\u00e7ler Birli\u011fi Liderler zirvesini yapt\u0131k ve Aral\u0131k 2013\u2019de \u0130stanbul\u2019da D\u00fcnya T\u00fcrk Gen\u00e7 \u0130\u015f adamlar\u0131n\u0131n 1. Kurultay\u0131n\u0131n organizasyonunda da yer ald\u0131k. <\/em><\/li>\n<li><em>Bulgaristan\u2019\u0131n ba\u015fkenti Sofya\u2019da \u0131rk\u00e7\u0131lar\u0131n Cuma namaz\u0131 k\u0131lan cemaate sald\u0131rmas\u0131na kar\u015f\u0131l\u0131k, \u0130stanbul Balat\u2019ta Bulgar kilisesi \u00f6n\u00fcnde anlaml\u0131 bir protesto g\u00f6sterisi d\u00fczenledik. Onlar\u0131n o sert \u0131rk\u00e7\u0131 tutumuna kar\u015f\u0131n biz \u0130stanbul\u2019da Bulgar kilisesi \u00f6n\u00fcnde kilise cemaatine M\u00fcsl\u00fcmanl\u0131\u011fa yak\u0131\u015f\u0131r \u015fekilde t\u00fcm kiliseden \u00e7\u0131kanlara sevginin sembol\u00fc karanfiller da\u011f\u0131tt\u0131k ve buradan uyard\u0131\u011f\u0131m\u0131z\u0131 da belirttik. <\/em><\/li>\n<li><em>Bulgaristan Parlamentosu H\u00fck\u00fcmeti taraf\u0131ndan yine ilk defa bir sivil toplum kurulu\u015fu olarak resmi davet ald\u0131k. Dernek olarak 30 ki\u015filik bir heyet ile Bulgaristan Parlamentosunda o g\u00fcn\u00fcn iktidar partisi GERB\u2019in grup ba\u015fkan vekili ve \u0130\u00e7i\u015fleri Bakan\u0131 Sn. Tsvetan Tsvetanov taraf\u0131ndan a\u011f\u0131rlan\u0131p, bas\u0131na a\u00e7\u0131k resmi g\u00f6r\u00fc\u015flerimizi kar\u015f\u0131l\u0131kl\u0131 ifade ettik. Bulgaristan\u2019da ve T\u00fcrkiye\u2019de ya\u015fayanlar\u0131n problemlerini ilettik. <\/em><\/li>\n<li><em>Bulgaristan\u2019da ve T\u00fcrkiye\u2019de geni\u015f kat\u0131l\u0131ml\u0131 olmas\u0131 ve \u00e7ok y\u00f6nl\u00fc sorular i\u00e7ermesiyle yank\u0131 uyand\u0131ran bir anket \u00e7al\u0131\u015fmas\u0131 yapmay\u0131 da ba\u015fard\u0131k. Bulgaristan\u2019da 8.000, T\u00fcrkiye\u2019de 5.000 olmak \u00fczere toplam 13.000 denek ile 33 sorudan olu\u015fan anket yapt\u0131k. <\/em><\/li>\n<\/ol>\n<p><em>Anketimiz hem yerel hem de ulusal bas\u0131nda b\u00fcy\u00fck ilgi \u00e7ekti\u011fi gibi son derece \u00e7arp\u0131c\u0131 sonu\u00e7lar\u0131 da ortaya koydu. Ayn\u0131 zamanda da Bulgaristan\u2019da ortaya \u00e7\u0131kan sonu\u00e7lar a\u00e7\u0131s\u0131ndan a\u015f\u0131r\u0131 Bulgar milliyet\u00e7ilerin tepkisine neden oldu. B\u00f6yle bir \u00e7al\u0131\u015fma \u015fimdiye kadar Bulgaristan\u2019da hi\u00e7bir kurulu\u015f taraf\u0131ndan yap\u0131lamad\u0131. Biz dernek olarak yapm\u0131\u015f oldu\u011fumuz faaliyetlerle gen\u00e7lerimizin ufkunu a\u00e7mak ve te\u015fvikte bulunmay\u0131 hedefledik. Gelecekte bu t\u00fcr faaliyetler i\u00e7inde olan kurulu\u015flar\u0131m\u0131z\u0131n veya te\u015fkilatlar\u0131m\u0131z\u0131n say\u0131s\u0131n\u0131n artmas\u0131n\u0131 umut ediyoruz.<\/em><\/p>\n<p><em>Fakat en ilgin\u00e7 olan\u0131 ise t\u00fcm gazetelerde yer alabilmemizdir. T\u00fcm taraflar kendilerine bir \u015fey buldular ve kendi gazetelerinde yay\u0131nlad\u0131lar, b\u00f6ylece bizim sesimizi de duyurdular.<\/em><\/p><div id=\"bghab-3179874919\" class=\"bghab-icerik-icine-15-paragraf bghab-entity-placement\"><script async src=\"\/\/pagead2.googlesyndication.com\/pagead\/js\/adsbygoogle.js?client=ca-pub-6203283170189293\" crossorigin=\"anonymous\"><\/script><ins class=\"adsbygoogle\" style=\"display:block; text-align:center;\" data-ad-client=\"ca-pub-6203283170189293\" \ndata-ad-slot=\"7303146466\" \ndata-ad-layout=\"in-article\"\ndata-ad-format=\"fluid\" data-full-width-responsive=\"true\"><\/ins>\n<script> \n(adsbygoogle = window.adsbygoogle || []).push({}); \n<\/script>\n<\/div>\n<p>\u0130\u015fte bunun i\u00e7in biz diyoruz ki, T\u00fcrkiye\u2019de bu i\u015fi profesyonel olarak yapan kurulu\u015flar var ANAR gibi \u0130brahim USLU Bey bu konuda profesyonel. Bizim belki de \u00e7aylak olarak yapt\u0131\u011f\u0131m\u0131z bir anket, Bulgaristan\u2019da marka olmam\u0131z\u0131 sa\u011flad\u0131.<\/p>\n<p>\u0130nan\u0131yorum ki, e\u011fer bu anketi ANAR yapm\u0131\u015f olsayd\u0131 \u00e7ok farkl\u0131 sonu\u00e7lar \u00e7\u0131kacakt\u0131 ve bu g\u00fcn baz\u0131 dernek federasyon ve konfederasyonlar\u0131n yapt\u0131\u011f\u0131 gibi birle\u015fin \u00e7a\u011f\u0131r\u0131s\u0131nda bulunulmazd\u0131. \u00c7\u00fcnk\u00fc net veriler elde olurdu ve net ki\u015filer belirlenirdi. \u0130\u015fte ANAR gibi \u015firketler gelsinler burada bir ara\u015ft\u0131rma yaps\u0131nlar. Hangi partiler ki\u015filer reva\u00e7ta vs. g\u00f6r\u00fcl\u00fcrd\u00fc.<\/p>\n<p><strong>HALK \u0130LE PART\u0130LER\u0130N<\/strong> aras\u0131ndaki u\u00e7urumlar\u0131n tespitini bilimsel olarak ortaya koyulsun. K\u0131saca Yeni yol haritas\u0131 ancak o bilimsel ara\u015ft\u0131rmadan sonra do\u011frusu belli olacakt\u0131r. Bu g\u00fcn birle\u015fin diyenler \u00e7ok bu halk zaten 30 y\u0131ld\u0131r birlikten ayr\u0131lmad\u0131 ki. Fakat bu birlikten kazanan kim oldu? \u0130\u015fte \u00f6nemli olan bunu bulmak\u2026<\/p>\n<p><strong>\u0130\u015fte bunun i\u00e7i bizim \u00f6nerimiz \u015fu:<\/strong><\/p>\n<p>Bulgaristan\u2019da bilimsel raporlarla bunlar tespit edilsin. Anket \u015firketleri bunlar\u0131 belirlesin ANAR olur ba\u015fka biri olur bizim i\u00e7in fark etmez.<\/p><div id=\"bghab-3409310074\" class=\"bghab-icerik-icine-20-paragraf bghab-entity-placement\"><script async src=\"\/\/pagead2.googlesyndication.com\/pagead\/js\/adsbygoogle.js?client=ca-pub-6203283170189293\" crossorigin=\"anonymous\"><\/script><ins class=\"adsbygoogle\" style=\"display:block; text-align:center;\" data-ad-client=\"ca-pub-6203283170189293\" \ndata-ad-slot=\"7303146466\" \ndata-ad-layout=\"in-article\"\ndata-ad-format=\"fluid\" data-full-width-responsive=\"true\"><\/ins>\n<script> \n(adsbygoogle = window.adsbygoogle || []).push({}); \n<\/script>\n<\/div>\n<p>Buradan \u00e7\u0131kan sonu\u00e7lar ve hedefler do\u011frultusunda Sizlerin de himayelerinizde bize d\u00fc\u015fen her g\u00f6revi \u00fcstlenmeye haz\u0131r oldu\u011fumuzu belirtmek isteriz. Bizler koltuk kavgas\u0131nda de\u011filiz. Biz hedefi daha ileriye g\u00f6t\u00fcrme kavgalar\u0131nda yar\u0131\u015fma taraftar\u0131y\u0131z.<\/p>\n<p>Koltuk kavgalar\u0131 30 y\u0131l g\u00f6rd\u00fck milleti b\u00f6lmekten ba\u015fka hi\u00e7 bir i\u015fe yaramad\u0131. Art\u0131k insanlar\u0131m\u0131z\u0131 <strong>HEDEF B\u0130RL\u0130\u011e\u0130NDE BULU\u015eTURMALIYIZ<\/strong> ve bir birilerine kenetlenmelerini sa\u011flamal\u0131y\u0131z.<\/p>\n<p>Bu s\u00fcre\u00e7te yap\u0131lan hatal\u0131 politikalar nedeniyle bu Dernek, Federasyon, Konfederasyon ve partilere T\u00fcrkiye destek oldu\u011fu i\u00e7in T\u00fcrkiye Cumhuriyeti\u2019nin de prestiji d\u00fc\u015f\u00fcyor. Ar\u0131k buna bir son verilmeli, T\u00fcrkiye\u2019ye zarar verenler cezas\u0131z kalmamal\u0131d\u0131rlar, bu topraklarda anlay\u0131\u015f budur.<\/p>\n<p><strong>Bunun i\u00e7in tekrar ediyorum insanlar\u0131m\u0131z\u0131 hedef birli\u011finde bulu\u015fturmal\u0131y\u0131z.<\/strong> Bu g\u00fcn T\u00fcrkiye\u2019de bulunan <strong>RUMEL\u0130-BALKAN-D\u00dcNYA<\/strong> vs gibi tabela isimler \u00e7ok b\u00fcy\u00fck g\u00f6r\u00fcnebilir. Ancak ne yaz\u0131k ki bunlar\u0131n Bulgaristan\u2019da etkilerinin derecelendirmesi hepsi i\u00e7in koskoca bir s\u0131f\u0131rd\u0131r. Bulgaristan\u2019da yeni ku\u015fak ve yeni stratejiler olu\u015fturmak gerekir. Bu stratejilerin en \u00f6nemli k\u0131sm\u0131 ekonomik temelli oland\u0131r.<\/p>\n<p>Biz \u015fu anda Bulgaristan\u2019da ya\u015fayanlar dahi hangisi iyi, hangisi k\u00f6t\u00fc bilemiyoruz. Bu kimilerinin hayali veya hamasi s\u00f6ylemleri ile de\u011fil bunlar\u0131 bilimsel metotlarla uygulayarak ak\u0131lc\u0131 \u00e7\u00f6z\u00fcmler \u00fcretmeliyiz.<\/p><div id=\"bghab-3720596199\" class=\"bghab-icerik-icine-25-paragraf bghab-entity-placement\"><script async src=\"\/\/pagead2.googlesyndication.com\/pagead\/js\/adsbygoogle.js?client=ca-pub-6203283170189293\" crossorigin=\"anonymous\"><\/script><ins class=\"adsbygoogle\" style=\"display:block; text-align:center;\" data-ad-client=\"ca-pub-6203283170189293\" \ndata-ad-slot=\"7303146466\" \ndata-ad-layout=\"in-article\"\ndata-ad-format=\"fluid\" data-full-width-responsive=\"true\"><\/ins>\n<script> \n(adsbygoogle = window.adsbygoogle || []).push({}); \n<\/script>\n<\/div>\n<p><strong>YEN\u0130 T\u00dcRK\u0130YE\u2019N\u0130N<\/strong> uluslararas\u0131 ili\u015fkilerinde artan g\u00fcc\u00fcnden ve etkisinden bizler de, Bulgaristan T\u00fcrkleri de faydalanmal\u0131y\u0131z, bu bizim en do\u011fal hakk\u0131m\u0131zd\u0131r. \u0130\u015fte bunun yerine getirilebilmesi i\u00e7in Bulgaristan\u2019da bilimsel ara\u015ft\u0131rmalar yap\u0131lmal\u0131 ve bu sonu\u00e7lara g\u00f6re pl\u00e2n, program ve uygulanacak projeler belirlenmelidir.<\/p>\n<p>Ancak bu zamana kadar ve \u015fu anda yap\u0131ld\u0131\u011f\u0131 gibi de\u011fil. \u015eimdi yine bir birle\u015fmeden bahsediliyor fakat neyi nas\u0131l birle\u015ftireceklerini bunu d\u00fc\u015f\u00fcnenlerin kendileri de dahi bilmiyorlar. Yani eskiyi eskiyle birle\u015ftirerek yeni bir \u015fey \u00e7\u0131kmas\u0131n\u0131 bekliyorlar\u2026 Bunu k\u00f6yl\u00fclerimize sorsalar bile onlar \u015funu s\u00f6yleyecektir: <strong><em>\u201ceski at\u0131l\u0131r yerine yenisi gelir\u201d<\/em><\/strong>.<\/p>\n<p>Say\u0131n B\u00fcy\u00fckel\u00e7im bize yeni vizyon gerekir, bunun i\u00e7in eski partililer dernek federasyon ve konfederasyonlar\u0131n ba\u015f\u0131nda eski kafalarla yeni gen\u00e7 neslin bulu\u015fmas\u0131 imk\u00e2ns\u0131zd\u0131r. \u00d6zellikle 90 sonras\u0131 halk\u0131m\u0131z birlik olu\u015fturma konusundaki iradesi maalesef y\u00f6netme pozisyonunda olanlar\u0131n T\u00fcrk halk\u0131n\u0131n gelece\u011fini d\u00fc\u015f\u00fcnerek hareket etmediklerinden dolay\u0131 30 y\u0131ld\u0131r heba edildi.<\/p>\n<p>\u015eimdi tekrar yap\u0131lmak istendi\u011fi gibi eski kadrolardan olu\u015fmu\u015f k\u00f6hnemi\u015f bir birlikten ba\u015far\u0131 elde edilseydi, zaten ge\u00e7en 30 y\u0131lda ger\u00e7ekle\u015fmi\u015f olurdu.<\/p>\n<p><strong>Bizler d\u00fcnya ile rekabet etmeliyiz, D\u00dcNYA L\u0130DER\u0130M\u0130Z, T\u00dcRK\u0130YE\u2019Y\u0130 D\u00dcNYA L\u0130G\u0130NE \u00c7IKARDI. Art\u0131k bizler de bu ma\u00e7larda kazanmak istersek d\u00fcnya kurallar\u0131na ve kendimizi yenileme moduna sokmal\u0131y\u0131z.<\/strong><\/p><div id=\"bghab-3564051398\" class=\"bghab-icerik-icine-30-paragraf bghab-entity-placement\"><script async src=\"\/\/pagead2.googlesyndication.com\/pagead\/js\/adsbygoogle.js?client=ca-pub-6203283170189293\" crossorigin=\"anonymous\"><\/script><ins class=\"adsbygoogle\" style=\"display:block; text-align:center;\" data-ad-client=\"ca-pub-6203283170189293\" \ndata-ad-slot=\"7303146466\" \ndata-ad-layout=\"in-article\"\ndata-ad-format=\"fluid\" data-full-width-responsive=\"true\"><\/ins>\n<script> \n(adsbygoogle = window.adsbygoogle || []).push({}); \n<\/script>\n<\/div>\n<p>D\u00fcnya birbirine eskisinden daha \u00e7ok yakla\u015f\u0131yor, bizler de Bulgaristan\u2019da \u0131rk\u00e7\u0131l\u0131k yaparak de\u011fil, hatta d\u00fcnyadaki g\u00f6r\u00fc\u015fmeleri alg\u0131layabilen Bulgarlar\u0131 da i\u00e7imize alarak, birlikte daha iyi, daha g\u00fczel nas\u0131l ya\u015fayabiliriz yollar\u0131n\u0131 hep beraber bulmal\u0131y\u0131z.<\/p>\n<p>Evet, son olarak yap\u0131lacak i\u015flerin belli bir amac\u0131 ve hedefi olmal\u0131, isimleri b\u00fcy\u00fck yazarak b\u00fcy\u00fck olmad\u0131\u011f\u0131m\u0131z\u0131 kabul etmeliyiz \u00f6nce.<\/p>\n<p><strong>Son olarak, rejim de\u011fi\u015fikli\u011finden sonra ortaya \u00e7\u0131kan Lider kadrolar\u0131na ba\u011f\u0131ml\u0131 yap\u0131n\u0131n yerini sistemli ve ki\u015filere ba\u011f\u0131ml\u0131 olmayan bir y\u00f6netim tarz\u0131n\u0131n hayata ge\u00e7irilmesinin gerekli\u011fi oldu\u011funu d\u00fc\u015f\u00fcn\u00fcyoruz. Aksi takdirde (Bulgar \u0130stihbarat\u0131) DS\u2019ye \u00e7al\u0131\u015fan \u201cT\u00fcrk\u201d ajanlar\u0131n\u0131n elinden kurtulamay\u0131z. <\/strong><\/p>\n<p><strong>Bizler gelecek nesilleri ileri ta\u015f\u0131yacak bir sistemi kurmal\u0131y\u0131z, bizim derdimiz o.<\/strong><\/p>\n<p>Burada \u0130simler veya STK adlar\u0131 \u00f6nemli de\u011fil; bizler T\u00fcrkiye Cumhuriyeti\u2019nin \u00f6nc\u00fcl\u00fc\u011f\u00fcnde T\u00fcrk Halk\u0131n\u0131n gelece\u011fine y\u00f6nelik ad\u0131mlar atmal\u0131y\u0131z, k\u00fclt\u00fcr\u00fcm\u00fcz\u00fc tekrar buralarda aya\u011f\u0131 kald\u0131rmal\u0131y\u0131z. Bu yapt\u0131\u011f\u0131m\u0131z i\u015ften, b\u00fct\u00fcn Balkan co\u011frafyas\u0131nda ya\u015fayan t\u00fcm insanlar i\u00e7in faydal\u0131 olacak i\u015fler yapmal\u0131y\u0131z.<\/p><div id=\"bghab-2804096227\" class=\"bghab-icerik-icine-35-paragraf bghab-entity-placement\"><script async src=\"\/\/pagead2.googlesyndication.com\/pagead\/js\/adsbygoogle.js?client=ca-pub-6203283170189293\" crossorigin=\"anonymous\"><\/script><ins class=\"adsbygoogle\" style=\"display:block; text-align:center;\" data-ad-client=\"ca-pub-6203283170189293\" \ndata-ad-slot=\"7303146466\" \ndata-ad-layout=\"in-article\"\ndata-ad-format=\"fluid\" data-full-width-responsive=\"true\"><\/ins>\n<script> \n(adsbygoogle = window.adsbygoogle || []).push({}); \n<\/script>\n<\/div>\n<p>T\u00fcm bu faaliyetlerimize T\u00fcrkiye Cumhuriyeti\u2019ni temsilen Sofya B\u00fcy\u00fckel\u00e7isi s\u0131fat\u0131yla \u015fahs\u0131n\u0131zdan gerekli t\u00fcm destek ve yard\u0131mlar\u0131n\u0131z\u0131<\/p>\n<p>Arz ederiz.<\/p>\n<p>Sayg\u0131lar\u0131m\u0131zla,<\/p>\n<p>&nbsp;<\/p>\n<p>&nbsp;<\/p>\n<p><strong>Rafet ULUT\u00dcRK<\/strong><\/p>\n<p><em>Bulgaristan T\u00fcrkleri <\/em><\/p><div id=\"bghab-1377154724\" class=\"bghab-icerik-icine-40-paragraf bghab-entity-placement\"><script async src=\"\/\/pagead2.googlesyndication.com\/pagead\/js\/adsbygoogle.js?client=ca-pub-6203283170189293\" crossorigin=\"anonymous\"><\/script><ins class=\"adsbygoogle\" style=\"display:block; text-align:center;\" data-ad-client=\"ca-pub-6203283170189293\" \ndata-ad-slot=\"7303146466\" \ndata-ad-layout=\"in-article\"\ndata-ad-format=\"fluid\" data-full-width-responsive=\"true\"><\/ins>\n<script> \n(adsbygoogle = window.adsbygoogle || []).push({}); \n<\/script>\n<\/div>\n<p><em>K\u00fclt\u00fcr ve Hizmet Derne\u011fi<\/em><\/p>\n<p><strong>Genel Ba\u015fkan <\/strong><\/p>\n<div id=\"bghab-784697775\" class=\"bghab-yazi-altinda bghab-entity-placement\"><script async src=\"https:\/\/pagead2.googlesyndication.com\/pagead\/js\/adsbygoogle.js\"><\/script>\r\n<!-- bghaber-yaz\u0131-sonu -->\r\n<ins class=\"adsbygoogle\"\r\n     style=\"display:block\"\r\n     data-ad-client=\"ca-pub-6203283170189293\"\r\n     data-ad-slot=\"4222328180\"\r\n     data-ad-format=\"auto\"\r\n     data-full-width-responsive=\"true\"><\/ins>\r\n<script>\r\n     (adsbygoogle = window.adsbygoogle || []).push({});\r\n<\/script><\/div><br style=\"clear: both; display: block; float: none;\"\/>","protected":false},"excerpt":{"rendered":"<p>Merkezi \u0130stanbul\u2019da bulunan Bulgaristan T\u00fcrkleri K\u00fclt\u00fcr ve Hizmet Derne\u011fi (BULT\u00dcRK) olarak\u00a0Genel Ba\u015fkan\u0131 Rafet Ulut\u00fcrk ba\u015fkanl\u0131\u011f\u0131nda bir bir heyet ile\u00a0Sofya B\u00fcy\u00fckel\u00e7isi Dr.\u00a0Hasan Ulusoy&#8217;a yeni g\u00f6revinde hay\u0131rl\u0131<\/p>\n","protected":false},"author":13,"featured_media":26898,"comment_status":"closed","ping_status":"closed","sticky":false,"template":"","format":"standard","meta":{"advanced_seo_description":"","jetpack_seo_html_title":"","jetpack_seo_noindex":false,"jetpack_seo_schema_type":"","_jetpack_newsletter_access":"","_jetpack_dont_email_post_to_subs":false,"_jetpack_newsletter_tier_id":0,"_jetpack_memberships_contains_paywalled_content":false,"_jetpack_feature_clip_id":0,"_jetpack_memberships_contains_paid_content":false,"footnotes":"","jetpack_post_was_ever_published":false},"categories":[1,4,6],"tags":[37,785],"class_list":["post-26762","post","type-post","status-publish","format-standard","has-post-thumbnail","hentry","category-haberler","category-siyaset","category-yorum","tag-bulturk","tag-bulturk-dernegi"],"jetpack_sharing_enabled":true,"jetpack_likes_enabled":true,"jetpack-related-posts":[],"jetpack_shortlink":"https:\/\/wp.me\/pc2PfJ-6XE","jetpack_featured_media_url":"https:\/\/i0.wp.com\/www.bghaber.org\/bghaber\/wp-content\/uploads\/2018\/02\/bulturk-buyukelci-sofya-ziyareti-1024x680.jpg?fit=1024%2C680&ssl=1","_links":{"self":[{"href":"https:\/\/www.bghaber.org\/bghaber\/wp-json\/wp\/v2\/posts\/26762","targetHints":{"allow":["GET"]}}],"collection":[{"href":"https:\/\/www.bghaber.org\/bghaber\/wp-json\/wp\/v2\/posts"}],"about":[{"href":"https:\/\/www.bghaber.org\/bghaber\/wp-json\/wp\/v2\/types\/post"}],"author":[{"embeddable":true,"href":"https:\/\/www.bghaber.org\/bghaber\/wp-json\/wp\/v2\/users\/13"}],"replies":[{"embeddable":true,"href":"https:\/\/www.bghaber.org\/bghaber\/wp-json\/wp\/v2\/comments?post=26762"}],"version-history":[{"count":0,"href":"https:\/\/www.bghaber.org\/bghaber\/wp-json\/wp\/v2\/posts\/26762\/revisions"}],"wp:featuredmedia":[{"embeddable":true,"href":"https:\/\/www.bghaber.org\/bghaber\/wp-json\/wp\/v2\/media\/26898"}],"wp:attachment":[{"href":"https:\/\/www.bghaber.org\/bghaber\/wp-json\/wp\/v2\/media?parent=26762"}],"wp:term":[{"taxonomy":"category","embeddable":true,"href":"https:\/\/www.bghaber.org\/bghaber\/wp-json\/wp\/v2\/categories?post=26762"},{"taxonomy":"post_tag","embeddable":true,"href":"https:\/\/www.bghaber.org\/bghaber\/wp-json\/wp\/v2\/tags?post=26762"}],"curies":[{"name":"wp","href":"https:\/\/api.w.org\/{rel}","templated":true}]}}