{"id":26759,"date":"2018-02-03T14:01:21","date_gmt":"2018-02-03T11:01:21","guid":{"rendered":"http:\/\/www.bghaber.org\/bghaber\/?p=26759"},"modified":"2018-02-05T22:21:51","modified_gmt":"2018-02-05T19:21:51","slug":"ortadogudaki-savasin-asil-nedeni-nedir","status":"publish","type":"post","link":"https:\/\/www.bghaber.org\/bghaber\/ortadogudaki-savasin-asil-nedeni-nedir\/","title":{"rendered":"ORTADO\u011eU\u2019DAK\u0130 SAVA\u015eIN ASIL NEDEN\u0130 NED\u0130R?"},"content":{"rendered":"<p>Abdullah EFEND\u0130<\/p>\n<p>Kur&#8217;an-\u0131 Kerim&#8217;de ad\u0131 ge\u00e7en peygamberlerin \u00e7o\u011fu F\u0131rat ile Nil aras\u0131nda ya\u015fam\u0131\u015fken, Yine Kur&#8217;an&#8217;da anlat\u0131lan ge\u00e7mi\u015f toplumlara ait hadiselerin \u00e7o\u011fu F\u0131rat ile Nil aras\u0131nda cereyan etmi\u015fken, gerek Eski Ahit&#8217;te (Tevrat) gerekse Yeni Ahit&#8217;te (\u0130ncil) isimleri zikredilen peygamberlerin ve anlat\u0131lan hadiselerin ya\u015fand\u0131\u011f\u0131 alan F\u0131rat ile Nil aras\u0131nda iken, bug\u00fcn Ortado\u011fu&#8217;da ya\u015fanan sava\u015flar\u0131n ana sebebini petrole ve di\u011fer yeralt\u0131 kaynaklar\u0131na ba\u011flayan,<strong><em> \u201cOrtado\u011fu uzmanlar\u0131\u201d<\/em><\/strong>,<strong><em> \u201cGazeteciler\u201d<\/em><\/strong>, <strong><em>\u201cAnalistler\u201d<\/em><\/strong>, <strong><em>\u201cSiyaset\u00e7iler\u201d <\/em><\/strong>tamamen yan\u0131lg\u0131 i\u00e7indedirler.<\/p>\n<p>\u00c7\u00fcnk\u00fc, Ortado\u011fu&#8217;nun tarihi sava\u015flarla ve m\u00fccadelelerle doludur. Osmanl\u0131 d\u00f6neminde bu sava\u015flar\u0131n ge\u00e7ici olarak kesintiye u\u011fram\u0131\u015f olmas\u0131, Osmanl\u0131&#8217;n\u0131n son d\u00f6nemlerinde petrole ba\u011fl\u0131 olarak Ortado\u011fu yani Mezopotamya&#8217;n\u0131n yeniden d\u00fcnya g\u00fcndemine girmi\u015f olmas\u0131, bu s\u00f6zde uzmanlar\u0131n alg\u0131lar\u0131nda<strong><em> \u201cOrtado\u011fu = Petrol &#8211; Do\u011falgaz \u2013 Enerji\u201d<\/em><\/strong> \u015feklinde yanl\u0131\u015f bir alg\u0131 olu\u015fmas\u0131n\u0131n en b\u00fcy\u00fck nedenidir.<br \/>\nHer kim hala Ortado\u011fu&#8217;da ya\u015fananlar\u0131n ana sebebi olarak petrol ve di\u011fer enerji kaynaklar\u0131n\u0131 g\u00f6steriyorsa, bilin ki tarihten, \u00f6zellikle dinler tarihinden bihaberdir. Ortado\u011fu&#8217;da sava\u015f\u0131n sebeplerini \u00f6\u011frenmek isteyenlerin ilk bakmas\u0131 gereken yer dinler tarihidir.<\/p>\n<p>TV&#8217;de, radyoda, videolarda v.s. herhangi bir uzman Ortado\u011fu&#8217;daki sava\u015flar\u0131n nedeninin petrol, do\u011falgaz ve di\u011fer enerji kaynaklar\u0131na ba\u011flam\u0131\u015f \u015fekilde bahsediyorsa kapat\u0131n gitsin. Vaktinizi bo\u015fa harcay\u0131p, kafan\u0131z\u0131 da yalan yanl\u0131\u015f bilgilerle doldurmay\u0131n.<\/p>\n<p>F\u0131rat&#8217;\u0131n Bat\u0131s\u0131 m\u0131 daha \u00f6nemlidir yoksa Do\u011fusu mu?\u00a0F\u0131rat&#8217;\u0131n bat\u0131s\u0131 do\u011fusundan daha \u00f6nemlidir. Hatta bat\u0131s\u0131na k\u0131yasla do\u011fusunun hi\u00e7 bir \u00f6nemi yoktur bile denebilir. \u00c7\u00fcnk\u00fc, Yahudilerin Tanr\u0131 taraf\u0131ndan kendilerine verildi\u011fine inand\u0131klar\u0131 <strong><em>\u201cVadedilmi\u015f Topraklar\u201d<\/em><\/strong>, <strong>F\u0131rat<\/strong> ile <strong>Nil aras\u0131d\u0131r<\/strong>. F\u0131rat&#8217;\u0131n do\u011fusu bu <strong>ara<\/strong>&#8216;n\u0131n d\u0131\u015f\u0131nda kal\u0131r. Bu nedenle \u00f6ncelik bat\u0131s\u0131ndad\u0131r. Eski Ahit ve di\u011fer kaynaklarda ad\u0131 ge\u00e7en Babil, Nippur, Uruk gibi \u015fehirler konum olarak F\u0131rat&#8217;\u0131n kollar\u0131 \u00fczerinde ya da bat\u0131s\u0131ndad\u0131r. Devletimiz \u015fimdi F\u0131rat&#8217;\u0131n bat\u0131s\u0131na ba\u015flad\u0131\u011f\u0131 operasyonla belki bilerek, belki bilmeyerek <strong><em>\u201cVadedilmi\u015f Topraklar\u201d<\/em><\/strong> hayaline b\u00fcy\u00fck bir darbe indirmi\u015f oldu. T\u00fcrklerin bir huyu var ki, girdikleri yerden bir daha kolay kolay \u00e7\u0131kmazlar.<\/p><div id=\"bghab-1997612131\" class=\"bghab-icerik-icine bghab-entity-placement\"><script async src=\"\/\/pagead2.googlesyndication.com\/pagead\/js\/adsbygoogle.js?client=ca-pub-6203283170189293\" crossorigin=\"anonymous\"><\/script><ins class=\"adsbygoogle\" style=\"display:block; text-align:center;\" data-ad-client=\"ca-pub-6203283170189293\" \ndata-ad-slot=\"7303146466\" \ndata-ad-layout=\"in-article\"\ndata-ad-format=\"fluid\" data-full-width-responsive=\"true\"><\/ins>\n<script> \n(adsbygoogle = window.adsbygoogle || []).push({}); \n<\/script>\n<\/div>\n<p>Biz F\u0131rat&#8217;\u0131n bat\u0131s\u0131nda Afrin&#8217;den girdi\u011fimiz ve \u00f6nce F\u0131rat&#8217;a sonra Irak&#8217;a kadar gitmeyi planlad\u0131\u011f\u0131m\u0131z bu harekatla Yahudilerin as\u0131rlar s\u00fcren hayaline koca bir han\u00e7er saplam\u0131\u015f olduk. Tela\u015fa kap\u0131lmalar\u0131n\u0131n esas sebebi bu. \u015eimdi beni \u00e7ok dikkatli dinleyin. \u00c7\u00fcnk\u00fc arnlatacaklar\u0131m konunun daha iyi anla\u015f\u0131lmas\u0131n\u0131 sa\u011flayacakt\u0131r.<\/p>\n<p>Her \u015fey \u0130blis&#8217;in Adem&#8217;e secde etmemesiyle ba\u015fl\u0131yor. Adem&#8217;e secde etmeyen \u0130blis, Allah&#8217;a insan\u0131 yaratmakla ve yery\u00fcz\u00fcnde Halife k\u0131lmakla yan\u0131ld\u0131\u011f\u0131n\u0131<br \/>\ng\u00f6stermek i\u00e7in (ha\u015fa) K\u0131yamete kadar s\u00fcre istiyor, Allah&#8217;da ona istedi\u011fini veriyor. \u0130blis insanlarla tek tek u\u011fra\u015fmak yerine Allah&#8217;\u0131n insanlara g\u00f6nderdi\u011fi dinleri bozuyor, \u00e7\u00fcnk\u00fc b\u00f6yle yaparak insanlar\u0131 toptan yoldan \u00e7\u0131karmak istiyor. \u0130blis&#8217;in nihai amac\u0131 ise bir g\u00fcn kendini insanlara Tanr\u0131 olarak ilan ettirip t\u00fcm insanl\u0131\u011f\u0131 yoldan \u00e7\u0131karmak. \u0130sa peygamber yery\u00fcz\u00fcne geliyor ve getirdi\u011fi din o zaman\u0131n en b\u00fcy\u00fck devleti olan Roma \u0130mparatorlu\u011funun resmi dini olarak kabul g\u00f6r\u00fcyor.<\/p>\n<p>Tam o zamanlarda b\u00fcy\u00fck bir g\u00f6\u00e7 ya\u015fan\u0131yor. Ad\u0131na <strong><em>\u201cKavimler G\u00f6\u00e7\u00fc\u201d<\/em><\/strong> diyoruz. O zamana kadar g\u00f6\u00e7ebe bir hayat s\u00fcren, d\u00fcnyan\u0131n en sava\u015f\u00e7\u0131 bir ka\u00e7 milletinden biri olan T\u00fcrkler \u0130slam dinini se\u00e7iyor ve gelip Anadolu&#8217;ya yerle\u015fmeye ba\u015fl\u0131yor. Bir s\u00fcre sonra da Anadolu&#8217;ya tamamen sahip oluyor. Anadolu \u015fu nedenle \u00f6nemli.<\/p>\n<p>Gelecekte bir g\u00fcn \u0130blis kendini Tanr\u0131 ilan etmek i\u00e7in H\u0131ristiyanl\u0131k dinini kullanacak. H\u0131ristiyanlar\u0131n Mesih diye bekledikleri ki\u015fi asl\u0131nda Mesih k\u0131l\u0131\u011f\u0131ndaki \u0130blis. Evanjelik inanc\u0131na g\u00f6re de Mesih&#8217;in gelebilmesi i\u00e7in H\u0131ristiyanlar\u0131n Anadolu&#8217;da ki 7 kiliseye h\u00fckmediyor olmas\u0131 gerekli. H\u0131ristiyanlar Mesih&#8217;in gelece\u011fi ve krall\u0131\u011f\u0131n\u0131 ilan edece\u011fi yerdeki bir\u00e7ok devlete h\u00fckmediyor ama en kritik topraklara s\u00f6z ge\u00e7iremiyor. Bu 7 kiliseye sahip olamazsa Mesih&#8217;de gelemeyecek. 7 kilisenin bulundu\u011fu topraklar ise \u00f6lmekten asla korkmayan sava\u015f\u00e7\u0131 bir milletin elinde. \u015eimdi \u0130blis&#8217;in Tanr\u0131l\u0131k plan\u0131na kar\u015f\u0131 Allah&#8217;\u0131n y\u00fczlerce y\u0131l \u00f6ncesinden T\u00fcrkleri m\u00fcsl\u00fcmanla\u015ft\u0131rmas\u0131 ve getirip bu topraklara yerle\u015ftirmesi, \u0130blis&#8217;in hayallerini bozmas\u0131 y\u00fcce bir plan de\u011fil midir?<\/p>\n<p>Elbette bir \u015fey i\u00e7in ol dedi\u011finde oldurmaya g\u00fcc\u00fc yeten Allah istese. bu plan\u0131 do\u011frudan da bozar ve i\u015fi ba\u015ftan bitirirdi. Ama biliyoruz ki Allah bir \u015fey istedi\u011fi zaman onu bir sebebe ba\u011flayarak yapar. Her \u015fey sebepler dairesinde olu\u015fur ve geli\u015fir. Bir fakire yard\u0131m edece\u011fi zaman ona yard\u0131m edecek bir zengini sebep olarak g\u00f6nderir. Veya birine bir konuda bir engel \u00e7\u0131karaca\u011f\u0131 zaman ona engel olacak bir sebep yarat\u0131r. Ben bazen b\u00f6yle d\u00fc\u015f\u00fcn\u00fcyorum da, T\u00fcrklerin binlerce kilometre \u00f6teden gelip buraya yerle\u015fmesi, \u0130blis&#8217;in y\u00fcz\u00fcp y\u00fcz\u00fcp kuyru\u011funa geldi\u011finde kar\u015f\u0131s\u0131na T\u00fcrklerin \u00e7\u0131kmas\u0131&#8230; Bunlar b\u00fcy\u00fck bir \u0130lahi plan\u0131n tecellisinden ba\u015fka bir \u015fey de\u011fildir. D\u00fc\u015f\u00fcn\u00fcn mesela, bu topraklarda T\u00fcrkler de\u011fil de ba\u015fka bir \u0130slam toplumu olsayd\u0131. Ya da m\u00fcsl\u00fcman olmasa da ba\u015fka bir halk olsayd\u0131.<\/p><div id=\"bghab-331326087\" class=\"bghab-icerik-icine-10-paragraf bghab-entity-placement\"><script async src=\"\/\/pagead2.googlesyndication.com\/pagead\/js\/adsbygoogle.js?client=ca-pub-6203283170189293\" crossorigin=\"anonymous\"><\/script><ins class=\"adsbygoogle\" style=\"display:block; text-align:center;\" data-ad-client=\"ca-pub-6203283170189293\" \ndata-ad-slot=\"7303146466\" \ndata-ad-layout=\"in-article\"\ndata-ad-format=\"fluid\" data-full-width-responsive=\"true\"><\/ins>\n<script> \n(adsbygoogle = window.adsbygoogle || []).push({}); \n<\/script>\n<\/div>\n<p>Ba\u015fka hangi millet d\u00fcnyan\u0131n s\u00fcper g\u00fc\u00e7lerine b\u00f6yle direnebilirdi? Allah, \u0130lahi plan\u0131n bir tecellisi olarak bize de b\u00f6yle bir Allah a\u015fk\u0131, vatan ve devlet a\u015fk\u0131 bah\u015fediyor. Bu de\u011ferler i\u00e7in \u00f6lmeye bu kadar merakl\u0131 ba\u015fka bir millet daha tan\u0131m\u0131yorum ben.<\/p>\n<p>Allah dinimizi, devletimizi, ordumuzu ve milletimizi daim k\u0131ls\u0131n. Amin.<\/p>\n<div id=\"bghab-3998038587\" class=\"bghab-yazi-altinda bghab-entity-placement\"><script async src=\"https:\/\/pagead2.googlesyndication.com\/pagead\/js\/adsbygoogle.js\"><\/script>\r\n<!-- bghaber-yaz\u0131-sonu -->\r\n<ins class=\"adsbygoogle\"\r\n     style=\"display:block\"\r\n     data-ad-client=\"ca-pub-6203283170189293\"\r\n     data-ad-slot=\"4222328180\"\r\n     data-ad-format=\"auto\"\r\n     data-full-width-responsive=\"true\"><\/ins>\r\n<script>\r\n     (adsbygoogle = window.adsbygoogle || []).push({});\r\n<\/script><\/div><br style=\"clear: both; display: block; float: none;\"\/>","protected":false},"excerpt":{"rendered":"<p>Abdullah EFEND\u0130 Kur&#8217;an-\u0131 Kerim&#8217;de ad\u0131 ge\u00e7en peygamberlerin \u00e7o\u011fu F\u0131rat ile Nil aras\u0131nda ya\u015fam\u0131\u015fken, Yine Kur&#8217;an&#8217;da anlat\u0131lan ge\u00e7mi\u015f toplumlara ait hadiselerin \u00e7o\u011fu F\u0131rat ile Nil aras\u0131nda<\/p>\n","protected":false},"author":13,"featured_media":25299,"comment_status":"closed","ping_status":"closed","sticky":false,"template":"","format":"standard","meta":{"advanced_seo_description":"","jetpack_seo_html_title":"","jetpack_seo_noindex":false,"jetpack_seo_schema_type":"","_jetpack_newsletter_access":"","_jetpack_dont_email_post_to_subs":false,"_jetpack_newsletter_tier_id":0,"_jetpack_memberships_contains_paywalled_content":false,"_jetpack_feature_clip_id":0,"_jetpack_memberships_contains_paid_content":false,"footnotes":"","jetpack_post_was_ever_published":false},"categories":[6],"tags":[],"class_list":["post-26759","post","type-post","status-publish","format-standard","has-post-thumbnail","hentry","category-yorum"],"jetpack_sharing_enabled":true,"jetpack_likes_enabled":true,"jetpack-related-posts":[],"jetpack_shortlink":"https:\/\/wp.me\/pc2PfJ-6XB","jetpack_featured_media_url":"https:\/\/i0.wp.com\/www.bghaber.org\/bghaber\/wp-content\/uploads\/2017\/12\/apo.jpg?fit=597%2C636&ssl=1","_links":{"self":[{"href":"https:\/\/www.bghaber.org\/bghaber\/wp-json\/wp\/v2\/posts\/26759","targetHints":{"allow":["GET"]}}],"collection":[{"href":"https:\/\/www.bghaber.org\/bghaber\/wp-json\/wp\/v2\/posts"}],"about":[{"href":"https:\/\/www.bghaber.org\/bghaber\/wp-json\/wp\/v2\/types\/post"}],"author":[{"embeddable":true,"href":"https:\/\/www.bghaber.org\/bghaber\/wp-json\/wp\/v2\/users\/13"}],"replies":[{"embeddable":true,"href":"https:\/\/www.bghaber.org\/bghaber\/wp-json\/wp\/v2\/comments?post=26759"}],"version-history":[{"count":0,"href":"https:\/\/www.bghaber.org\/bghaber\/wp-json\/wp\/v2\/posts\/26759\/revisions"}],"wp:featuredmedia":[{"embeddable":true,"href":"https:\/\/www.bghaber.org\/bghaber\/wp-json\/wp\/v2\/media\/25299"}],"wp:attachment":[{"href":"https:\/\/www.bghaber.org\/bghaber\/wp-json\/wp\/v2\/media?parent=26759"}],"wp:term":[{"taxonomy":"category","embeddable":true,"href":"https:\/\/www.bghaber.org\/bghaber\/wp-json\/wp\/v2\/categories?post=26759"},{"taxonomy":"post_tag","embeddable":true,"href":"https:\/\/www.bghaber.org\/bghaber\/wp-json\/wp\/v2\/tags?post=26759"}],"curies":[{"name":"wp","href":"https:\/\/api.w.org\/{rel}","templated":true}]}}