{"id":26754,"date":"2018-02-03T11:18:21","date_gmt":"2018-02-03T08:18:21","guid":{"rendered":"http:\/\/www.bghaber.org\/bghaber\/?p=26754"},"modified":"2019-07-10T17:55:33","modified_gmt":"2019-07-10T15:55:33","slug":"bulgaristan-turkiye-sinir-otesi-isbirligi-projesinin-toplantisi-edirnede","status":"publish","type":"post","link":"https:\/\/www.bghaber.org\/bghaber\/bulgaristan-turkiye-sinir-otesi-isbirligi-projesinin-toplantisi-edirnede\/","title":{"rendered":"Bulgaristan\u2013T\u00fcrkiye S\u0131n\u0131r \u00d6tesi \u0130\u015fbirli\u011fi Projesi&#8221;nin toplant\u0131s\u0131 Edirne&#8217;de"},"content":{"rendered":"<p>Edirne Belediyesi\u2019nin Interreg-IPA Bulgaristan \u2013 T\u00fcrkiye S\u0131n\u0131r \u00d6tesi \u0130\u015fbirli\u011fi Program\u0131 kapsam\u0131nda y\u00fcr\u00fctt\u00fc\u011f\u00fc 3 projeden biri olan \u201cOrman Yang\u0131nlar\u0131 i\u00e7in Operasyonel Kapasitenin Artt\u0131r\u0131lmas\u0131 ve Afet \u00d6nleme \u00c7al\u0131\u015fmalar\u0131n\u0131n Geli\u015ftirilmesi\u201d projesinin d\u00f6rd\u00fcnc\u00fc toplant\u0131s\u0131 Edirne\u2019de ger\u00e7ekle\u015ftirildi.<\/p>\n<p>Avrupa Birli\u011fi Bakanl\u0131\u011f\u0131\u2019n\u0131n ulusal otorite g\u00f6revini y\u00fcr\u00fctt\u00fc\u011f\u00fc Interreg-IPA Bulgaristan \u2013 T\u00fcrkiye S\u0131n\u0131r \u00d6tesi \u0130\u015fbirli\u011fi Program\u0131\u2019n\u0131n birinci teklif \u00e7a\u011fr\u0131s\u0131 kapsam\u0131nda Bulgaristan \u0130\u00e7i\u015fleri Bakanl\u0131\u011f\u0131 Yang\u0131n G\u00fcvenli\u011fi ve Afet \u00d6nleme Genel M\u00fcd\u00fcrl\u00fc\u011f\u00fc ve Edirne Belediyesi\u2019nin ortak y\u00fcr\u00fctt\u00fckleri CB005.1.11.005 say\u0131l\u0131 \u201cOrman Yang\u0131nlar\u0131 i\u00e7in Operasyonel Kapasitenin Artt\u0131r\u0131lmas\u0131 ve Afet \u00d6nleme \u00c7al\u0131\u015fmalar\u0131n\u0131n Geli\u015ftirilmesi\u201d isimli projenin d\u00f6rd\u00fcnc\u00fc toplant\u0131s\u0131 Edirne Belediyesi\u2019nin ev sahipli\u011finde 29-31 Ocak 2018 tarihlerinde Edirne\u2019de yap\u0131ld\u0131.<\/p>\n<p>Proje Y\u00f6netimi ve Rehber Kitap\u00e7\u0131k haz\u0131rlama toplant\u0131lar\u0131, Edirne Belediyesi AB &amp; Uluslararas\u0131 \u0130li\u015fkiler Birimi, \u0130tfaiye M\u00fcd\u00fcrl\u00fc\u011f\u00fc, Bulgaristan \u0130\u00e7i\u015fleri Bakanl\u0131\u011f\u0131 Yang\u0131n G\u00fcvenli\u011fi ve Afet \u00d6nleme Genel M\u00fcd\u00fcrl\u00fc\u011f\u00fc ve Haskova \u0130tfaiyesi\u2019nden proje ekibi \u00fcyeleri, yang\u0131n g\u00fcvenli\u011fi ve sivil savunma uzmanlar\u0131 ve bir pedagog kat\u0131l\u0131m\u0131yla ger\u00e7ekle\u015ftirildi.<\/p>\n<p>Proje ekibi toplant\u0131s\u0131 ile birlikte; \u00e7ocuklara y\u00f6nelik yang\u0131n g\u00fcvenli\u011fi ve sivil savunma kitap\u00e7\u0131\u011f\u0131 haz\u0131rlanmas\u0131 i\u00e7in \u00e7al\u0131\u015fmalar s\u00fcrd\u00fcr\u00fcld\u00fc. Kitap\u00e7\u0131klar\u0131n Nisan ay\u0131nda bas\u0131lmas\u0131 ve proje kapsam\u0131nda hedeflenen 10-12 ya\u015f grubu \u00e7ocuklara y\u00f6nelik verilecek e\u011fitimde kullan\u0131lmas\u0131 planlan\u0131yor.<\/p>\n<p>&nbsp;<\/p>\n<p>Tekirda\u011f Yeni \u0130nan Gazetesi 59<\/p><div id=\"bghab-1674247332\" class=\"bghab-icerik-icine bghab-entity-placement\"><script async src=\"\/\/pagead2.googlesyndication.com\/pagead\/js\/adsbygoogle.js?client=ca-pub-6203283170189293\" crossorigin=\"anonymous\"><\/script><ins class=\"adsbygoogle\" style=\"display:block; text-align:center;\" data-ad-client=\"ca-pub-6203283170189293\" \ndata-ad-slot=\"7303146466\" \ndata-ad-layout=\"in-article\"\ndata-ad-format=\"fluid\" data-full-width-responsive=\"true\"><\/ins>\n<script> \n(adsbygoogle = window.adsbygoogle || []).push({}); \n<\/script>\n<\/div>\n<div id=\"bghab-2576750165\" class=\"bghab-yazi-altinda bghab-entity-placement\"><script async src=\"https:\/\/pagead2.googlesyndication.com\/pagead\/js\/adsbygoogle.js\"><\/script>\r\n<!-- bghaber-yaz\u0131-sonu -->\r\n<ins class=\"adsbygoogle\"\r\n     style=\"display:block\"\r\n     data-ad-client=\"ca-pub-6203283170189293\"\r\n     data-ad-slot=\"4222328180\"\r\n     data-ad-format=\"auto\"\r\n     data-full-width-responsive=\"true\"><\/ins>\r\n<script>\r\n     (adsbygoogle = window.adsbygoogle || []).push({});\r\n<\/script><\/div><br style=\"clear: both; display: block; float: none;\"\/>","protected":false},"excerpt":{"rendered":"<p>Edirne Belediyesi\u2019nin Interreg-IPA Bulgaristan \u2013 T\u00fcrkiye S\u0131n\u0131r \u00d6tesi \u0130\u015fbirli\u011fi Program\u0131 kapsam\u0131nda y\u00fcr\u00fctt\u00fc\u011f\u00fc 3 projeden biri olan \u201cOrman Yang\u0131nlar\u0131 i\u00e7in Operasyonel Kapasitenin Artt\u0131r\u0131lmas\u0131 ve Afet \u00d6nleme<\/p>\n","protected":false},"author":29,"featured_media":26755,"comment_status":"closed","ping_status":"closed","sticky":false,"template":"","format":"standard","meta":{"advanced_seo_description":"","jetpack_seo_html_title":"","jetpack_seo_noindex":false,"jetpack_seo_schema_type":"","_jetpack_newsletter_access":"","_jetpack_dont_email_post_to_subs":false,"_jetpack_newsletter_tier_id":0,"_jetpack_memberships_contains_paywalled_content":false,"_jetpack_feature_clip_id":0,"_jetpack_memberships_contains_paid_content":false,"footnotes":"","jetpack_post_was_ever_published":false},"categories":[10],"tags":[],"class_list":["post-26754","post","type-post","status-publish","format-standard","has-post-thumbnail","hentry","category-kultur-sanat"],"jetpack_sharing_enabled":true,"jetpack_likes_enabled":true,"jetpack-related-posts":[],"jetpack_shortlink":"https:\/\/wp.me\/pc2PfJ-6Xw","jetpack_featured_media_url":"https:\/\/i0.wp.com\/www.bghaber.org\/bghaber\/wp-content\/uploads\/2018\/02\/bulgaristan-turkiye-sinir-otesi-isbirligi-p-rojesinin-4uncu-toplantisi-edirnede.jpg?fit=555%2C253&ssl=1","_links":{"self":[{"href":"https:\/\/www.bghaber.org\/bghaber\/wp-json\/wp\/v2\/posts\/26754","targetHints":{"allow":["GET"]}}],"collection":[{"href":"https:\/\/www.bghaber.org\/bghaber\/wp-json\/wp\/v2\/posts"}],"about":[{"href":"https:\/\/www.bghaber.org\/bghaber\/wp-json\/wp\/v2\/types\/post"}],"author":[{"embeddable":true,"href":"https:\/\/www.bghaber.org\/bghaber\/wp-json\/wp\/v2\/users\/29"}],"replies":[{"embeddable":true,"href":"https:\/\/www.bghaber.org\/bghaber\/wp-json\/wp\/v2\/comments?post=26754"}],"version-history":[{"count":0,"href":"https:\/\/www.bghaber.org\/bghaber\/wp-json\/wp\/v2\/posts\/26754\/revisions"}],"wp:featuredmedia":[{"embeddable":true,"href":"https:\/\/www.bghaber.org\/bghaber\/wp-json\/wp\/v2\/media\/26755"}],"wp:attachment":[{"href":"https:\/\/www.bghaber.org\/bghaber\/wp-json\/wp\/v2\/media?parent=26754"}],"wp:term":[{"taxonomy":"category","embeddable":true,"href":"https:\/\/www.bghaber.org\/bghaber\/wp-json\/wp\/v2\/categories?post=26754"},{"taxonomy":"post_tag","embeddable":true,"href":"https:\/\/www.bghaber.org\/bghaber\/wp-json\/wp\/v2\/tags?post=26754"}],"curies":[{"name":"wp","href":"https:\/\/api.w.org\/{rel}","templated":true}]}}