{"id":26751,"date":"2018-02-03T11:06:31","date_gmt":"2018-02-03T08:06:31","guid":{"rendered":"http:\/\/www.bghaber.org\/bghaber\/?p=26751"},"modified":"2019-07-10T17:55:33","modified_gmt":"2019-07-10T15:55:33","slug":"tuyub-derneginden-edirne-valisine-onursal-uyelik","status":"publish","type":"post","link":"https:\/\/www.bghaber.org\/bghaber\/tuyub-derneginden-edirne-valisine-onursal-uyelik\/","title":{"rendered":"TUYUB Derne\u011fi&#8217;nden Edirne Valisi&#8217;ne Onursal \u00dcyelik"},"content":{"rendered":"<p>T\u00fcrk Yunan Bulgar Dostluk Derne\u011fi TUYUB Y\u00f6netim Kurulu \u00fcyeleri 29 Nisan\u2019da yap\u0131lacak olan &#8216;S\u0131n\u0131rs\u0131z Dostluk Yar\u0131&#8217; maraton \u00f6ncesi Edirne Valisi G\u00fcnay \u00d6zdemir&#8217;i ve Edirne Belediye Ba\u015fkan\u0131 Recep G\u00fcrkan&#8217;\u0131 ziyaret etti.<\/p>\n<p>T\u00fcrk Yunan Bulgar Dostluk Derne\u011fi (TUYUB) Y\u00f6netim kurulu Ba\u015fkan\u0131 \u00d6nder Akda\u011f taraf\u0131ndan Edirne Valisi G\u00fcnay \u00d6zdemir&#8217;e ve Edirne Belediye Ba\u015fkan\u0131 Recep G\u00fcrkan&#8217;a ge\u00e7en y\u0131lki desteklerinden dolay\u0131 pl\u00e2ket verdi ve TUYUB&#8217;a onursal \u00fcyelik belgelerini takt\u0131m etti.<\/p>\n<p>Vali G\u00fcnay \u00d6zdemir ve Edirne Belediye Ba\u015fkan\u0131 Recep G\u00fcrkan &#8216;bu organizasyon i\u00e7in ge\u00e7en y\u0131larda yapm\u0131\u015f olduklar\u0131 destekler gibi bu y\u0131lda destek olacaklar\u0131n\u0131&#8217; belirtti.<\/p>\n<p>&nbsp;<\/p>\n<p>Edirne Haber<\/p>\n<div id=\"bghab-1198811844\" class=\"bghab-yazi-altinda bghab-entity-placement\"><script async src=\"https:\/\/pagead2.googlesyndication.com\/pagead\/js\/adsbygoogle.js\"><\/script>\r\n<!-- bghaber-yaz\u0131-sonu -->\r\n<ins class=\"adsbygoogle\"\r\n     style=\"display:block\"\r\n     data-ad-client=\"ca-pub-6203283170189293\"\r\n     data-ad-slot=\"4222328180\"\r\n     data-ad-format=\"auto\"\r\n     data-full-width-responsive=\"true\"><\/ins>\r\n<script>\r\n     (adsbygoogle = window.adsbygoogle || []).push({});\r\n<\/script><\/div><br style=\"clear: both; display: block; float: none;\"\/>","protected":false},"excerpt":{"rendered":"<p>T\u00fcrk Yunan Bulgar Dostluk Derne\u011fi TUYUB Y\u00f6netim Kurulu \u00fcyeleri 29 Nisan\u2019da yap\u0131lacak olan &#8216;S\u0131n\u0131rs\u0131z Dostluk Yar\u0131&#8217; maraton \u00f6ncesi Edirne Valisi G\u00fcnay \u00d6zdemir&#8217;i ve Edirne Belediye<\/p>\n","protected":false},"author":29,"featured_media":26752,"comment_status":"closed","ping_status":"closed","sticky":false,"template":"","format":"standard","meta":{"advanced_seo_description":"","jetpack_seo_html_title":"","jetpack_seo_noindex":false,"jetpack_seo_schema_type":"","_jetpack_newsletter_access":"","_jetpack_dont_email_post_to_subs":false,"_jetpack_newsletter_tier_id":0,"_jetpack_memberships_contains_paywalled_content":false,"_jetpack_feature_clip_id":0,"_jetpack_memberships_contains_paid_content":false,"footnotes":"","jetpack_post_was_ever_published":false},"categories":[4],"tags":[],"class_list":["post-26751","post","type-post","status-publish","format-standard","has-post-thumbnail","hentry","category-siyaset"],"jetpack_sharing_enabled":true,"jetpack_likes_enabled":true,"jetpack-related-posts":[],"jetpack_shortlink":"https:\/\/wp.me\/pc2PfJ-6Xt","jetpack_featured_media_url":"https:\/\/i0.wp.com\/www.bghaber.org\/bghaber\/wp-content\/uploads\/2018\/02\/edirne-valisine-tyb-derneginden-onursal-uyelik.jpg?fit=720%2C430&ssl=1","_links":{"self":[{"href":"https:\/\/www.bghaber.org\/bghaber\/wp-json\/wp\/v2\/posts\/26751","targetHints":{"allow":["GET"]}}],"collection":[{"href":"https:\/\/www.bghaber.org\/bghaber\/wp-json\/wp\/v2\/posts"}],"about":[{"href":"https:\/\/www.bghaber.org\/bghaber\/wp-json\/wp\/v2\/types\/post"}],"author":[{"embeddable":true,"href":"https:\/\/www.bghaber.org\/bghaber\/wp-json\/wp\/v2\/users\/29"}],"replies":[{"embeddable":true,"href":"https:\/\/www.bghaber.org\/bghaber\/wp-json\/wp\/v2\/comments?post=26751"}],"version-history":[{"count":0,"href":"https:\/\/www.bghaber.org\/bghaber\/wp-json\/wp\/v2\/posts\/26751\/revisions"}],"wp:featuredmedia":[{"embeddable":true,"href":"https:\/\/www.bghaber.org\/bghaber\/wp-json\/wp\/v2\/media\/26752"}],"wp:attachment":[{"href":"https:\/\/www.bghaber.org\/bghaber\/wp-json\/wp\/v2\/media?parent=26751"}],"wp:term":[{"taxonomy":"category","embeddable":true,"href":"https:\/\/www.bghaber.org\/bghaber\/wp-json\/wp\/v2\/categories?post=26751"},{"taxonomy":"post_tag","embeddable":true,"href":"https:\/\/www.bghaber.org\/bghaber\/wp-json\/wp\/v2\/tags?post=26751"}],"curies":[{"name":"wp","href":"https:\/\/api.w.org\/{rel}","templated":true}]}}