{"id":26738,"date":"2018-02-03T10:30:49","date_gmt":"2018-02-03T07:30:49","guid":{"rendered":"http:\/\/www.bghaber.org\/bghaber\/?p=26738"},"modified":"2019-07-10T17:55:33","modified_gmt":"2019-07-10T15:55:33","slug":"borisov-robert-singer-ile-gorustu","status":"publish","type":"post","link":"https:\/\/www.bghaber.org\/bghaber\/borisov-robert-singer-ile-gorustu\/","title":{"rendered":"Borisov, Robert Singer ile g\u00f6r\u00fc\u015ft\u00fc"},"content":{"rendered":"<p>Ba\u015fbakan Boyko Borisov, D\u00fcnya Yahudi Kongresi Genel \u0130cra M\u00fcd\u00fcr\u00fc ve Ba\u015fkan Yard\u0131mc\u0131s\u0131 Robert Singer ile g\u00f6r\u00fc\u015ft\u00fc.<\/p>\n<p>Kabinenin bas\u0131n merkezince Singer, yakla\u015f\u0131k 50 bin Bulgaristan Yahudisini Nazi \u00f6l\u00fcm kamplar\u0131na g\u00f6t\u00fcr\u00fclmesinden ve \u00f6l\u00fcmden kurtaran Bulgar halk\u0131na minnettarl\u0131\u011f\u0131n\u0131 ifade etti. Singer, bu y\u0131l bu olaydan 75 y\u0131l doldu\u011funu ve Bulgaristan\u2019\u0131n ola\u011fan\u00fcst\u00fc rol\u00fcne dikkat verilmesi gerekti\u011fini s\u00f6yledi.<\/p>\n<p>Ba\u015fbakan ve konu\u011fu, \u00e7abalar\u0131n, nefret s\u00f6ylemi ve a\u015f\u0131r\u0131c\u0131l\u0131\u011f\u0131n kald\u0131r\u0131lmas\u0131na ve ho\u015fg\u00f6r\u00fcn\u00fcn savunulmas\u0131na y\u00f6nelik olmas\u0131 gerekti\u011fi g\u00f6r\u00fc\u015f\u00fc etraf\u0131nda birle\u015fti.<\/p>\n<p>&nbsp;<\/p>\n<p>BNR<\/p>\n<div id=\"bghab-3067431165\" class=\"bghab-yazi-altinda bghab-entity-placement\"><script async src=\"https:\/\/pagead2.googlesyndication.com\/pagead\/js\/adsbygoogle.js\"><\/script>\r\n<!-- bghaber-yaz\u0131-sonu -->\r\n<ins class=\"adsbygoogle\"\r\n     style=\"display:block\"\r\n     data-ad-client=\"ca-pub-6203283170189293\"\r\n     data-ad-slot=\"4222328180\"\r\n     data-ad-format=\"auto\"\r\n     data-full-width-responsive=\"true\"><\/ins>\r\n<script>\r\n     (adsbygoogle = window.adsbygoogle || []).push({});\r\n<\/script><\/div><br style=\"clear: both; display: block; float: none;\"\/>","protected":false},"excerpt":{"rendered":"<p>Ba\u015fbakan Boyko Borisov, D\u00fcnya Yahudi Kongresi Genel \u0130cra M\u00fcd\u00fcr\u00fc ve Ba\u015fkan Yard\u0131mc\u0131s\u0131 Robert Singer ile g\u00f6r\u00fc\u015ft\u00fc. Kabinenin bas\u0131n merkezince Singer, yakla\u015f\u0131k 50 bin Bulgaristan Yahudisini<\/p>\n","protected":false},"author":29,"featured_media":26739,"comment_status":"closed","ping_status":"closed","sticky":false,"template":"","format":"standard","meta":{"advanced_seo_description":"","jetpack_seo_html_title":"","jetpack_seo_noindex":false,"jetpack_seo_schema_type":"","_jetpack_newsletter_access":"","_jetpack_dont_email_post_to_subs":false,"_jetpack_newsletter_tier_id":0,"_jetpack_memberships_contains_paywalled_content":false,"_jetpack_feature_clip_id":0,"_jetpack_memberships_contains_paid_content":false,"footnotes":"","jetpack_post_was_ever_published":false},"categories":[1,4],"tags":[],"class_list":["post-26738","post","type-post","status-publish","format-standard","has-post-thumbnail","hentry","category-haberler","category-siyaset"],"jetpack_sharing_enabled":true,"jetpack_likes_enabled":true,"jetpack-related-posts":[],"jetpack_shortlink":"https:\/\/wp.me\/pc2PfJ-6Xg","jetpack_featured_media_url":"https:\/\/i0.wp.com\/www.bghaber.org\/bghaber\/wp-content\/uploads\/2018\/02\/boyko-borisov-dunya-yahudi-kongresi-robert-singer.jpg?fit=610%2C343&ssl=1","_links":{"self":[{"href":"https:\/\/www.bghaber.org\/bghaber\/wp-json\/wp\/v2\/posts\/26738","targetHints":{"allow":["GET"]}}],"collection":[{"href":"https:\/\/www.bghaber.org\/bghaber\/wp-json\/wp\/v2\/posts"}],"about":[{"href":"https:\/\/www.bghaber.org\/bghaber\/wp-json\/wp\/v2\/types\/post"}],"author":[{"embeddable":true,"href":"https:\/\/www.bghaber.org\/bghaber\/wp-json\/wp\/v2\/users\/29"}],"replies":[{"embeddable":true,"href":"https:\/\/www.bghaber.org\/bghaber\/wp-json\/wp\/v2\/comments?post=26738"}],"version-history":[{"count":0,"href":"https:\/\/www.bghaber.org\/bghaber\/wp-json\/wp\/v2\/posts\/26738\/revisions"}],"wp:featuredmedia":[{"embeddable":true,"href":"https:\/\/www.bghaber.org\/bghaber\/wp-json\/wp\/v2\/media\/26739"}],"wp:attachment":[{"href":"https:\/\/www.bghaber.org\/bghaber\/wp-json\/wp\/v2\/media?parent=26738"}],"wp:term":[{"taxonomy":"category","embeddable":true,"href":"https:\/\/www.bghaber.org\/bghaber\/wp-json\/wp\/v2\/categories?post=26738"},{"taxonomy":"post_tag","embeddable":true,"href":"https:\/\/www.bghaber.org\/bghaber\/wp-json\/wp\/v2\/tags?post=26738"}],"curies":[{"name":"wp","href":"https:\/\/api.w.org\/{rel}","templated":true}]}}