{"id":26735,"date":"2018-02-03T10:29:04","date_gmt":"2018-02-03T07:29:04","guid":{"rendered":"http:\/\/www.bghaber.org\/bghaber\/?p=26735"},"modified":"2019-07-10T17:55:34","modified_gmt":"2019-07-10T15:55:34","slug":"dunya-sulak-alanlar-gunu-kutlaniyor","status":"publish","type":"post","link":"https:\/\/www.bghaber.org\/bghaber\/dunya-sulak-alanlar-gunu-kutlaniyor\/","title":{"rendered":"D\u00fcnya Sulak Alanlar G\u00fcn\u00fc kutlan\u0131yor"},"content":{"rendered":"<p>Ramsar S\u00f6zle\u015fmesinin imzaland\u0131\u011f\u0131 1971 y\u0131l\u0131ndan bu yana Bulgaristan, 2 \u015eubat&#8217;ta D\u00fcnya Sulak Alanlar G\u00fcn\u00fcn\u00fc kutlayan \u00fclkelerden biridir.<\/p>\n<p>D\u00fcnya \u00e7ap\u0131nda oldu\u011fu gibi Bulgaristan&#8217;da da XX. y\u00fczy\u0131lda bu hassas eko sistemlerin b\u00fcy\u00fck bir b\u00f6l\u00fcm\u00fc kurutuldu veya b\u00fcy\u00fck \u00f6l\u00e7\u00fcde de\u011fi\u015ftirildi. Bulgaristan&#8217;da toplam b\u00fcy\u00fckl\u00fc\u011f\u00fc 20 kat azalan sulak alanlar, \u015fu an itibari ile \u00fclke topraklar\u0131n\u0131n ancak y\u00fczde 0,8&#8217;ini te\u015fkil ediyorlar.<\/p>\n<p>G\u00fcn\u00fcm\u00fczde en b\u00fcy\u00fck sulak alanlar yasa ile koruma alt\u0131na al\u0131nm\u0131\u015f durumda. Devletin bu y\u00f6ndeki \u00e7al\u0131\u015fmalar\u0131 2013-2022 d\u00f6nemine ili\u015fkin Ulusal Sulak Alanlar\u0131 Koruma Plan\u0131 ile d\u00fczenlenmi\u015ftir.<\/p>\n<p>&nbsp;<\/p>\n<p>BNR<\/p>\n<div id=\"bghab-3923038755\" class=\"bghab-yazi-altinda bghab-entity-placement\"><script async src=\"https:\/\/pagead2.googlesyndication.com\/pagead\/js\/adsbygoogle.js\"><\/script>\r\n<!-- bghaber-yaz\u0131-sonu -->\r\n<ins class=\"adsbygoogle\"\r\n     style=\"display:block\"\r\n     data-ad-client=\"ca-pub-6203283170189293\"\r\n     data-ad-slot=\"4222328180\"\r\n     data-ad-format=\"auto\"\r\n     data-full-width-responsive=\"true\"><\/ins>\r\n<script>\r\n     (adsbygoogle = window.adsbygoogle || []).push({});\r\n<\/script><\/div><br style=\"clear: both; display: block; float: none;\"\/>","protected":false},"excerpt":{"rendered":"<p>Ramsar S\u00f6zle\u015fmesinin imzaland\u0131\u011f\u0131 1971 y\u0131l\u0131ndan bu yana Bulgaristan, 2 \u015eubat&#8217;ta D\u00fcnya Sulak Alanlar G\u00fcn\u00fcn\u00fc kutlayan \u00fclkelerden biridir. D\u00fcnya \u00e7ap\u0131nda oldu\u011fu gibi Bulgaristan&#8217;da da XX. y\u00fczy\u0131lda<\/p>\n","protected":false},"author":29,"featured_media":26736,"comment_status":"closed","ping_status":"closed","sticky":false,"template":"","format":"standard","meta":{"advanced_seo_description":"","jetpack_seo_html_title":"","jetpack_seo_noindex":false,"jetpack_seo_schema_type":"","_jetpack_newsletter_access":"","_jetpack_dont_email_post_to_subs":false,"_jetpack_newsletter_tier_id":0,"_jetpack_memberships_contains_paywalled_content":false,"_jetpack_feature_clip_id":0,"_jetpack_memberships_contains_paid_content":false,"footnotes":"","jetpack_post_was_ever_published":false},"categories":[10],"tags":[],"class_list":["post-26735","post","type-post","status-publish","format-standard","has-post-thumbnail","hentry","category-kultur-sanat"],"jetpack_sharing_enabled":true,"jetpack_likes_enabled":true,"jetpack-related-posts":[],"jetpack_shortlink":"https:\/\/wp.me\/pc2PfJ-6Xd","jetpack_featured_media_url":"https:\/\/i0.wp.com\/www.bghaber.org\/bghaber\/wp-content\/uploads\/2018\/02\/dunya-sulak-gunu-2-subat.jpg?fit=853%2C480&ssl=1","_links":{"self":[{"href":"https:\/\/www.bghaber.org\/bghaber\/wp-json\/wp\/v2\/posts\/26735","targetHints":{"allow":["GET"]}}],"collection":[{"href":"https:\/\/www.bghaber.org\/bghaber\/wp-json\/wp\/v2\/posts"}],"about":[{"href":"https:\/\/www.bghaber.org\/bghaber\/wp-json\/wp\/v2\/types\/post"}],"author":[{"embeddable":true,"href":"https:\/\/www.bghaber.org\/bghaber\/wp-json\/wp\/v2\/users\/29"}],"replies":[{"embeddable":true,"href":"https:\/\/www.bghaber.org\/bghaber\/wp-json\/wp\/v2\/comments?post=26735"}],"version-history":[{"count":0,"href":"https:\/\/www.bghaber.org\/bghaber\/wp-json\/wp\/v2\/posts\/26735\/revisions"}],"wp:featuredmedia":[{"embeddable":true,"href":"https:\/\/www.bghaber.org\/bghaber\/wp-json\/wp\/v2\/media\/26736"}],"wp:attachment":[{"href":"https:\/\/www.bghaber.org\/bghaber\/wp-json\/wp\/v2\/media?parent=26735"}],"wp:term":[{"taxonomy":"category","embeddable":true,"href":"https:\/\/www.bghaber.org\/bghaber\/wp-json\/wp\/v2\/categories?post=26735"},{"taxonomy":"post_tag","embeddable":true,"href":"https:\/\/www.bghaber.org\/bghaber\/wp-json\/wp\/v2\/tags?post=26735"}],"curies":[{"name":"wp","href":"https:\/\/api.w.org\/{rel}","templated":true}]}}