{"id":26734,"date":"2018-02-03T10:34:13","date_gmt":"2018-02-03T07:34:13","guid":{"rendered":"http:\/\/www.bghaber.org\/bghaber\/?p=26734"},"modified":"2019-07-10T17:55:33","modified_gmt":"2019-07-10T15:55:33","slug":"radev-istanbul-sozlesmesinin-onaylanmasina-karsi-cikti","status":"publish","type":"post","link":"https:\/\/www.bghaber.org\/bghaber\/radev-istanbul-sozlesmesinin-onaylanmasina-karsi-cikti\/","title":{"rendered":"Radev, \u0130stanbul S\u00f6zle\u015fmesi\u2019nin onaylanmas\u0131na kar\u015f\u0131 \u00e7\u0131kt\u0131"},"content":{"rendered":"<p>Bulgaristan\u2019\u0131n AB Konseyi D\u00f6nem Ba\u015fkanl\u0131\u011f\u0131\u2019n\u0131n resmi a\u00e7\u0131l\u0131\u011f\u0131 i\u00e7in bulundu\u011fu Br\u00fcksel\u2019de Cumhurba\u015fkan\u0131 Rumen Radev, gazetecilere konu\u015farak \u0130stanbul S\u00f6zle\u015fmesi\u2019nin onaylanmas\u0131na kesin bir \u015fekilde kar\u015f\u0131 \u00e7\u0131kt\u0131\u011f\u0131n\u0131 bildirdi.<\/p>\n<p>Cumhurba\u015fkan\u0131na g\u00f6re bir s\u00f6zle\u015fme, \u015fiddeti \u00f6nleyemez, toplum ise bu soruna milli yasalarla, polis ve mahkemenin uygun eylemleriyle ve her \u015feyden \u00e7ok iyi terbiyeyle kar\u015f\u0131 \u00e7\u0131kabiliyor.<\/p>\n<p>Cumhurba\u015fkan\u0131, bu konuda toplumun zaman\u0131n\u0131, enerjisini ve kaynaklar\u0131n\u0131 alacak bir referandumun yap\u0131lmamas\u0131n\u0131 bekledi\u011fini ifade etti.<\/p>\n<p>&nbsp;<\/p>\n<p>BNR<\/p>\n<div id=\"bghab-4177148925\" class=\"bghab-yazi-altinda bghab-entity-placement\"><script async src=\"https:\/\/pagead2.googlesyndication.com\/pagead\/js\/adsbygoogle.js\"><\/script>\r\n<!-- bghaber-yaz\u0131-sonu -->\r\n<ins class=\"adsbygoogle\"\r\n     style=\"display:block\"\r\n     data-ad-client=\"ca-pub-6203283170189293\"\r\n     data-ad-slot=\"4222328180\"\r\n     data-ad-format=\"auto\"\r\n     data-full-width-responsive=\"true\"><\/ins>\r\n<script>\r\n     (adsbygoogle = window.adsbygoogle || []).push({});\r\n<\/script><\/div><br style=\"clear: both; display: block; float: none;\"\/>","protected":false},"excerpt":{"rendered":"<p>Bulgaristan\u2019\u0131n AB Konseyi D\u00f6nem Ba\u015fkanl\u0131\u011f\u0131\u2019n\u0131n resmi a\u00e7\u0131l\u0131\u011f\u0131 i\u00e7in bulundu\u011fu Br\u00fcksel\u2019de Cumhurba\u015fkan\u0131 Rumen Radev, gazetecilere konu\u015farak \u0130stanbul S\u00f6zle\u015fmesi\u2019nin onaylanmas\u0131na kesin bir \u015fekilde kar\u015f\u0131 \u00e7\u0131kt\u0131\u011f\u0131n\u0131 bildirdi. Cumhurba\u015fkan\u0131na<\/p>\n","protected":false},"author":29,"featured_media":25832,"comment_status":"closed","ping_status":"closed","sticky":false,"template":"","format":"standard","meta":{"advanced_seo_description":"","jetpack_seo_html_title":"","jetpack_seo_noindex":false,"jetpack_seo_schema_type":"","_jetpack_newsletter_access":"","_jetpack_dont_email_post_to_subs":false,"_jetpack_newsletter_tier_id":0,"_jetpack_memberships_contains_paywalled_content":false,"_jetpack_feature_clip_id":0,"_jetpack_memberships_contains_paid_content":false,"footnotes":"","jetpack_post_was_ever_published":false},"categories":[1,4],"tags":[],"class_list":["post-26734","post","type-post","status-publish","format-standard","has-post-thumbnail","hentry","category-haberler","category-siyaset"],"jetpack_sharing_enabled":true,"jetpack_likes_enabled":true,"jetpack-related-posts":[],"jetpack_shortlink":"https:\/\/wp.me\/pc2PfJ-6Xc","jetpack_featured_media_url":"https:\/\/i0.wp.com\/www.bghaber.org\/bghaber\/wp-content\/uploads\/2018\/01\/rumen-radev-bulgaristan-cumhurbaskani-2017.jpg?fit=650%2C366&ssl=1","_links":{"self":[{"href":"https:\/\/www.bghaber.org\/bghaber\/wp-json\/wp\/v2\/posts\/26734","targetHints":{"allow":["GET"]}}],"collection":[{"href":"https:\/\/www.bghaber.org\/bghaber\/wp-json\/wp\/v2\/posts"}],"about":[{"href":"https:\/\/www.bghaber.org\/bghaber\/wp-json\/wp\/v2\/types\/post"}],"author":[{"embeddable":true,"href":"https:\/\/www.bghaber.org\/bghaber\/wp-json\/wp\/v2\/users\/29"}],"replies":[{"embeddable":true,"href":"https:\/\/www.bghaber.org\/bghaber\/wp-json\/wp\/v2\/comments?post=26734"}],"version-history":[{"count":0,"href":"https:\/\/www.bghaber.org\/bghaber\/wp-json\/wp\/v2\/posts\/26734\/revisions"}],"wp:featuredmedia":[{"embeddable":true,"href":"https:\/\/www.bghaber.org\/bghaber\/wp-json\/wp\/v2\/media\/25832"}],"wp:attachment":[{"href":"https:\/\/www.bghaber.org\/bghaber\/wp-json\/wp\/v2\/media?parent=26734"}],"wp:term":[{"taxonomy":"category","embeddable":true,"href":"https:\/\/www.bghaber.org\/bghaber\/wp-json\/wp\/v2\/categories?post=26734"},{"taxonomy":"post_tag","embeddable":true,"href":"https:\/\/www.bghaber.org\/bghaber\/wp-json\/wp\/v2\/tags?post=26734"}],"curies":[{"name":"wp","href":"https:\/\/api.w.org\/{rel}","templated":true}]}}