{"id":26731,"date":"2018-02-03T10:23:16","date_gmt":"2018-02-03T07:23:16","guid":{"rendered":"http:\/\/www.bghaber.org\/bghaber\/?p=26731"},"modified":"2019-07-10T17:55:34","modified_gmt":"2019-07-10T15:55:34","slug":"yolsuzluk-suclarina-iliskin-veriler-ortak-bir-sitede-yayinlanacak","status":"publish","type":"post","link":"https:\/\/www.bghaber.org\/bghaber\/yolsuzluk-suclarina-iliskin-veriler-ortak-bir-sitede-yayinlanacak\/","title":{"rendered":"Yolsuzluk su\u00e7lar\u0131na ili\u015fkin veriler ortak bir sitede yay\u0131nlanacak"},"content":{"rendered":"<p>Ba\u015fbakanl\u0131k Bas\u0131n Merkezinden verilen bilgiye g\u00f6re Yolsuzlukla M\u00fccadele Politikalar\u0131 Ulusal Konseyi, yolsuzlukla m\u00fccadele ile ilgili bilgilerin konseyin web sitesinde \u00f6zel bir b\u00f6l\u00fcmde verilmesi karar\u0131 ald\u0131. \u015eu anda \u00fc\u00e7 kurum faaliyetine dair bilgileri \u00f6zetlemektedir, ancak bu bilgiler tek bir elden a\u00e7\u0131k eri\u015fime sunulmamaktad\u0131r.<\/p>\n<p>\u015eimdi Savc\u0131l\u0131k ve Y\u00fcksek Temyiz Mahkemesi, soru\u015fturma ve \u00fcst d\u00fczey yolsuzlukla ilgili su\u00e7 duyurular\u0131 hakk\u0131nda ve bu t\u00fcr su\u00e7lara ili\u015fkin davalarla ilgili geli\u015fmelere dair \u00f6zet verileri yay\u0131nlamaktad\u0131r.<\/p>\n<p>Adalet Bakanl\u0131\u011f\u0131, verilen cezalar\u0131n infaz\u0131 hakk\u0131nda bilgi sa\u011flayacakt\u0131r. B\u00f6ylece yolsuzluk davalar\u0131nda kaydedilen ilerlemeye dair bilgilerin tek elden verilmesi sa\u011flanacakt\u0131r. Her kurum masumiyet karinesi, soru\u015fturma gizlili\u011fi, ki\u015fisel veri korunmas\u0131n\u0131 g\u00f6zeterek, siteye veri g\u00f6nderecektir.<\/p>\n<p>Ba\u015fbakan Yard\u0131mc\u0131s\u0131 Ekaterina Zaharieva\u2019n\u0131n ba\u015fkanl\u0131\u011f\u0131nda ger\u00e7ekle\u015ftirilen konsey toplant\u0131s\u0131nda Y\u00fcksek Temyiz Mahkemesi Ba\u015fkan\u0131 Lozan Panov, Adalet Bakan\u0131 Tsetska Tsa\u00e7eva, Ba\u015fsavc\u0131 Yard\u0131mc\u0131s\u0131 Maria \u015ei\u015fkova, Yolsuzlu\u011fu \u00d6nleme Merkezinin b\u00fcnyesine ta\u015f\u0131nd\u0131\u011f\u0131 Yolsuzlukla M\u00fccadele ve Yasad\u0131\u015f\u0131 Yollardan Edinilen Varl\u0131klar\u0131n M\u00fcsadere Edilmesi Komisyonu Ba\u015fkan\u0131 Plamen Georgiev, bakan yard\u0131mc\u0131lar\u0131, Y\u00fcksek Yarg\u0131 Kurulu M\u00fcfetti\u015fli\u011fi\u2019nde g\u00f6revli bir m\u00fcfetti\u015f, Ba\u015fbakanl\u0131\u011f\u0131 Ba\u015fm\u00fcfetti\u015fli\u011fi Ba\u015fkan\u0131 ve sivil toplum kurulu\u015flar\u0131n\u0131n temsilcileri haz\u0131r bulundu.<\/p>\n<p>&nbsp;<\/p>\n<p>K\u0131rcaali Haber<\/p><div id=\"bghab-3343595047\" class=\"bghab-icerik-icine bghab-entity-placement\"><script async src=\"\/\/pagead2.googlesyndication.com\/pagead\/js\/adsbygoogle.js?client=ca-pub-6203283170189293\" crossorigin=\"anonymous\"><\/script><ins class=\"adsbygoogle\" style=\"display:block; text-align:center;\" data-ad-client=\"ca-pub-6203283170189293\" \ndata-ad-slot=\"7303146466\" \ndata-ad-layout=\"in-article\"\ndata-ad-format=\"fluid\" data-full-width-responsive=\"true\"><\/ins>\n<script> \n(adsbygoogle = window.adsbygoogle || []).push({}); \n<\/script>\n<\/div>\n<div id=\"bghab-2227597398\" class=\"bghab-yazi-altinda bghab-entity-placement\"><script async src=\"https:\/\/pagead2.googlesyndication.com\/pagead\/js\/adsbygoogle.js\"><\/script>\r\n<!-- bghaber-yaz\u0131-sonu -->\r\n<ins class=\"adsbygoogle\"\r\n     style=\"display:block\"\r\n     data-ad-client=\"ca-pub-6203283170189293\"\r\n     data-ad-slot=\"4222328180\"\r\n     data-ad-format=\"auto\"\r\n     data-full-width-responsive=\"true\"><\/ins>\r\n<script>\r\n     (adsbygoogle = window.adsbygoogle || []).push({});\r\n<\/script><\/div><br style=\"clear: both; display: block; float: none;\"\/>","protected":false},"excerpt":{"rendered":"<p>Ba\u015fbakanl\u0131k Bas\u0131n Merkezinden verilen bilgiye g\u00f6re Yolsuzlukla M\u00fccadele Politikalar\u0131 Ulusal Konseyi, yolsuzlukla m\u00fccadele ile ilgili bilgilerin konseyin web sitesinde \u00f6zel bir b\u00f6l\u00fcmde verilmesi karar\u0131 ald\u0131.<\/p>\n","protected":false},"author":29,"featured_media":26732,"comment_status":"closed","ping_status":"closed","sticky":false,"template":"","format":"standard","meta":{"advanced_seo_description":"","jetpack_seo_html_title":"","jetpack_seo_noindex":false,"jetpack_seo_schema_type":"","_jetpack_newsletter_access":"","_jetpack_dont_email_post_to_subs":false,"_jetpack_newsletter_tier_id":0,"_jetpack_memberships_contains_paywalled_content":false,"_jetpack_feature_clip_id":0,"_jetpack_memberships_contains_paid_content":false,"footnotes":"","jetpack_post_was_ever_published":false},"categories":[1,4],"tags":[],"class_list":["post-26731","post","type-post","status-publish","format-standard","has-post-thumbnail","hentry","category-haberler","category-siyaset"],"jetpack_sharing_enabled":true,"jetpack_likes_enabled":true,"jetpack-related-posts":[],"jetpack_shortlink":"https:\/\/wp.me\/pc2PfJ-6X9","jetpack_featured_media_url":"https:\/\/i0.wp.com\/www.bghaber.org\/bghaber\/wp-content\/uploads\/2018\/02\/bulgaristan-adalet-bakani-Tsetska-Tsaceva-yardimcisi-maria-siskova.jpg?fit=860%2C484&ssl=1","_links":{"self":[{"href":"https:\/\/www.bghaber.org\/bghaber\/wp-json\/wp\/v2\/posts\/26731","targetHints":{"allow":["GET"]}}],"collection":[{"href":"https:\/\/www.bghaber.org\/bghaber\/wp-json\/wp\/v2\/posts"}],"about":[{"href":"https:\/\/www.bghaber.org\/bghaber\/wp-json\/wp\/v2\/types\/post"}],"author":[{"embeddable":true,"href":"https:\/\/www.bghaber.org\/bghaber\/wp-json\/wp\/v2\/users\/29"}],"replies":[{"embeddable":true,"href":"https:\/\/www.bghaber.org\/bghaber\/wp-json\/wp\/v2\/comments?post=26731"}],"version-history":[{"count":0,"href":"https:\/\/www.bghaber.org\/bghaber\/wp-json\/wp\/v2\/posts\/26731\/revisions"}],"wp:featuredmedia":[{"embeddable":true,"href":"https:\/\/www.bghaber.org\/bghaber\/wp-json\/wp\/v2\/media\/26732"}],"wp:attachment":[{"href":"https:\/\/www.bghaber.org\/bghaber\/wp-json\/wp\/v2\/media?parent=26731"}],"wp:term":[{"taxonomy":"category","embeddable":true,"href":"https:\/\/www.bghaber.org\/bghaber\/wp-json\/wp\/v2\/categories?post=26731"},{"taxonomy":"post_tag","embeddable":true,"href":"https:\/\/www.bghaber.org\/bghaber\/wp-json\/wp\/v2\/tags?post=26731"}],"curies":[{"name":"wp","href":"https:\/\/api.w.org\/{rel}","templated":true}]}}