{"id":26729,"date":"2018-02-03T10:20:52","date_gmt":"2018-02-03T07:20:52","guid":{"rendered":"http:\/\/www.bghaber.org\/bghaber\/?p=26729"},"modified":"2019-07-10T17:55:34","modified_gmt":"2019-07-10T15:55:34","slug":"schengene-girmememiz-icin-bahane-ariyorlar","status":"publish","type":"post","link":"https:\/\/www.bghaber.org\/bghaber\/schengene-girmememiz-icin-bahane-ariyorlar\/","title":{"rendered":"Schengen\u2019e girmememiz i\u00e7in bahane ar\u0131yorlar"},"content":{"rendered":"<p>Ba\u015fbakan Boyko Borisov, Br\u00fcksel\u2019de sundu\u011fu \u201cBalkanlar&#8217;da Yeni Bir Rol &#8211; Daha Fazla G\u00fcvenlik ve Daha \u0130yi G\u00f6\u00e7 Y\u00f6netimi i\u00e7in \u00c7\u00f6z\u00fcmler\u201d konulu konferans\u0131nda Bat\u0131 Avrupal\u0131 liderlerini, Bulgaristan&#8217;\u0131n Schengen Alan\u0131\u2019na kabul edilmemesi i\u00e7in bahane aramakla su\u00e7lad\u0131.<\/p>\n<p>Bulgaristan\u2019\u0131n, d\u00fcnya sahnesindeki b\u00fcy\u00fck oyuncular\u0131n hatalar\u0131n\u0131n bedelini \u00f6dedi\u011fini kaydeden Borisov, \u015funlar\u0131 belirtti: \u201cD\u0131\u015f politikada ba\u015far\u0131s\u0131zl\u0131\u011f\u0131m\u0131z, d\u00fcnyadaki jeostratejik oyuncular\u0131n \u00e7\u0131karlar\u0131n\u0131 korumas\u0131na, ya da onlara hizmet etmesine izin verilmesi &#8211; asl\u0131nda her \u015fey alt\u00fcst oldu ve Avrupa&#8217;da bir sorun haline geldi. Bunun modern olmad\u0131\u011f\u0131n\u0131 biliyorum, bunu konu\u015fman\u0131n tehlikeli oldu\u011funu biliyorum, ama bu do\u011fru ve \u015fimdiye kadar hi\u00e7 kimse g\u00f6r\u00fc\u015f\u00fcm\u00fc \u00e7\u00fcr\u00fctemedi\u201d.<\/p>\n<p>Borisov, Bulgaristan\u2019\u0131n, birka\u00e7 h\u00fck\u00fcmeti taraf\u0131ndan s\u0131n\u0131ra tel \u00f6rg\u00fc \u00f6rmesiyle h\u0131zl\u0131 bir ba\u015far\u0131 \u00f6rne\u011fi oldu\u011funu belirtti.<\/p>\n<p>Ba\u015fbakan, \u201cY\u00fcz milyonlarca para harcad\u0131k. Elbette bu vesileyle t\u00fcm mevkida\u015flar\u0131m\u0131n bu paran\u0131n sa\u011flanmas\u0131n\u0131 onaylad\u0131\u011f\u0131 Bratislava&#8217;da yap\u0131lan AB Konseyi&#8217;ne te\u015fekk\u00fcr ederim\u201d diye s\u00f6zlerine ekledi.<\/p>\n<p>B\u00fcy\u00fck bir haks\u0131zl\u0131k oldu\u011funu s\u00f6yleyen Boyko Borisov, \u201cEn iyi korunan s\u0131n\u0131r, bir devlete bu kadar milyar para harcanmas\u0131 ve sonu\u00e7ta bu, \u00e7ok az etki yaratt\u0131. Var olmayan uydurma nedenlerle Schengen Alan\u0131\u2019na kabul edilmememiz adil de\u011fil\u201d diye konu\u015ftu.<\/p><div id=\"bghab-3568215653\" class=\"bghab-icerik-icine bghab-entity-placement\"><script async src=\"\/\/pagead2.googlesyndication.com\/pagead\/js\/adsbygoogle.js?client=ca-pub-6203283170189293\" crossorigin=\"anonymous\"><\/script><ins class=\"adsbygoogle\" style=\"display:block; text-align:center;\" data-ad-client=\"ca-pub-6203283170189293\" \ndata-ad-slot=\"7303146466\" \ndata-ad-layout=\"in-article\"\ndata-ad-format=\"fluid\" data-full-width-responsive=\"true\"><\/ins>\n<script> \n(adsbygoogle = window.adsbygoogle || []).push({}); \n<\/script>\n<\/div>\n<p>Ba\u015fbakan, daha bug\u00fcn Bat\u0131 Balkan \u00fclkelerine AB \u00fcyeli\u011fi perspektifi sunulmas\u0131 gerekti\u011fini d\u00fc\u015f\u00fcn\u00fcyor.<\/p>\n<p>Bundan \u00f6nce Ba\u015fbakan Borisov, Br\u00fcksel\u2019de Avrupa Yat\u0131r\u0131m Bankas\u0131 Ba\u015fkan\u0131 Werner Hoyer ile resmi bir g\u00f6r\u00fc\u015fme ger\u00e7ekle\u015ftirdi. G\u00f6r\u00fc\u015fmede Bat\u0131 Balkanlar ve AB aras\u0131nda ba\u011flant\u0131 projeleri konusunda i\u015fbirli\u011fi olas\u0131l\u0131klar\u0131 \u00fczerinde duruldu.<\/p>\n<p>&nbsp;<\/p>\n<p>K\u0131rcaali Haber<\/p>\n<div id=\"bghab-3200354832\" class=\"bghab-yazi-altinda bghab-entity-placement\"><script async src=\"https:\/\/pagead2.googlesyndication.com\/pagead\/js\/adsbygoogle.js\"><\/script>\r\n<!-- bghaber-yaz\u0131-sonu -->\r\n<ins class=\"adsbygoogle\"\r\n     style=\"display:block\"\r\n     data-ad-client=\"ca-pub-6203283170189293\"\r\n     data-ad-slot=\"4222328180\"\r\n     data-ad-format=\"auto\"\r\n     data-full-width-responsive=\"true\"><\/ins>\r\n<script>\r\n     (adsbygoogle = window.adsbygoogle || []).push({});\r\n<\/script><\/div><br style=\"clear: both; display: block; float: none;\"\/>","protected":false},"excerpt":{"rendered":"<p>Ba\u015fbakan Boyko Borisov, Br\u00fcksel\u2019de sundu\u011fu \u201cBalkanlar&#8217;da Yeni Bir Rol &#8211; Daha Fazla G\u00fcvenlik ve Daha \u0130yi G\u00f6\u00e7 Y\u00f6netimi i\u00e7in \u00c7\u00f6z\u00fcmler\u201d konulu konferans\u0131nda Bat\u0131 Avrupal\u0131 liderlerini,<\/p>\n","protected":false},"author":29,"featured_media":13881,"comment_status":"closed","ping_status":"closed","sticky":false,"template":"","format":"standard","meta":{"advanced_seo_description":"","jetpack_seo_html_title":"","jetpack_seo_noindex":false,"jetpack_seo_schema_type":"","_jetpack_newsletter_access":"","_jetpack_dont_email_post_to_subs":false,"_jetpack_newsletter_tier_id":0,"_jetpack_memberships_contains_paywalled_content":false,"_jetpack_feature_clip_id":0,"_jetpack_memberships_contains_paid_content":false,"footnotes":"","jetpack_post_was_ever_published":false},"categories":[1,4],"tags":[],"class_list":["post-26729","post","type-post","status-publish","format-standard","has-post-thumbnail","hentry","category-haberler","category-siyaset"],"jetpack_sharing_enabled":true,"jetpack_likes_enabled":true,"jetpack-related-posts":[],"jetpack_shortlink":"https:\/\/wp.me\/pc2PfJ-6X7","jetpack_featured_media_url":"https:\/\/i0.wp.com\/www.bghaber.org\/bghaber\/wp-content\/uploads\/2015\/02\/boyko-bg.jpg?fit=610%2C343&ssl=1","_links":{"self":[{"href":"https:\/\/www.bghaber.org\/bghaber\/wp-json\/wp\/v2\/posts\/26729","targetHints":{"allow":["GET"]}}],"collection":[{"href":"https:\/\/www.bghaber.org\/bghaber\/wp-json\/wp\/v2\/posts"}],"about":[{"href":"https:\/\/www.bghaber.org\/bghaber\/wp-json\/wp\/v2\/types\/post"}],"author":[{"embeddable":true,"href":"https:\/\/www.bghaber.org\/bghaber\/wp-json\/wp\/v2\/users\/29"}],"replies":[{"embeddable":true,"href":"https:\/\/www.bghaber.org\/bghaber\/wp-json\/wp\/v2\/comments?post=26729"}],"version-history":[{"count":0,"href":"https:\/\/www.bghaber.org\/bghaber\/wp-json\/wp\/v2\/posts\/26729\/revisions"}],"wp:featuredmedia":[{"embeddable":true,"href":"https:\/\/www.bghaber.org\/bghaber\/wp-json\/wp\/v2\/media\/13881"}],"wp:attachment":[{"href":"https:\/\/www.bghaber.org\/bghaber\/wp-json\/wp\/v2\/media?parent=26729"}],"wp:term":[{"taxonomy":"category","embeddable":true,"href":"https:\/\/www.bghaber.org\/bghaber\/wp-json\/wp\/v2\/categories?post=26729"},{"taxonomy":"post_tag","embeddable":true,"href":"https:\/\/www.bghaber.org\/bghaber\/wp-json\/wp\/v2\/tags?post=26729"}],"curies":[{"name":"wp","href":"https:\/\/api.w.org\/{rel}","templated":true}]}}