{"id":26727,"date":"2018-02-03T10:19:45","date_gmt":"2018-02-03T07:19:45","guid":{"rendered":"http:\/\/www.bghaber.org\/bghaber\/?p=26727"},"modified":"2019-07-10T17:55:34","modified_gmt":"2019-07-10T15:55:34","slug":"radev-ekim-ve-dikim-materyalleri-kanununu-veto-etti","status":"publish","type":"post","link":"https:\/\/www.bghaber.org\/bghaber\/radev-ekim-ve-dikim-materyalleri-kanununu-veto-etti\/","title":{"rendered":"Radev, Ekim ve Dikim Materyalleri Kanunu\u2019nu veto etti"},"content":{"rendered":"<p>Cumhurba\u015fkan\u0131 Rumen Radev, Ekim ve Dikim Materyalleri Kanunu\u2019nda yap\u0131lan de\u011fi\u015fikliklere itiraz ederek, yeniden g\u00f6r\u00fc\u015f\u00fclmesi i\u00e7in Meclise geri g\u00f6nderdi.<\/p>\n<p>Radev, tasar\u0131y\u0131 onun \u00e7er\u00e7evesinde Tar\u0131msal Arazi Koruma Kanunu&#8217;nda yap\u0131lan de\u011fi\u015fiklikler gerek\u00e7esiyle veto etti.<\/p>\n<p>Devlet Ba\u015fkan\u0131, arazi kullan\u0131m\u0131n\u0131 de\u011fi\u015ftirme kurallar\u0131na kar\u015f\u0131 \u00e7\u0131k\u0131yor.<\/p>\n<p>Rumen Radev&#8217;in ifadelerine g\u00f6re bu kurallar, devletin topraklar\u0131n \u00f6zel olarak korunmas\u0131na ili\u015fkin anayasal y\u00fck\u00fcml\u00fcl\u00fc\u011f\u00fcn\u00fc yerine getirmiyor ve i\u015flenebilir arazilerin kullan\u0131m\u0131n\u0131n, ancak ihtiya\u00e7 oldu\u011fu kan\u0131tland\u0131\u011f\u0131 zaman istisnai olarak de\u011fi\u015ftirilece\u011fi garantisini vermiyor.<\/p>\n<p>Devlet Ba\u015fkan\u0131\u2019n\u0131n ifadelerine g\u00f6re Anayasa&#8217;n\u0131n temel ilkelerine ili\u015fkin mevzuat de\u011fi\u015fiklikleri yasama s\u00fcrecinin t\u00fcm a\u015famalar\u0131ndan ge\u00e7melidir. Ancak bu \u015fekilde \u015feffafl\u0131k sa\u011flanabilir ve ilgili t\u00fcm taraflara g\u00f6r\u00fc\u015flerini ifade edebilme imkan\u0131 verilebilir.<\/p><div id=\"bghab-2295223063\" class=\"bghab-icerik-icine bghab-entity-placement\"><script async src=\"\/\/pagead2.googlesyndication.com\/pagead\/js\/adsbygoogle.js?client=ca-pub-6203283170189293\" crossorigin=\"anonymous\"><\/script><ins class=\"adsbygoogle\" style=\"display:block; text-align:center;\" data-ad-client=\"ca-pub-6203283170189293\" \ndata-ad-slot=\"7303146466\" \ndata-ad-layout=\"in-article\"\ndata-ad-format=\"fluid\" data-full-width-responsive=\"true\"><\/ins>\n<script> \n(adsbygoogle = window.adsbygoogle || []).push({}); \n<\/script>\n<\/div>\n<p>&nbsp;<\/p>\n<p>K\u0131rcaali Haber<\/p>\n<div id=\"bghab-1565953835\" class=\"bghab-yazi-altinda bghab-entity-placement\"><script async src=\"https:\/\/pagead2.googlesyndication.com\/pagead\/js\/adsbygoogle.js\"><\/script>\r\n<!-- bghaber-yaz\u0131-sonu -->\r\n<ins class=\"adsbygoogle\"\r\n     style=\"display:block\"\r\n     data-ad-client=\"ca-pub-6203283170189293\"\r\n     data-ad-slot=\"4222328180\"\r\n     data-ad-format=\"auto\"\r\n     data-full-width-responsive=\"true\"><\/ins>\r\n<script>\r\n     (adsbygoogle = window.adsbygoogle || []).push({});\r\n<\/script><\/div><br style=\"clear: both; display: block; float: none;\"\/>","protected":false},"excerpt":{"rendered":"<p>Cumhurba\u015fkan\u0131 Rumen Radev, Ekim ve Dikim Materyalleri Kanunu\u2019nda yap\u0131lan de\u011fi\u015fikliklere itiraz ederek, yeniden g\u00f6r\u00fc\u015f\u00fclmesi i\u00e7in Meclise geri g\u00f6nderdi. Radev, tasar\u0131y\u0131 onun \u00e7er\u00e7evesinde Tar\u0131msal Arazi Koruma<\/p>\n","protected":false},"author":29,"featured_media":25832,"comment_status":"closed","ping_status":"closed","sticky":false,"template":"","format":"standard","meta":{"advanced_seo_description":"","jetpack_seo_html_title":"","jetpack_seo_noindex":false,"jetpack_seo_schema_type":"","_jetpack_newsletter_access":"","_jetpack_dont_email_post_to_subs":false,"_jetpack_newsletter_tier_id":0,"_jetpack_memberships_contains_paywalled_content":false,"_jetpack_feature_clip_id":0,"_jetpack_memberships_contains_paid_content":false,"footnotes":"","jetpack_post_was_ever_published":false},"categories":[4],"tags":[],"class_list":["post-26727","post","type-post","status-publish","format-standard","has-post-thumbnail","hentry","category-siyaset"],"jetpack_sharing_enabled":true,"jetpack_likes_enabled":true,"jetpack-related-posts":[],"jetpack_shortlink":"https:\/\/wp.me\/pc2PfJ-6X5","jetpack_featured_media_url":"https:\/\/i0.wp.com\/www.bghaber.org\/bghaber\/wp-content\/uploads\/2018\/01\/rumen-radev-bulgaristan-cumhurbaskani-2017.jpg?fit=650%2C366&ssl=1","_links":{"self":[{"href":"https:\/\/www.bghaber.org\/bghaber\/wp-json\/wp\/v2\/posts\/26727","targetHints":{"allow":["GET"]}}],"collection":[{"href":"https:\/\/www.bghaber.org\/bghaber\/wp-json\/wp\/v2\/posts"}],"about":[{"href":"https:\/\/www.bghaber.org\/bghaber\/wp-json\/wp\/v2\/types\/post"}],"author":[{"embeddable":true,"href":"https:\/\/www.bghaber.org\/bghaber\/wp-json\/wp\/v2\/users\/29"}],"replies":[{"embeddable":true,"href":"https:\/\/www.bghaber.org\/bghaber\/wp-json\/wp\/v2\/comments?post=26727"}],"version-history":[{"count":0,"href":"https:\/\/www.bghaber.org\/bghaber\/wp-json\/wp\/v2\/posts\/26727\/revisions"}],"wp:featuredmedia":[{"embeddable":true,"href":"https:\/\/www.bghaber.org\/bghaber\/wp-json\/wp\/v2\/media\/25832"}],"wp:attachment":[{"href":"https:\/\/www.bghaber.org\/bghaber\/wp-json\/wp\/v2\/media?parent=26727"}],"wp:term":[{"taxonomy":"category","embeddable":true,"href":"https:\/\/www.bghaber.org\/bghaber\/wp-json\/wp\/v2\/categories?post=26727"},{"taxonomy":"post_tag","embeddable":true,"href":"https:\/\/www.bghaber.org\/bghaber\/wp-json\/wp\/v2\/tags?post=26727"}],"curies":[{"name":"wp","href":"https:\/\/api.w.org\/{rel}","templated":true}]}}